{"id":115600,"date":"2025-12-13T20:14:26","date_gmt":"2025-12-13T20:14:26","guid":{"rendered":"https:\/\/www.europesays.com\/fi\/115600\/"},"modified":"2025-12-13T20:14:26","modified_gmt":"2025-12-13T20:14:26","slug":"lahes-kaikki-eduskuntapuolueet-tukevat-paaministeri-orpon-ehdotusta-valtion-anteeksipyynnosta-saamelaisille-kotimaa","status":"publish","type":"post","link":"https:\/\/www.europesays.com\/fi\/115600\/","title":{"rendered":"L\u00e4hes kaikki eduskunta\u00adpuolueet tukevat p\u00e4\u00e4ministeri Orpon ehdotusta valtion anteeksi\u00adpyynn\u00f6st\u00e4 saamelaisille | Kotimaa"},"content":{"rendered":"<ul class=\"aw-1jjocuh iJTSwP yle__article__list yle__article__list--ul\">\n<li class=\"aw-1j7gwms gNYKfi\">P\u00e4\u00e4ministeri Petteri Orpo (kok) esitt\u00e4\u00e4 valtion anteeksipyynt\u00f6\u00e4 saamelaisille heihin kohdistuneista v\u00e4\u00e4ryyksist\u00e4.<\/li>\n<li class=\"aw-1j7gwms gNYKfi\">Useimmat eduskuntapuolueet kannattavat anteeksipyynt\u00f6\u00e4, mutta vaativat my\u00f6s tekoja saamelaisten oikeuksien parantamiseksi.<\/li>\n<li class=\"aw-1j7gwms gNYKfi\">Perussuomalaiset on ainoa eduskuntapuolue, joka vastustaa anteeksipyynt\u00f6\u00e4. Sen mielest\u00e4 asia ei kuulu en\u00e4\u00e4 nykyp\u00e4iv\u00e4\u00e4n.<\/li>\n<\/ul>\n<p class=\"aw-1gybjub aw-1p7kakr kEtdKx cEmitX yle__article__paragraph\">Kun saamelaisten totuus- ja sovintokomissio luovutti loppuraporttinsa viime viikolla, p\u00e4\u00e4ministeri <strong class=\"aw-ak79eh KyCXm yle__article__strong\">Petteri Orpo<\/strong> sanoi, ett\u00e4 valtion pit\u00e4\u00e4 pyyt\u00e4\u00e4 saamelaisilta anteeksi heihin kohdistuneista v\u00e4\u00e4ryyksist\u00e4. Saamelaisten kokemukset tulevat ilmi komission loppuraportissa.<\/p>\n<p class=\"aw-1gybjub aw-1p7kakr kEtdKx cEmitX yle__article__paragraph\">SDP:n puoluesihteeri <strong class=\"aw-ak79eh KyCXm yle__article__strong\">Mikkel N\u00e4kk\u00e4l\u00e4j\u00e4rvi<\/strong> sanoo anteeksipyynn\u00f6n olevan aiheellinen. Ensin kuitenkin tulee mietti\u00e4, milloin on oikea aika ja miten se tehd\u00e4\u00e4n, jotta anteeksipyynt\u00f6 olisi arvokas ja oikeanlainen.<\/p>\n<p class=\"aw-1gybjub aw-1p7kakr kEtdKx cEmitX yle__article__paragraph\">\u2013 Anteeksipyynt\u00f6 on t\u00e4rke\u00e4 asia ja ele, mutta v\u00e4hint\u00e4\u00e4n yht\u00e4 t\u00e4rke\u00e4\u00e4, ellei jopa t\u00e4rke\u00e4mp\u00e4\u00e4, on muut toimenpiteet, jotka sitten my\u00f6s tehd\u00e4\u00e4n, sanoo N\u00e4kk\u00e4l\u00e4j\u00e4rvi.<\/p>\n<p class=\"aw-1gybjub aw-1p7kakr kEtdKx cEmitX yle__article__paragraph\">Ruotsalaisen kansanpuolueen puheenjohtaja ja opetusministeri <strong class=\"aw-ak79eh KyCXm yle__article__strong\">Anders Adlercreutz<\/strong> sanoo anteeksipyynn\u00f6n olevan v\u00e4ltt\u00e4m\u00e4t\u00f6n. H\u00e4nest\u00e4 valtion on vastuullista ja oikein tunnustaa, ettei se ole hoitanut vastuutaan ja velvollisuuksiaan EU:n ainoaa tunnustettua alkuper\u00e4iskansaa kohtaan. H\u00e4nest\u00e4k\u00e4\u00e4n pelkk\u00e4 anteeksipyynt\u00f6 ei ole tarpeeksi.<\/p>\n<p class=\"aw-1gybjub aw-1p7kakr kEtdKx cEmitX yle__article__paragraph\">\u2013 Kyll\u00e4 siihen pit\u00e4\u00e4 tulla my\u00f6s lupaus ja vakuutus siit\u00e4, ett\u00e4 asioiden laitaa parannetaan. Ett\u00e4 olemme parempia n\u00e4iden asioiden huomioimisessa tulevaisuudessa.<\/p>\n<p><img decoding=\"async\" alt=\"Anders Adlercreutz seisoo ulkona syksyisess\u00e4 ymp\u00e4rist\u00f6ss\u00e4, taustalla n\u00e4kyy rakennus ja puiden ruskan s\u00e4vyj\u00e4.\" src=\"https:\/\/www.europesays.com\/fi\/wp-content\/uploads\/2025\/12\/39-154040068f38b446982d.jpeg\" loading=\"lazy\" class=\"aw-1l9m598 hKVVvP\"\/><\/p>\n<p>Avaa kuvien katselu<\/p>\n<p>Ruotsalaisen kansanpuoleen puheenjotaja Anders Adlercreutz n\u00e4kee anteeksipyynn\u00f6n t\u00e4rke\u00e4n\u00e4. Kuva: Mikko Koski \/ Yle<\/p>\n<p class=\"aw-1gybjub aw-1p7kakr kEtdKx cEmitX yle__article__paragraph\">Kokoomuksen kansanedustaja <strong class=\"aw-ak79eh KyCXm yle__article__strong\">Maaret Castr\u00e9n<\/strong> tukee Orpon n\u00e4kemyst\u00e4. H\u00e4n sanoo olevan arvokasta, kun p\u00e4\u00e4ministeri nostaa esille kansallisen vastuun. Castr\u00e9n toimii saamelaisten totuus- ja sovintokomission suosituksia arvioivan parlamentaarisen ty\u00f6ryhm\u00e4n puheenjohtajana.<\/p>\n<p class=\"aw-1gybjub aw-1p7kakr kEtdKx cEmitX yle__article__paragraph\">\u2013 Anteeksipyynt\u00f6 voi merkit\u00e4 paljon erityisesti heille, joita historialliset v\u00e4\u00e4ryydet ovat koskettaneet. Ajattelen, ett\u00e4 anteeksipyynt\u00f6 ei ole pelkk\u00e4 ele, vaan se kertoo koko kansalle, ett\u00e4 Suomi ottaa historian opit vakavasti, sanoo Castr\u00e9n.<\/p>\n<p class=\"aw-1gybjub aw-1p7kakr kEtdKx cEmitX yle__article__paragraph\">Castr\u00e9n kuitenkin lis\u00e4\u00e4, ett\u00e4 anteeksipyynn\u00f6n rinnalle tarvitaan konkreettisia tekoja.<\/p>\n<p class=\"aw-1gybjub aw-1p7kakr kEtdKx cEmitX yle__article__paragraph\">Vasemmistoliiton viestint\u00e4p\u00e4\u00e4llikk\u00f6 <strong class=\"aw-ak79eh KyCXm yle__article__strong\">Johanna Jussila<\/strong> kertoo, ettei heid\u00e4nk\u00e4\u00e4n mielest\u00e4 pelkk\u00e4 anteeksipyynt\u00f6 riit\u00e4. H\u00e4n n\u00e4kee, ett\u00e4 anteeksi olisi pit\u00e4nyt pyyt\u00e4\u00e4 jo vuosikymmeni\u00e4 sitten, kuten Norja ja Ruotsi ovat tehneet.<\/p>\n<p class=\"aw-1gybjub aw-1p7kakr kEtdKx cEmitX yle__article__paragraph\">Vasemmistoliitto tuo esiin, ett\u00e4 totuus- ja sovintokomission yhteydess\u00e4 tarjottua psykososiaalista tukea tulisi jatkaa saamelaisten tukemiseksi traumojen k\u00e4sittelyss\u00e4.<\/p>\n<p class=\"aw-1gybjub aw-1p7kakr kEtdKx cEmitX yle__article__paragraph\">\u2013 Ty\u00f6t\u00e4 on jatkettava my\u00f6s esimerkiksi ILO 169 -sopimuksen ratifioimiseksi, kirjoittaa Jussila.<\/p>\n<p>Perussuomalaisten mielest\u00e4 anteeksipyynt\u00f6 ei ole ajankohtaista<\/p>\n<p class=\"aw-1gybjub aw-1p7kakr kEtdKx cEmitX yle__article__paragraph\">Perussuomalaiset eiv\u00e4t ole vastanneet Ylen kyselyyn. Eduskuntaryhm\u00e4n puheenjohtaja <strong class=\"aw-ak79eh KyCXm yle__article__strong\">Jani M\u00e4kel\u00e4<\/strong> kertoi kuitenkin ajatuksistaan <a class=\"aw-iao6s4 iHOxEa yle__article__link\" href=\"https:\/\/www.hs.fi\/politiikka\/art-2000011671720.html\" role=\"link\" rel=\"nofollow noopener\" target=\"_blank\">Helsingin Sanomille<\/a> viime viikolla. H\u00e4n sanoi uskovansa muiden puoluelaisten olevan samalla linjalla.<\/p>\n<p class=\"aw-1gybjub aw-1p7kakr kEtdKx cEmitX yle__article__paragraph\">M\u00e4kel\u00e4n mielest\u00e4 anteeksipyynn\u00f6lle ei ole tarvetta. H\u00e4nen mielest\u00e4\u00e4n asia ei ole mitenk\u00e4\u00e4n kovin merkityksellinen eik\u00e4 kuulu nykyp\u00e4iv\u00e4\u00e4n ja saamelaiset ovat saaneet jo tarpeeksi kes\u00e4ll\u00e4 uudistuneen saamelaisk\u00e4r\u00e4j\u00e4lain my\u00f6t\u00e4.<\/p>\n<p class=\"aw-1gybjub aw-1p7kakr kEtdKx cEmitX yle__article__paragraph\">\u2013 Jos v\u00e4\u00e4rink\u00e4yt\u00f6ksi\u00e4 on ollut menneisyydess\u00e4, ne eiv\u00e4t ole asioita, joihin min\u00e4 olisin voinut vaikuttaa. Kenen puolesta pyyt\u00e4isin anteeksi? Eik\u00f6h\u00e4n ole aika menn\u00e4 eteenp\u00e4in, sanoo M\u00e4kel\u00e4.<\/p>\n<p class=\"aw-1gybjub aw-1p7kakr kEtdKx cEmitX yle__article__paragraph\">Vihreiden eduskuntaryhm\u00e4n puheenjohtaja <strong class=\"aw-ak79eh KyCXm yle__article__strong\">Oras Tynkkynen<\/strong> ei jaa M\u00e4kel\u00e4n n\u00e4kemyst\u00e4.<\/p>\n<p class=\"aw-1gybjub aw-1p7kakr kEtdKx cEmitX yle__article__paragraph\">\u2013 Anteeksipyynn\u00f6n arvo punnitaan sill\u00e4, miten se auttaa v\u00e4\u00e4ryyksi\u00e4 kokeneita saamelaisia \u2013 ei sill\u00e4, mit\u00e4 M\u00e4kel\u00e4 asiasta ajattelee,<a class=\"aw-iao6s4 iHOxEa yle__article__link\" href=\"https:\/\/www.sttinfo.fi\/tiedote\/71666719\/vihreiden-tynkkynen-tukee-orpoa-ja-tyrmaa-makelan-valinpitamattomyyden-saamelaisten-kokemista-vaaryyksista?publisherId=69818932\" role=\"link\" rel=\"nofollow noopener\" target=\"_blank\"> Tynkkynen kirjoittaa.<\/a><\/p>\n<p class=\"aw-1gybjub aw-1p7kakr kEtdKx cEmitX yle__article__paragraph\">My\u00f6s vihreiden varapuheenjohtaja <a class=\"aw-iao6s4 iHOxEa yle__article__link\" href=\"https:\/\/www.sttinfo.fi\/tiedote\/71663429\/kansanedustaja-jenni-pitko-petteri-orpolle-anteeksipyynto-saamelaisilta-ei-riita-jos-ei-ole-konkreettisia-tekoja?publisherId=69818932\" role=\"link\" rel=\"nofollow noopener\" target=\"_blank\"><strong class=\"aw-ak79eh KyCXm yle__article__strong\">Jenni Pitko<\/strong> on ottanut kantaa<\/a> ja on onnellinen, kun komission raportti on valmis. Pitko haluaa korostaa, ett\u00e4 kyse ei ole vain yksitt\u00e4isist\u00e4 toimista vaan kattavasta tarkastelusta, jossa on huomioitava paremmin saamelaisten oikeuksien toteutuminen kaikessa saamelaisia ja heid\u00e4n alkuper\u00e4iskansaoikeuksiaan koskevassa p\u00e4\u00e4t\u00f6ksenteossa.<\/p>\n<p>Kristillisdemokraatit, Keskusta ja Liike Nyt puoltavat anteeksipyynt\u00f6\u00e4<\/p>\n<p class=\"aw-1gybjub aw-1p7kakr kEtdKx cEmitX yle__article__paragraph\">Kristillisdemokraattien puoluesihteeri <strong class=\"aw-ak79eh KyCXm yle__article__strong\">Mikko Rekimies<\/strong> sanoo heid\u00e4n puolueensa tukevan p\u00e4\u00e4ministeri\u00e4.<\/p>\n<p class=\"aw-1gybjub aw-1p7kakr kEtdKx cEmitX yle__article__paragraph\">Samoin Keskustan puheenjohtaja <strong class=\"aw-ak79eh KyCXm yle__article__strong\">Antti Kaikkonen<\/strong> sanoo anteeksipyynn\u00f6n olevan paikallaan.<\/p>\n<p class=\"aw-1gybjub aw-1p7kakr kEtdKx cEmitX yle__article__paragraph\">Liike Nyt -puolueen puoluesihteeri <strong class=\"aw-ak79eh KyCXm yle__article__strong\">Petteri Redsven<\/strong> sanoo, ett\u00e4 heist\u00e4 paras tapa pyyt\u00e4\u00e4 anteeksi olisi varmistaa, ettei tulevaisuudessa tule en\u00e4\u00e4 anteeksipyydett\u00e4v\u00e4\u00e4.<\/p>\n<p class=\"aw-1gybjub aw-1p7kakr kEtdKx cEmitX yle__article__paragraph\">\u2013 T\u00e4m\u00e4 tarkoittaa, ett\u00e4 saamelaisten asema ja oikeudet huomioidaan aidosti tulevassa toiminnassa ja p\u00e4\u00e4t\u00f6ksenteossa, kirjoittaa Redsven.<\/p>\n","protected":false},"excerpt":{"rendered":"P\u00e4\u00e4ministeri Petteri Orpo (kok) esitt\u00e4\u00e4 valtion anteeksipyynt\u00f6\u00e4 saamelaisille heihin kohdistuneista v\u00e4\u00e4ryyksist\u00e4. Useimmat eduskuntapuolueet kannattavat anteeksipyynt\u00f6\u00e4, mutta vaativat my\u00f6s&hellip;\n","protected":false},"author":2,"featured_media":115601,"comment_status":"","ping_status":"","sticky":false,"template":"","format":"standard","meta":{"footnotes":""},"categories":[12],"tags":[22,23,26,27,33,31,30,17,71,24,25,28,29,15,18,21,5580,32,19,20,16],"class_list":{"0":"post-115600","1":"post","2":"type-post","3":"status-publish","4":"format-standard","5":"has-post-thumbnail","7":"category-suomi","8":"tag-breaking-news","9":"tag-breakingnews","10":"tag-featured-news","11":"tag-featurednews","12":"tag-fi","13":"tag-finland","14":"tag-finnish","15":"tag-headlines","16":"tag-kotimaa","17":"tag-latest-news","18":"tag-latestnews","19":"tag-main-news","20":"tag-mainnews","21":"tag-news","22":"tag-otsikot","23":"tag-paauutiset","24":"tag-sapmi","25":"tag-suomi","26":"tag-top-stories","27":"tag-topstories","28":"tag-uutiset"},"share_on_mastodon":{"url":"https:\/\/pubeurope.com\/@fi\/115714095206597933","error":""},"_links":{"self":[{"href":"https:\/\/www.europesays.com\/fi\/wp-json\/wp\/v2\/posts\/115600","targetHints":{"allow":["GET"]}}],"collection":[{"href":"https:\/\/www.europesays.com\/fi\/wp-json\/wp\/v2\/posts"}],"about":[{"href":"https:\/\/www.europesays.com\/fi\/wp-json\/wp\/v2\/types\/post"}],"author":[{"embeddable":true,"href":"https:\/\/www.europesays.com\/fi\/wp-json\/wp\/v2\/users\/2"}],"replies":[{"embeddable":true,"href":"https:\/\/www.europesays.com\/fi\/wp-json\/wp\/v2\/comments?post=115600"}],"version-history":[{"count":0,"href":"https:\/\/www.europesays.com\/fi\/wp-json\/wp\/v2\/posts\/115600\/revisions"}],"wp:featuredmedia":[{"embeddable":true,"href":"https:\/\/www.europesays.com\/fi\/wp-json\/wp\/v2\/media\/115601"}],"wp:attachment":[{"href":"https:\/\/www.europesays.com\/fi\/wp-json\/wp\/v2\/media?parent=115600"}],"wp:term":[{"taxonomy":"category","embeddable":true,"href":"https:\/\/www.europesays.com\/fi\/wp-json\/wp\/v2\/categories?post=115600"},{"taxonomy":"post_tag","embeddable":true,"href":"https:\/\/www.europesays.com\/fi\/wp-json\/wp\/v2\/tags?post=115600"}],"curies":[{"name":"wp","href":"https:\/\/api.w.org\/{rel}","templated":true}]}}