{"id":115606,"date":"2025-12-13T20:33:16","date_gmt":"2025-12-13T20:33:16","guid":{"rendered":"https:\/\/www.europesays.com\/fi\/115606\/"},"modified":"2025-12-13T20:33:16","modified_gmt":"2025-12-13T20:33:16","slug":"mtv-omin-jaloin-en-kotiin-paassyt-kirsi-alm-siira-puolustaa-sarah-dzafcea-kertomalla-omasta-toppayksestaan","status":"publish","type":"post","link":"https:\/\/www.europesays.com\/fi\/115606\/","title":{"rendered":"MTV: &#8221;Omin jaloin en kotiin p\u00e4\u00e4ssyt&#8221; \u2013 Kirsi Alm-Siira puolustaa Sarah Dzafcea kertomalla omasta t\u00f6pp\u00e4yksest\u00e4\u00e4n"},"content":{"rendered":"<p>Kohu entisen Miss Suomi <strong>Sarah Dzafcen<\/strong> ymp\u00e4rill\u00e4 on k\u00e4ynyt viime p\u00e4ivin\u00e4 <a href=\"https:\/\/www.voice.fi\/viihde\/miss-suomi-sarah-dzafcea-revitaan-kappaleiksi-some-raivostui-rasistiseksi-vaitetysta-eleesta\" target=\"_blank\" rel=\"noreferrer noopener nofollow\">kuumana<\/a>.<\/p>\n<p>Dzafce joutui <a href=\"https:\/\/www.voice.fi\/viihde\/miss-suomi-sarah-dzafce-joutui-luopumaan-kruunustaan-rasismikohun-takia\" target=\"_blank\" rel=\"noreferrer noopener nofollow\">luopumaan kruunustaan<\/a> ensimm\u00e4isen\u00e4 missin\u00e4 koko Miss Suomi -kilpailun historiassa.<\/p>\n<p>Dzafcesta levisi sosiaalisessa mediassa kuva, jossa t\u00e4m\u00e4 venytti silmi\u00e4\u00e4n sivuille. Kuvassa luki \u201ckiinalaisen kaa sy\u00f6m\u00e4s\u201d.<\/p>\n<p>Dzafce pyysi kuvaa <a href=\"https:\/\/www.voice.fi\/viihde\/miss-suomi-sarah-dzafce-pyytaa-anteeksi-rasismikohuun-johtanutta-kaytostaan\" target=\"_blank\" rel=\"noreferrer noopener nofollow\">anteeksi<\/a>, mutta julkaisi viel\u00e4 sen j\u00e4lkeen kommentteja, jotka tulkittiin tilannetta v\u00e4h\u00e4tteleviksi ja asiattomiksi. Kansainv\u00e4liseksi skandaaliksi paisunut tilanne johti Dzafcen kruunun riisumiseen.<\/p>\n<p>Lue my\u00f6s: <a href=\"https:\/\/www.voice.fi\/viihde\/miss-suomi-sarah-dzafcea-revitaan-kappaleiksi-some-raivostui-rasistiseksi-vaitetysta-eleesta\" title=\"Miss Suomi Sarah Dzafcea revit\u00e4\u00e4n kappaleiksi \u2013 some raivostui rasistiseksi v\u00e4itetyst\u00e4 eleest\u00e4\" class=\"underline-custom !font-montserrat !font-bold !underline-offset-4 !decoration-4 !decoration-tilt-light !text-md\" rel=\"nofollow noopener\" target=\"_blank\">Miss Suomi Sarah Dzafcea revit\u00e4\u00e4n kappaleiksi \u2013 some raivostui rasistiseksi v\u00e4itetyst\u00e4 eleest\u00e4<\/a><\/p>\n<p>Lue my\u00f6s: <a href=\"https:\/\/www.voice.fi\/viihde\/miss-suomi-sarah-dzafce-joutui-luopumaan-kruunustaan-rasismikohun-takia\" title=\"Miss Suomi Sarah Dzafce joutui luopumaan kruunustaan rasismikohun takia\" class=\"underline-custom !font-montserrat !font-bold !underline-offset-4 !decoration-4 !decoration-tilt-light !text-md\" rel=\"nofollow noopener\" target=\"_blank\">Miss Suomi Sarah Dzafce joutui luopumaan kruunustaan rasismikohun takia<\/a><\/p>\n<p>Nyt uutisankkuri ja suosikkijuontaja <strong>Kirsi Alm-Siira<\/strong> osoittaa Dzafcelle tukensa jakamalla <a href=\"https:\/\/www.mtvuutiset.fi\/artikkeli\/kirsi-alm-siiran-kommentti-pomoni-antoi-mokailun-anteeksi-olisiko-somekansa-armahtanut\/9269058\" target=\"_blank\" rel=\"noreferrer noopener nofollow\">MTV:n sivuilla<\/a> kertomuksen omasta mokastaan.<\/p>\n<p>Alm-Siira kertoo olleensa ty\u00f6teht\u00e4viss\u00e4 suuressa tapahtumassa, jonka j\u00e4lkeen h\u00e4n meni yst\u00e4viens\u00e4 kanssa jatkoille ravintolaan.<\/p>\n<p>Kokematon Alm-Siira oli sinnitellyt 12 tuntisen ty\u00f6p\u00e4iv\u00e4n sy\u00f6m\u00e4tt\u00e4 ja juomatta, ja paikannut sitten nestevajettaan kavereidensa tarjoamilla juomilla.<\/p>\n<p>\u2013 Olin umpihumalassa tunnetussa helsinkil\u00e4isess\u00e4 y\u00f6kerhossa. <\/p>\n<p>H\u00e4n sanoo vierailunsa j\u00e4\u00e4neen lyhyeksi, sill\u00e4 ravintolan henkil\u00f6kunta ja h\u00e4nen yst\u00e4v\u00e4ns\u00e4 olivat olleet sit\u00e4 mielt\u00e4, ett\u00e4 h\u00e4nen t\u00e4ytyy p\u00e4\u00e4st\u00e4 kotiin selvi\u00e4m\u00e4\u00e4n.\u00a0<\/p>\n<p>\u2013 Omin jaloin en kotiin p\u00e4\u00e4ssyt.\u00a0<\/p>\n<p>Lue my\u00f6s: <a href=\"https:\/\/www.voice.fi\/viihde\/en-pysy-karryilla-kun-kaikki-ennen-normaali-on-nykyaan-loukkaavaa-sini-ariell-antaa-tukensa-kruununsa-menettaneelle-sarah-dzafcelle\" title=\"\u201dEn pysy k\u00e4rryill\u00e4, kun kaikki ennen normaali on nyky\u00e4\u00e4n loukkaavaa\u201d\u2013 Sini Ariell antaa tukensa kruununsa menett\u00e4neelle Sarah Dzafcelle\" class=\"underline-custom !font-montserrat !font-bold !underline-offset-4 !decoration-4 !decoration-tilt-light !text-md\" rel=\"nofollow noopener\" target=\"_blank\">\u201dEn pysy k\u00e4rryill\u00e4, kun kaikki ennen normaali on nyky\u00e4\u00e4n loukkaavaa\u201d\u2013 Sini Ariell antaa tukensa kruununsa menett\u00e4neelle Sarah Dzafcelle<\/a><\/p>\n<p>Lue my\u00f6s: <a href=\"https:\/\/www.voice.fi\/viihde\/missa-on-nyt-hallituksen-nollatoleranssi-rasismille-fatim-diarra-raivostui-perussuomalaisten-kuvista\" title=\"\u201dMiss\u00e4 on nyt hallituksen nollatoleranssi rasismille?\u201d \u2013 Fatim Diarra raivostui perussuomalaisten kuvista\" class=\"underline-custom !font-montserrat !font-bold !underline-offset-4 !decoration-4 !decoration-tilt-light !text-md\" rel=\"nofollow noopener\" target=\"_blank\">\u201dMiss\u00e4 on nyt hallituksen nollatoleranssi rasismille?\u201d \u2013 Fatim Diarra raivostui perussuomalaisten kuvista<\/a><\/p>\n<p>Seuraavana p\u00e4iv\u00e4n\u00e4 h\u00e4n kertoo yritt\u00e4neens\u00e4 selvitt\u00e4\u00e4, mit\u00e4 edellisen\u00e4 iltana oli tapahtunut. H\u00e4n sai kuulla, ett\u00e4 oli mokannut pahasti.<\/p>\n<p>\u2013 Tiesin, ett\u00e4 olisi monta ihmist\u00e4, joilta minun pit\u00e4isi pyyt\u00e4\u00e4 k\u00e4ytt\u00e4ytymist\u00e4ni anteeksi, kuten ravintolahenkil\u00f6kunta, ty\u00f6kaverini, ravintolan muut asiakkaat ja yst\u00e4v\u00e4ni. Pahinta kaikista, minun olisi kerrottava t\u00e4st\u00e4 pomolleni.<\/p>\n<p>Alm-Siira sanoo, ett\u00e4 olisi ollut riitt\u00e4v\u00e4n noloa vain kaatuilla baarissa, mutta h\u00e4nen tilannettaan pahensi se, ett\u00e4 h\u00e4n oli edustanut samana iltana omaa ty\u00f6paikkaansa.<\/p>\n<p>H\u00e4n kertoo, ettei h\u00e4nell\u00e4 ollut tapahtuneelle mit\u00e4\u00e4n selityst\u00e4. H\u00e4n pelk\u00e4si, ett\u00e4 ilta tuhoaisi h\u00e4nen uransa.<\/p>\n<p>\u2013 Kerroin pomolleni kaiken, mit\u00e4 olin saanut tekemisist\u00e4ni selville. Tunsin, ett\u00e4 olin t\u00e4ydellisesti pett\u00e4nyt h\u00e4nen luottamuksensa. Sanoinkin, ett\u00e4 ymm\u00e4rr\u00e4n jos h\u00e4n ei en\u00e4\u00e4 halua n\u00e4hd\u00e4 minua ty\u00f6paikalla.<\/p>\n<p>Pomo oli pitk\u00e4n hiljaisuuden p\u00e4\u00e4tteeksi todennut, ett\u00e4 kaikki mokaavat joskus.<\/p>\n<p>\u2013 Ihmisi\u00e4 t\u00e4ss\u00e4 ollaan.\u00a0N\u00e4hd\u00e4\u00e4n maanantaina t\u00f6iss\u00e4.<\/p>\n<p>Alm-Siira sanoo tapahtuneen olleen opetus inhimillisyydest\u00e4. <\/p>\n<p>H\u00e4n kertoo my\u00f6s ottaneensa virheest\u00e4\u00e4n opiksi. Nyky\u00e4\u00e4n h\u00e4n pit\u00e4\u00e4 huolta ravinnonsaannistaan ja nesteytyksest\u00e4\u00e4n, eik\u00e4 en\u00e4\u00e4 toikkaroi baareissa.<\/p>\n<p>H\u00e4n sanoo yst\u00e4viens\u00e4 todelleen tarinan kuultuaan, ettei tuollainen vetelisi en\u00e4\u00e4 t\u00e4n\u00e4 p\u00e4iv\u00e4n\u00e4, vaan seurauksena olisivat potkut.<\/p>\n<p>\u2013 Eik\u00f6 nyky\u00e4\u00e4n siis voi erehty\u00e4 kertaakaan? Miss\u00e4 ovat nykyp\u00e4iv\u00e4n\u00e4 ne, jotka puolustavat omiaan, tai ne jotka edes yritt\u00e4v\u00e4t ymm\u00e4rt\u00e4\u00e4, eiv\u00e4tk\u00e4 suoraan tuomitse?<\/p>\n<p>H\u00e4n sanoo miettineens\u00e4 omaa m\u00f6hl\u00e4yst\u00e4\u00e4n seuratessaan Dzafcen ymp\u00e4rill\u00e4 k\u00e4yt\u00e4v\u00e4\u00e4 keskustelua.<\/p>\n<p>\u2013 Itse veikkaan, ett\u00e4 potkujen taustalla on \u201dsomekansaksi\u201d otsikoitu joukko. T\u00e4m\u00e4 joukko on ymm\u00e4rt\u00e4\u00e4kseni hyvin pieni, mutta valtavan \u00e4\u00e4nek\u00e4s ja vaikutusvaltainen.<\/p>\n<p>H\u00e4n pohtii, olisiko itsekin tullut irtisanotuksi, mik\u00e4li sosiaalinen media olisi ollut olemassa h\u00e4nen mokansa aikaan, ja olisiko ty\u00f6nantaja ollut pakotettu valitsemaan h\u00e4nen tilalleen toinen ty\u00f6ntekij\u00e4.<\/p>\n<p>\u2013 En osaa tai edes halua verrata tekojemme vakavuutta toisiinsa. Miss Suomen edesottamukset saavat kuitenkin niskassani aikaan kylm\u00e4n h\u00f6nk\u00e4yksen.\u00a0<\/p>\n","protected":false},"excerpt":{"rendered":"Kohu entisen Miss Suomi Sarah Dzafcen ymp\u00e4rill\u00e4 on k\u00e4ynyt viime p\u00e4ivin\u00e4 kuumana. Dzafce joutui luopumaan kruunustaan ensimm\u00e4isen\u00e4 missin\u00e4&hellip;\n","protected":false},"author":2,"featured_media":115607,"comment_status":"","ping_status":"","sticky":false,"template":"","format":"standard","meta":{"footnotes":""},"categories":[133],"tags":[137,33,31,30,4809,20001,32,206,156,109],"class_list":{"0":"post-115606","1":"post","2":"type-post","3":"status-publish","4":"format-standard","5":"has-post-thumbnail","7":"category-televisiot","8":"tag-entertainment","9":"tag-fi","10":"tag-finland","11":"tag-finnish","12":"tag-moka","13":"tag-rasismikohu","14":"tag-suomi","15":"tag-televisiot","16":"tag-tv","17":"tag-viihde"},"share_on_mastodon":{"url":"https:\/\/pubeurope.com\/@fi\/115714169443555262","error":""},"_links":{"self":[{"href":"https:\/\/www.europesays.com\/fi\/wp-json\/wp\/v2\/posts\/115606","targetHints":{"allow":["GET"]}}],"collection":[{"href":"https:\/\/www.europesays.com\/fi\/wp-json\/wp\/v2\/posts"}],"about":[{"href":"https:\/\/www.europesays.com\/fi\/wp-json\/wp\/v2\/types\/post"}],"author":[{"embeddable":true,"href":"https:\/\/www.europesays.com\/fi\/wp-json\/wp\/v2\/users\/2"}],"replies":[{"embeddable":true,"href":"https:\/\/www.europesays.com\/fi\/wp-json\/wp\/v2\/comments?post=115606"}],"version-history":[{"count":0,"href":"https:\/\/www.europesays.com\/fi\/wp-json\/wp\/v2\/posts\/115606\/revisions"}],"wp:featuredmedia":[{"embeddable":true,"href":"https:\/\/www.europesays.com\/fi\/wp-json\/wp\/v2\/media\/115607"}],"wp:attachment":[{"href":"https:\/\/www.europesays.com\/fi\/wp-json\/wp\/v2\/media?parent=115606"}],"wp:term":[{"taxonomy":"category","embeddable":true,"href":"https:\/\/www.europesays.com\/fi\/wp-json\/wp\/v2\/categories?post=115606"},{"taxonomy":"post_tag","embeddable":true,"href":"https:\/\/www.europesays.com\/fi\/wp-json\/wp\/v2\/tags?post=115606"}],"curies":[{"name":"wp","href":"https:\/\/api.w.org\/{rel}","templated":true}]}}