{"id":115612,"date":"2025-12-13T20:42:09","date_gmt":"2025-12-13T20:42:09","guid":{"rendered":"https:\/\/www.europesays.com\/fi\/115612\/"},"modified":"2025-12-13T20:42:09","modified_gmt":"2025-12-13T20:42:09","slug":"ilmioksi-nousseille-bubs-karkeille-avattiin-lippulaivaliike-tukholman-arvoalueelle-2","status":"publish","type":"post","link":"https:\/\/www.europesays.com\/fi\/115612\/","title":{"rendered":"Ilmi\u00f6ksi nousseille Bubs-karkeille avattiin lippulaivaliike Tukholman arvoalueelle"},"content":{"rendered":"<p>Sosiaalisen median ilmi\u00f6 sai oman kaupan Tukholmassa. Avajaisp\u00e4iv\u00e4n\u00e4 jonossa seisottiin varhain aamusta.<\/p>\n<p class=\"article-body mb-nof-24 px-nof-16\">Tukholma<\/p>\n<p class=\"article-body mb-nof-24 px-nof-16\">Ohikulkijat ihmettelev\u00e4t korttelia kiert\u00e4v\u00e4\u00e4 jonoa. Luksusliikkeiden keskittym\u00e4\u00e4n, kivenheiton p\u00e4\u00e4h\u00e4n Pradan ja Chanelin putiikeista, on avautunut vaaleanpunaista valoa hohkaava karkkikauppa.<\/p>\n<p class=\"article-body mb-nof-24 px-nof-16\">Kyse on maailmanlaajuiseksi ilmi\u00f6ksi nousseiden Bubs-karkkien lippulaivaliikkeest\u00e4.<\/p>\n","protected":false},"excerpt":{"rendered":"Sosiaalisen median ilmi\u00f6 sai oman kaupan Tukholmassa. Avajaisp\u00e4iv\u00e4n\u00e4 jonossa seisottiin varhain aamusta. Tukholma Ohikulkijat ihmettelev\u00e4t korttelia kiert\u00e4v\u00e4\u00e4 jonoa.&hellip;\n","protected":false},"author":2,"featured_media":115613,"comment_status":"","ping_status":"","sticky":false,"template":"","format":"standard","meta":{"footnotes":""},"categories":[76],"tags":[79,77,33,31,30,80,32,78],"class_list":{"0":"post-115612","1":"post","2":"type-post","3":"status-publish","4":"format-standard","5":"has-post-thumbnail","7":"category-talous","8":"tag-business","9":"tag-economy","10":"tag-fi","11":"tag-finland","12":"tag-finnish","13":"tag-satakunnan-kansa","14":"tag-suomi","15":"tag-talous"},"share_on_mastodon":{"url":"https:\/\/pubeurope.com\/@fi\/115714204989820377","error":""},"_links":{"self":[{"href":"https:\/\/www.europesays.com\/fi\/wp-json\/wp\/v2\/posts\/115612","targetHints":{"allow":["GET"]}}],"collection":[{"href":"https:\/\/www.europesays.com\/fi\/wp-json\/wp\/v2\/posts"}],"about":[{"href":"https:\/\/www.europesays.com\/fi\/wp-json\/wp\/v2\/types\/post"}],"author":[{"embeddable":true,"href":"https:\/\/www.europesays.com\/fi\/wp-json\/wp\/v2\/users\/2"}],"replies":[{"embeddable":true,"href":"https:\/\/www.europesays.com\/fi\/wp-json\/wp\/v2\/comments?post=115612"}],"version-history":[{"count":0,"href":"https:\/\/www.europesays.com\/fi\/wp-json\/wp\/v2\/posts\/115612\/revisions"}],"wp:featuredmedia":[{"embeddable":true,"href":"https:\/\/www.europesays.com\/fi\/wp-json\/wp\/v2\/media\/115613"}],"wp:attachment":[{"href":"https:\/\/www.europesays.com\/fi\/wp-json\/wp\/v2\/media?parent=115612"}],"wp:term":[{"taxonomy":"category","embeddable":true,"href":"https:\/\/www.europesays.com\/fi\/wp-json\/wp\/v2\/categories?post=115612"},{"taxonomy":"post_tag","embeddable":true,"href":"https:\/\/www.europesays.com\/fi\/wp-json\/wp\/v2\/tags?post=115612"}],"curies":[{"name":"wp","href":"https:\/\/api.w.org\/{rel}","templated":true}]}}