{"id":115616,"date":"2025-12-13T20:44:12","date_gmt":"2025-12-13T20:44:12","guid":{"rendered":"https:\/\/www.europesays.com\/fi\/115616\/"},"modified":"2025-12-13T20:44:12","modified_gmt":"2025-12-13T20:44:12","slug":"ruotsalaisraportti-teki-kylmaavan-arvion-suomesta-nain-kommentoi-asiantuntija","status":"publish","type":"post","link":"https:\/\/www.europesays.com\/fi\/115616\/","title":{"rendered":"Ruotsalaisraportti teki kylm\u00e4\u00e4v\u00e4n arvion Suomesta \u2013 N\u00e4in kommentoi asiantuntija"},"content":{"rendered":"<p>Ven\u00e4j\u00e4n Suomeen liityv\u00e4 propaganda on kiihtynyt, mist\u00e4 huolimatta Suomi ei ole kuitenkaan Ukraina 2.0, asiantuntija sanoo.<\/p>\n<p><img decoding=\"async\" class=\"image image-show image-preview\" src=\"https:\/\/www.europesays.com\/fi\/wp-content\/uploads\/2025\/12\/34ab3510b0f16c8d77cff8f51074e56fed15a0866dab02dff39f57f29f4c7fdb.jpg\" alt=\"\"\/><img decoding=\"async\" class=\"image image-show\" src=\"https:\/\/www.europesays.com\/fi\/wp-content\/uploads\/2025\/12\/1765658652_416_34ab3510b0f16c8d77cff8f51074e56fed15a0866dab02dff39f57f29f4c7fdb.jpg\" alt=\"\"\/><\/p>\n<p>Asiantuntija Henri Vanhanen on eri mielt\u00e4 ruotsalaisraportin esitt\u00e4m\u00e4n kylm\u00e4\u00e4v\u00e4n arvion kanssa.  Gavriil Grigorov, Gavriil Grigorov\/TASS via ZUMA Press<\/p>\n<p class=\"paragraph\">Suomi ei ole Ukraina 2.0.<\/p>\n<p class=\"paragraph\">N\u00e4in arvioi ulko- ja turvallisuuspolitiikan asiantuntija <strong>Henri Vanhanen<\/strong>.<\/p>\n<p class=\"paragraph\">Vanhanen<strong> <\/strong>ei n\u00e4in ollen jaa <a href=\"https:\/\/www.iltalehti.fi\/ulkomaat\/d151061c-ad37-47ac-9253-3e5af25ebf71\" rel=\"nofollow noopener\" target=\"_blank\">tuoreessa ruotsalaisraportissa<\/a> esitetty\u00e4 kylm\u00e4\u00e4v\u00e4\u00e4 n\u00e4kemyst\u00e4, jossa viitattiin esimerkiksi Ven\u00e4j\u00e4n sek\u00e4 Suomesta ett\u00e4 Ukrainasta esitt\u00e4miin natsisyyt\u00f6ksiin.<\/p>\n<p class=\"paragraph\">Vanhasen mukaan raportissa esitetty v\u00e4ite on hieman erikoinen, sill\u00e4 Ven\u00e4j\u00e4 k\u00e4ytt\u00e4\u00e4 hyvin samantyyppist\u00e4 retoriikkaa vaikkapa Puolasta sek\u00e4 Baltian maista. Vanhanen muistuttaakin, ett\u00e4 sama vire toistuu Ven\u00e4j\u00e4n Naton it\u00e4isi\u00e4 ja pohjoiseurooppalaisia j\u00e4senmaita koskevassa propagandassa.<\/p>\n<p class=\"paragraph\">Ruotsalaisraportissa esitetty v\u00e4ite on Vanhasen mukaan erikoinen my\u00f6s siksi, ett\u00e4 Suomi on Ukrainasta poiketen Naton ja Euroopan unionin j\u00e4senmaa.<\/p>\n<p>Oikeutetaan tulevia toimia<\/p>\n<p class=\"paragraph\">Vanhanen jakaa sen sijaan ruotsalaisraportin n\u00e4kemyksen, jonka mukaan Ven\u00e4j\u00e4 suoltaa Suomesta samankaltaista propagandaa kuin Ukrainasta.<\/p>\n<p class=\"paragraph\">Ven\u00e4j\u00e4n k\u00e4ytt\u00e4m\u00e4\u00e4n kaavaan kuuluu muun muassa historian v\u00e4\u00e4ristely\u00e4 ja natsisyyt\u00f6ksi\u00e4.<\/p>\n<p>Ulko- ja turvallisuuspolitiikan asiantuntijan Henri Vanhasen mukaan Ven\u00e4j\u00e4n propaganda on varoitusmerkki.  Inka Soveri<\/p>\n<p class=\"paragraph\">Vanhasen mukaan natsisyyt\u00f6kset sopivat hyvin mielikuvaan, jossa natsit hy\u00f6kk\u00e4siv\u00e4t toisen maailmansodan aikana Ven\u00e4j\u00e4lle ja uhkaavat yh\u00e4 Ven\u00e4j\u00e4\u00e4.<\/p>\n<p class=\"paragraph\">\u2013 T\u00e4m\u00e4nkaltainen propagandakampanja kertoo aina jostain, ja se on sik\u00e4li varoitusmerkki, joka kannattaa ottaa vakavasti.<\/p>\n<p class=\"paragraph\">Vanhasen mukaan Ven\u00e4j\u00e4 luo tarinaa, jossa mahdollinen hy\u00f6kk\u00e4ys Suomeen vaikuttaisi v\u00e4ltt\u00e4m\u00e4tt\u00f6m\u00e4lt\u00e4 vastaukselta.<\/p>\n<p class=\"paragraph\">\u2013 Ja se on tietysti hieman huolestuttavaa sik\u00e4li, ett\u00e4 se kertoo siit\u00e4, ett\u00e4 Ven\u00e4j\u00e4 haluaa varmistaa, ett\u00e4 Suomesta voidaan tarvittaessa maalata hyvinkin nopeasti viholliskuva.<strong\/><\/p>\n<p>Propaganda kiihtynyt<\/p>\n<p class=\"paragraph\">Vanhanen toteaa raportin olevan oikeassa arvioidessaan Ven\u00e4j\u00e4n propagandan kiihtyneen.<\/p>\n<p class=\"paragraph\">Esimerkiksi t\u00e4st\u00e4 Vanhanen antaa Ven\u00e4j\u00e4n ulkoministerin <a href=\"https:\/\/www.iltalehti.fi\/henkilot\/Sergei Lavrov\" class=\"article-link-person-page\" rel=\"nofollow noopener\" target=\"_blank\">Sergei Lavrovin<\/a> t\u00e4n\u00e4 vuonna <a href=\"https:\/\/www.iltalehti.fi\/ulkomaat\/07bd0c5f-e734-4129-ba40-c7531ea6d5c7\" rel=\"nofollow noopener\" target=\"_blank\">antamat lausunnot<\/a>, joiden mukaan Suomesta l\u00f6ytyy revanssihenke\u00e4.<\/p>\n<p class=\"paragraph\">Revanssihenkeen liittyvill\u00e4 v\u00e4itteill\u00e4 Ven\u00e4j\u00e4 pyrkii maalaamaan kuvaa Suomesta, joka haluaa saada takaisin Ven\u00e4j\u00e4lle toisessa maailmansodassa menett\u00e4mi\u00e4\u00e4n alueita tai kostaa Ven\u00e4j\u00e4lle sodanaikaisia tapahtumia.<\/p>\n<p>Ven\u00e4j\u00e4n ulkoministeri Suomen haluavan kostaa Ven\u00e4j\u00e4lle.  EPA \/ AOP<\/p>\n<p class=\"paragraph\">Toinen esimerkki Ven\u00e4j\u00e4n propagandasta on Ven\u00e4j\u00e4n presidentin <a href=\"https:\/\/www.iltalehti.fi\/henkilot\/Vladimir Putin\" class=\"article-link-person-page\" rel=\"nofollow noopener\" target=\"_blank\">Vladimir Putinin<\/a> erityisedustajan <a href=\"https:\/\/www.iltalehti.fi\/henkilot\/Sergei Ivanov\" class=\"article-link-person-page\" rel=\"nofollow noopener\" target=\"_blank\">Sergei Ivanovin<\/a> <a href=\"https:\/\/www.iltalehti.fi\/ulkomaat\/a442e08c-77aa-42e8-bce0-dcc6990525ba\" rel=\"nofollow noopener\" target=\"_blank\">ulostulo<\/a>, jossa Ivanov kirjoittaa, ettei Ven\u00e4j\u00e4ll\u00e4 ole en\u00e4\u00e4 siteit\u00e4 Suomeen.<\/p>\n<p class=\"paragraph\">Vanhasen mukaan Ven\u00e4j\u00e4 ei ole aikaisemmin harjoittanut yht\u00e4 voimakasta ja avoimen vihamielist\u00e4 propagandatoimintaa.<\/p>\n<p>\u201dJos syylliset tiedet\u00e4\u00e4n, rikokset keksit\u00e4\u00e4n\u201d<\/p>\n<p class=\"paragraph\">Vanhanen ei n\u00e4e ruotsalaisraportin tavoin, ett\u00e4 Ven\u00e4j\u00e4n Suomeen liittyv\u00e4 propaganda olisi kiihtynyt tasavallan presidentin <a href=\"https:\/\/www.iltalehti.fi\/henkilot\/Alexander Stubb\" class=\"article-link-person-page\" rel=\"nofollow noopener\" target=\"_blank\">Alexander Stubbin<\/a> Washingtonin-vierailun aikana tehtyjen lausuntojen vuoksi.<\/p>\n<p class=\"paragraph\">Vieraillessaan Valkoisessa talossa Stubb sanoi uskovansa, ett\u00e4 Ukrainan sotaan l\u00f6ydet\u00e4\u00e4n ratkaisu samaan tapaan kuin Suomen ja Ven\u00e4j\u00e4n k\u00e4ym\u00e4\u00e4n jatkosotaan vuonna 1944.<\/p>\n<p class=\"paragraph\">Vanhanen painottaa, ett\u00e4 Ven\u00e4j\u00e4 pystyy levitt\u00e4m\u00e4\u00e4n vihamielist\u00e4 kuvaa Suomesta riippumatta siit\u00e4, mit\u00e4 Suomi sanoo tai tekee.<\/p>\n<p class=\"paragraph\">Vanhasen mukaan kiihtyneess\u00e4 propagandassa ei olekaan kyse yksitt\u00e4isist\u00e4 lausunnoista vaan Ven\u00e4j\u00e4n p\u00e4\u00e4t\u00f6ksest\u00e4 ryhty\u00e4 valmistelemaan Suomesta tietynlaista mielikuvaa.<\/p>\n<p class=\"paragraph\">T\u00e4m\u00e4n p\u00e4\u00e4t\u00f6ksen taustalla on erityisesti Suomen liittyminen sotilasliitto Natoon.<\/p>\n<p class=\"paragraph\">Vanhasen mukaan nyky-Ven\u00e4j\u00e4n mentaliteettia kuvaa Neuvostoliittoa johtaneeseen <a href=\"https:\/\/www.iltalehti.fi\/henkilot\/Josif Stalin\" class=\"article-link-person-page\" rel=\"nofollow noopener\" target=\"_blank\">Josif Staliniin<\/a> liitetty sanonta.<\/p>\n<p class=\"paragraph\">\u2013 Kun syylliset tiedet\u00e4\u00e4n, niin rikokset keksit\u00e4\u00e4n, Vanhanen summaa.<\/p>\n","protected":false},"excerpt":{"rendered":"Ven\u00e4j\u00e4n Suomeen liityv\u00e4 propaganda on kiihtynyt, mist\u00e4 huolimatta Suomi ei ole kuitenkaan Ukraina 2.0, asiantuntija sanoo. Asiantuntija Henri&hellip;\n","protected":false},"author":2,"featured_media":115617,"comment_status":"","ping_status":"","sticky":false,"template":"","format":"standard","meta":{"footnotes":""},"categories":[12],"tags":[35,22,23,26,27,33,31,30,17,24,25,28,29,15,18,21,142,637,888,885,887,32,19,20,16],"class_list":{"0":"post-115616","1":"post","2":"type-post","3":"status-publish","4":"format-standard","5":"has-post-thumbnail","7":"category-suomi","8":"tag-24h","9":"tag-breaking-news","10":"tag-breakingnews","11":"tag-featured-news","12":"tag-featurednews","13":"tag-fi","14":"tag-finland","15":"tag-finnish","16":"tag-headlines","17":"tag-latest-news","18":"tag-latestnews","19":"tag-main-news","20":"tag-mainnews","21":"tag-news","22":"tag-otsikot","23":"tag-paauutiset","24":"tag-poliitikot","25":"tag-politiikka","26":"tag-suomalaiset-poliitikot","27":"tag-suomen-poliittiset-puolueet","28":"tag-suomen-politiikka","29":"tag-suomi","30":"tag-top-stories","31":"tag-topstories","32":"tag-uutiset"},"share_on_mastodon":{"url":"https:\/\/pubeurope.com\/@fi\/115714213413343252","error":""},"_links":{"self":[{"href":"https:\/\/www.europesays.com\/fi\/wp-json\/wp\/v2\/posts\/115616","targetHints":{"allow":["GET"]}}],"collection":[{"href":"https:\/\/www.europesays.com\/fi\/wp-json\/wp\/v2\/posts"}],"about":[{"href":"https:\/\/www.europesays.com\/fi\/wp-json\/wp\/v2\/types\/post"}],"author":[{"embeddable":true,"href":"https:\/\/www.europesays.com\/fi\/wp-json\/wp\/v2\/users\/2"}],"replies":[{"embeddable":true,"href":"https:\/\/www.europesays.com\/fi\/wp-json\/wp\/v2\/comments?post=115616"}],"version-history":[{"count":0,"href":"https:\/\/www.europesays.com\/fi\/wp-json\/wp\/v2\/posts\/115616\/revisions"}],"wp:featuredmedia":[{"embeddable":true,"href":"https:\/\/www.europesays.com\/fi\/wp-json\/wp\/v2\/media\/115617"}],"wp:attachment":[{"href":"https:\/\/www.europesays.com\/fi\/wp-json\/wp\/v2\/media?parent=115616"}],"wp:term":[{"taxonomy":"category","embeddable":true,"href":"https:\/\/www.europesays.com\/fi\/wp-json\/wp\/v2\/categories?post=115616"},{"taxonomy":"post_tag","embeddable":true,"href":"https:\/\/www.europesays.com\/fi\/wp-json\/wp\/v2\/tags?post=115616"}],"curies":[{"name":"wp","href":"https:\/\/api.w.org\/{rel}","templated":true}]}}