{"id":115622,"date":"2025-12-13T21:00:11","date_gmt":"2025-12-13T21:00:11","guid":{"rendered":"https:\/\/www.europesays.com\/fi\/115622\/"},"modified":"2025-12-13T21:00:11","modified_gmt":"2025-12-13T21:00:11","slug":"oletko-todellinen-vain-elamaa-fani-vain-harva-saa-tassa-visassa-10-10","status":"publish","type":"post","link":"https:\/\/www.europesays.com\/fi\/115622\/","title":{"rendered":"Oletko todellinen Vain el\u00e4m\u00e4\u00e4 -fani? Vain harva saa t\u00e4ss\u00e4 visassa 10\/10"},"content":{"rendered":"<p>Rakastettu Vain el\u00e4m\u00e4\u00e4 -sarja on ihastuttanut t\u00e4n\u00e4kin syksyn\u00e4.<\/p>\n<p><img decoding=\"async\" class=\"image image-show image-preview\" src=\"https:\/\/www.europesays.com\/fi\/wp-content\/uploads\/2025\/12\/e26edd398c61711c34eb09bcc09288999860cdcbf562e4cf61b6e089c37894cd.jpg\" alt=\"\"\/><img decoding=\"async\" class=\"image image-show\" src=\"https:\/\/www.europesays.com\/fi\/wp-content\/uploads\/2025\/12\/1765659611_613_e26edd398c61711c34eb09bcc09288999860cdcbf562e4cf61b6e089c37894cd.jpg\" alt=\"\"\/><\/p>\n<p>Vain el\u00e4m\u00e4\u00e4 -sarjan 16. kaudella n\u00e4htiin K\u00e4\u00e4rij\u00e4, Jonna Tervomaa, Pelle Miljoona, Johannes Brotherus, Vesta, Mikki Kauste, Viivi ja Lauri Haav. Petri Aho, Sanoma<\/p>\n<p class=\"paragraph\">Vain el\u00e4m\u00e4\u00e4 -sarjan 16. kausi on tarjonnut unohtumattomia musiikkiesityksi\u00e4.<\/p>\n<p class=\"paragraph\">Iltalehden lukijat p\u00e4\u00e4sev\u00e4t testaamaan, kuinka hyvin he muistavat, mink\u00e4 kappaleen kukin artisti esitti ohjelmassa.<\/p>\n<p class=\"paragraph\">L\u00f6yd\u00e4t enemm\u00e4n Iltalehden visoja ja testej\u00e4 <a href=\"https:\/\/www.iltalehti.fi\/testit\" rel=\"nofollow noopener\" target=\"_blank\">t\u00e4\u00e4lt\u00e4<\/a>.<\/p>\n","protected":false},"excerpt":{"rendered":"Rakastettu Vain el\u00e4m\u00e4\u00e4 -sarja on ihastuttanut t\u00e4n\u00e4kin syksyn\u00e4. Vain el\u00e4m\u00e4\u00e4 -sarjan 16. kaudella n\u00e4htiin K\u00e4\u00e4rij\u00e4, Jonna Tervomaa, Pelle&hellip;\n","protected":false},"author":2,"featured_media":115623,"comment_status":"","ping_status":"","sticky":false,"template":"","format":"standard","meta":{"footnotes":""},"categories":[133],"tags":[35,138,137,33,31,30,763,47,979,32,397,484,206,156,109],"class_list":{"0":"post-115622","1":"post","2":"type-post","3":"status-publish","4":"format-standard","5":"has-post-thumbnail","7":"category-televisiot","8":"tag-24h","9":"tag-audio","10":"tag-entertainment","11":"tag-fi","12":"tag-finland","13":"tag-finnish","14":"tag-kulttuuri-ja-viihde","15":"tag-musiikki","16":"tag-sahkoinen-media","17":"tag-suomi","18":"tag-taide","19":"tag-taiteellinen-ilmaisu-ja-mediat","20":"tag-televisiot","21":"tag-tv","22":"tag-viihde"},"share_on_mastodon":{"url":"https:\/\/pubeurope.com\/@fi\/115714275793328418","error":""},"_links":{"self":[{"href":"https:\/\/www.europesays.com\/fi\/wp-json\/wp\/v2\/posts\/115622","targetHints":{"allow":["GET"]}}],"collection":[{"href":"https:\/\/www.europesays.com\/fi\/wp-json\/wp\/v2\/posts"}],"about":[{"href":"https:\/\/www.europesays.com\/fi\/wp-json\/wp\/v2\/types\/post"}],"author":[{"embeddable":true,"href":"https:\/\/www.europesays.com\/fi\/wp-json\/wp\/v2\/users\/2"}],"replies":[{"embeddable":true,"href":"https:\/\/www.europesays.com\/fi\/wp-json\/wp\/v2\/comments?post=115622"}],"version-history":[{"count":0,"href":"https:\/\/www.europesays.com\/fi\/wp-json\/wp\/v2\/posts\/115622\/revisions"}],"wp:featuredmedia":[{"embeddable":true,"href":"https:\/\/www.europesays.com\/fi\/wp-json\/wp\/v2\/media\/115623"}],"wp:attachment":[{"href":"https:\/\/www.europesays.com\/fi\/wp-json\/wp\/v2\/media?parent=115622"}],"wp:term":[{"taxonomy":"category","embeddable":true,"href":"https:\/\/www.europesays.com\/fi\/wp-json\/wp\/v2\/categories?post=115622"},{"taxonomy":"post_tag","embeddable":true,"href":"https:\/\/www.europesays.com\/fi\/wp-json\/wp\/v2\/tags?post=115622"}],"curies":[{"name":"wp","href":"https:\/\/api.w.org\/{rel}","templated":true}]}}