{"id":115626,"date":"2025-12-13T21:05:08","date_gmt":"2025-12-13T21:05:08","guid":{"rendered":"https:\/\/www.europesays.com\/fi\/115626\/"},"modified":"2025-12-13T21:05:08","modified_gmt":"2025-12-13T21:05:08","slug":"gogi-mavromichalikselle-toinen-lapsi-julkaisi-suloisia-kuvia","status":"publish","type":"post","link":"https:\/\/www.europesays.com\/fi\/115626\/","title":{"rendered":"Gogi Mavromichalikselle toinen lapsi \u2013 julkaisi suloisia kuvia"},"content":{"rendered":"<p>Juontaja sai toisen lapsensa.<\/p>\n<p class=\"article-body mb-nof-24 px-nof-16\">Juontaja <a class=\"article-personlink\" href=\"https:\/\/www.is.fi\/haku\/?query=Gogi%20Mavromichalis\" rel=\"nofollow noopener\" target=\"_blank\">Gogi Mavromichalis<\/a> on saanut toisen lapsen puolisonsa kanssa.<\/p>\n<p class=\"article-body mb-nof-24 px-nof-16\">H\u00e4n kertoo asiasta somessa.<\/p>\n<p class=\"article-body mb-nof-24 px-nof-16\">\u2013 Pieni poikamme syntyi tummilla hiuksilla ja on valmis kohtaamaan jokaisen maailman asian ensimm\u00e4ist\u00e4 kertaa.<\/p>\n<p class=\"article-body mb-nof-24 px-nof-16\">H\u00e4n kiitt\u00e4\u00e4 rakasta vaimoaan ja Naistenklinikan henkil\u00f6kuntaa.<\/p>\n<p class=\"article-body mb-nof-24 px-nof-16\">\u2013 Ps. En menett\u00e4nyt tajua t\u00e4ll\u00e4 kertaa, vaikka mukaan oli pakattu silt\u00e4 varalta sideharsoja ja elektrolyyttijuomaa.<\/p>\n<p class=\"article-body mb-nof-24 px-nof-16\">\u2013 Joulun paras paketti on vihdoin saapunut, Mavromichalis p\u00e4\u00e4tt\u00e4\u00e4 kirjoituksensa.<\/p>\n<p class=\"article-body mb-nof-24 px-nof-16\">Julkaisu tulvii onnitteluja. Monet julkisuuden henkil\u00f6t ovat j\u00e4tt\u00e4neet onnittelunsa kommenttikentt\u00e4\u00e4n.<\/p>\n<p class=\"article-body mb-nof-24 px-nof-16\">\u2013 Onnea koko perheelle! <a class=\"article-personlink\" href=\"https:\/\/www.is.fi\/haku\/?query=Niina%20Kuhta\" rel=\"nofollow noopener\" target=\"_blank\">Niina Kuhta<\/a> toivottaa.<\/p>\n<p class=\"article-body mb-nof-24 px-nof-16\">\u2013 Onnea ihanat!! <a class=\"article-personlink\" href=\"https:\/\/www.is.fi\/haku\/?query=Emma%20Karasjoki\" rel=\"nofollow noopener\" target=\"_blank\">Emma Karasjoki<\/a> kirjoittaa.<\/p>\n<p class=\"article-body mb-nof-24 px-nof-16\">\u2013 Tuhannesti onnea koko perheelle! <a class=\"article-personlink\" href=\"https:\/\/www.is.fi\/haku\/?query=Vappu%20Pimi%C3%A4\" rel=\"nofollow noopener\" target=\"_blank\">Vappu Pimi\u00e4<\/a> toivottaa.<\/p>\n","protected":false},"excerpt":{"rendered":"Juontaja sai toisen lapsensa. Juontaja Gogi Mavromichalis on saanut toisen lapsen puolisonsa kanssa. H\u00e4n kertoo asiasta somessa. \u2013&hellip;\n","protected":false},"author":2,"featured_media":115627,"comment_status":"","ping_status":"","sticky":false,"template":"","format":"standard","meta":{"footnotes":""},"categories":[130],"tags":[137,33,31,30,34,32,109],"class_list":{"0":"post-115626","1":"post","2":"type-post","3":"status-publish","4":"format-standard","5":"has-post-thumbnail","7":"category-viihde","8":"tag-entertainment","9":"tag-fi","10":"tag-finland","11":"tag-finnish","12":"tag-ilta-sanomat","13":"tag-suomi","14":"tag-viihde"},"share_on_mastodon":{"url":"https:\/\/pubeurope.com\/@fi\/115714295306777342","error":""},"_links":{"self":[{"href":"https:\/\/www.europesays.com\/fi\/wp-json\/wp\/v2\/posts\/115626","targetHints":{"allow":["GET"]}}],"collection":[{"href":"https:\/\/www.europesays.com\/fi\/wp-json\/wp\/v2\/posts"}],"about":[{"href":"https:\/\/www.europesays.com\/fi\/wp-json\/wp\/v2\/types\/post"}],"author":[{"embeddable":true,"href":"https:\/\/www.europesays.com\/fi\/wp-json\/wp\/v2\/users\/2"}],"replies":[{"embeddable":true,"href":"https:\/\/www.europesays.com\/fi\/wp-json\/wp\/v2\/comments?post=115626"}],"version-history":[{"count":0,"href":"https:\/\/www.europesays.com\/fi\/wp-json\/wp\/v2\/posts\/115626\/revisions"}],"wp:featuredmedia":[{"embeddable":true,"href":"https:\/\/www.europesays.com\/fi\/wp-json\/wp\/v2\/media\/115627"}],"wp:attachment":[{"href":"https:\/\/www.europesays.com\/fi\/wp-json\/wp\/v2\/media?parent=115626"}],"wp:term":[{"taxonomy":"category","embeddable":true,"href":"https:\/\/www.europesays.com\/fi\/wp-json\/wp\/v2\/categories?post=115626"},{"taxonomy":"post_tag","embeddable":true,"href":"https:\/\/www.europesays.com\/fi\/wp-json\/wp\/v2\/tags?post=115626"}],"curies":[{"name":"wp","href":"https:\/\/api.w.org\/{rel}","templated":true}]}}