{"id":115631,"date":"2025-12-13T21:10:13","date_gmt":"2025-12-13T21:10:13","guid":{"rendered":"https:\/\/www.europesays.com\/fi\/115631\/"},"modified":"2025-12-13T21:10:13","modified_gmt":"2025-12-13T21:10:13","slug":"kansanedustaja-herasi-ovikellon-soittoon-kello-2-57-itkuhan-siina-meinasi-kaikille-osapuolille-tulla","status":"publish","type":"post","link":"https:\/\/www.europesays.com\/fi\/115631\/","title":{"rendered":"Kansanedustaja her\u00e4si ovikellon soittoon kello 2.57 \u2013 \u201dItkuhan siin\u00e4 meinasi kaikille osapuolille tulla\u201d"},"content":{"rendered":"<p>Kansanedustaja Karoliina Partanen koki pys\u00e4ytt\u00e4v\u00e4n hetken kotonaan keskell\u00e4 y\u00f6t\u00e4.<\/p>\n<p><img decoding=\"async\" class=\"image image-show image-preview\" src=\"https:\/\/www.europesays.com\/fi\/wp-content\/uploads\/2025\/12\/f1a6a16c11ed7e3d4c87dd46b45decf669bf1a13031a84627f67666a1322532d.jpg\" alt=\"\"\/><img decoding=\"async\" class=\"image image-show\" src=\"https:\/\/www.europesays.com\/fi\/wp-content\/uploads\/2025\/12\/1765660213_382_f1a6a16c11ed7e3d4c87dd46b45decf669bf1a13031a84627f67666a1322532d.jpg\" alt=\"\"\/><\/p>\n<p>Karoliina Partanen toimii my\u00f6s kokoomuksen varapuheenjohtajana. Inka Soveri<\/p>\n<ul>\n<li>Hoivakodista ulos p\u00e4\u00e4ssyt i\u00e4k\u00e4s mies soitti kansanedustaja Karoliina Partasen ovikelloa keskell\u00e4 pakkasy\u00f6t\u00e4.<\/li>\n<li>Partanen puolisoineen p\u00e4\u00e4sti miehen l\u00e4mmittelem\u00e4\u00e4n ennen ensihoidon saapumista.<\/li>\n<\/ul>\n<p class=\"paragraph\">Kokoomuksen kansanedustaja <strong>Karoliina Partanen<\/strong> her\u00e4si lauantain vastaisena y\u00f6n\u00e4 miehens\u00e4 kanssa kotonaan Kuopiossa ovikellon soittoon.<\/p>\n<p class=\"paragraph\">Ovikelloa rimputti kello 2.57 i\u00e4k\u00e4s mies, jolla ei ollut kenki\u00e4 jalassaan.<\/p>\n<p class=\"paragraph\">\u2013 H\u00e4n sanoi olevansa matkalla Vallisaareen. Kun Helsingiss\u00e4 ty\u00f6skentelen, niin tiesin, ett\u00e4 nyt on aika pitk\u00e4 matka eik\u00e4 taida k\u00e4vellen t\u00e4n\u00e4 y\u00f6n\u00e4 sinne p\u00e4\u00e4st\u00e4, Partanen kertoo Iltalehdelle.<\/p>\n<p class=\"paragraph\">Vallisaari sijaitsee Helsingin edustalla Suomenlinnan ja Santahaminan v\u00e4liss\u00e4.<\/p>\n<p class=\"paragraph\">Kuopiossa oli lauantain vastaisena y\u00f6n\u00e4 reilut kymmenen astetta pakkasta, joten kevyesti pukeutunut mies oli l\u00e4mp\u00f6\u00e4 vailla.<\/p>\n<p class=\"paragraph\">\u2013 Pyysimme h\u00e4net sis\u00e4\u00e4n. Huomasimme, ettei h\u00e4n oikein tiennyt, miss\u00e4 on eik\u00e4 muistanut asuinpaikkaansa.<\/p>\n<p class=\"paragraph\">Partanen kysyi miehelt\u00e4, miksi t\u00e4m\u00e4 oli liikkeell\u00e4 ilman kenki\u00e4.<\/p>\n<p class=\"paragraph\">\u2013 H\u00e4n vastasi, ett\u00e4 se on hyv\u00e4 kysymys ja halusi kokeilla, milt\u00e4 tuntuu k\u00e4vell\u00e4 sepelin p\u00e4\u00e4ll\u00e4. Porukalla meit\u00e4 nauratti, kun kysyimme, milt\u00e4 se tuntui. Ei kovin hyv\u00e4lt\u00e4, h\u00e4n sanoi.<\/p>\n<p>Pablo ilahdutti<\/p>\n<p class=\"paragraph\">Vanha mies p\u00e4\u00e4si rapsuttelemaan Partasen koiraa Pabloa ennen ensihoitajien saapumista. Partasen mukaan mies piti kovasti koirasta.<\/p>\n<p class=\"paragraph\">\u2013 Oli tietysti helpottavaa, kun h\u00e4n ei ollut h\u00e4t\u00e4\u00e4ntyneen oloinen, Partanen kertoo.<\/p>\n<p class=\"paragraph\">Mies ei my\u00f6sk\u00e4\u00e4n ollut Partasen mukaan p\u00e4ihtynyt. H\u00e4n oli l\u00e4htenyt matkalleen l\u00e4hist\u00f6ll\u00e4 sijaitsevasta hoivakodista.<\/p>\n<p class=\"paragraph\">\u2013 Oli jotenkin koskettavaa, miten hienosti ensihoidon ty\u00f6ntekij\u00e4t kohtasivat vanhuksen, joka oli hieman ulalla siit\u00e4, miss\u00e4 h\u00e4n on ja mit\u00e4 tapahtuu.<\/p>\n<p class=\"paragraph\">Partanen kirjoitti tapauksesta julkaisun <a href=\"https:\/\/www.facebook.com\/KaroliinaPartanenKuopio\/posts\/pfbid02xYwdANULmDN8BXGU3bd4J6k7PZqHM4dPJJ6v7jaoatHyyFMpQrepYQbkEv1upvgil\" target=\"_blank\" rel=\"noopener nofollow\">Facebook-tililleen<\/a> lauantaina. H\u00e4n kertoi p\u00e4ivityksess\u00e4\u00e4n, ett\u00e4 \u201ditkuhan siin\u00e4 meinasi kaikille osapuolille tulla\u201d.<\/p>\n<p class=\"paragraph\">\u2013 Totta kai siin\u00e4 pohtii yhteiskunnallisestakin perspektiivist\u00e4 t\u00e4llaisia tapahtumia, ja oli se sill\u00e4 tavalla koskettavaa. Ja varmaan t\u00e4llaiset tilanteet koskettavat monien ihmisten arkea, ja huoli omistakin vanhuksista on varmasti monilla suuri t\u00e4llaisissa tilanteissa.<\/p>\n<p>Huoli ik\u00e4\u00e4ntyneist\u00e4<\/p>\n<p class=\"paragraph\">Partanen kertoo saaneensa lauantaina runsaasti viestej\u00e4 ihmisilt\u00e4 tapauksen tiimoilta.<\/p>\n<p class=\"paragraph\">\u2013 Sit\u00e4 kautta olen t\u00e4ss\u00e4 pohtinut sit\u00e4, mill\u00e4 tavalla lains\u00e4\u00e4d\u00e4nn\u00f6llisesti voitaisiin parantaa esimerkiksi elektronista valvontaa y\u00f6aikana muistisairaiden ihmisten osalta.<\/p>\n<p class=\"paragraph\">\u2013 Miten yhteiskunta hoivaa vanhuksia nimitt\u00e4\u00e4 aika pitk\u00e4lti sit\u00e4, mink\u00e4lainen hyvinvointiyhteiskunta meill\u00e4 on. Vanhukset ovat t\u00e4m\u00e4n maan rakentaneet, ja he kyll\u00e4 ansaitsevat parhaan mahdollisen hoidon, Partanen kommentoi.<\/p>\n<p class=\"paragraph\">Vanhustenhoito on muiden sosiaali- ja terveysalan toimintojen ohella ollut pitk\u00e4\u00e4n polttava aihe eduskunnassa ja hallituksessa. Sote-kustannukset muodostavat noin 30 prosenttia valtion budjetista.<\/p>\n<p class=\"paragraph\">Suomen v\u00e4est\u00f6 ik\u00e4\u00e4ntyy kovaa vauhtia. Esimerkiksi <a href=\"https:\/\/www.iltalehti.fi\/kotimaa\/d763bad0-4690-4ae4-83e0-3c93d760fcc3\" rel=\"nofollow noopener\" target=\"_blank\">Tilastokeskuksen ennakkotietojen<\/a> mukaan yli 70-vuotiaita oli viime elokuun lopussa ensimm\u00e4ist\u00e4 kertaa yli miljoona.<\/p>\n","protected":false},"excerpt":{"rendered":"Kansanedustaja Karoliina Partanen koki pys\u00e4ytt\u00e4v\u00e4n hetken kotonaan keskell\u00e4 y\u00f6t\u00e4. Karoliina Partanen toimii my\u00f6s kokoomuksen varapuheenjohtajana. Inka Soveri Hoivakodista&hellip;\n","protected":false},"author":2,"featured_media":115632,"comment_status":"","ping_status":"","sticky":false,"template":"","format":"standard","meta":{"footnotes":""},"categories":[12],"tags":[35,22,23,26,27,33,31,30,17,24,25,28,29,15,18,21,637,888,887,32,19,20,16,1743,7001],"class_list":{"0":"post-115631","1":"post","2":"type-post","3":"status-publish","4":"format-standard","5":"has-post-thumbnail","7":"category-suomi","8":"tag-24h","9":"tag-breaking-news","10":"tag-breakingnews","11":"tag-featured-news","12":"tag-featurednews","13":"tag-fi","14":"tag-finland","15":"tag-finnish","16":"tag-headlines","17":"tag-latest-news","18":"tag-latestnews","19":"tag-main-news","20":"tag-mainnews","21":"tag-news","22":"tag-otsikot","23":"tag-paauutiset","24":"tag-politiikka","25":"tag-suomalaiset-poliitikot","26":"tag-suomen-politiikka","27":"tag-suomi","28":"tag-top-stories","29":"tag-topstories","30":"tag-uutiset","31":"tag-vanhukset","32":"tag-vanhukset-ja-ikaantyminen"},"share_on_mastodon":{"url":"https:\/\/pubeurope.com\/@fi\/115714315611921447","error":""},"_links":{"self":[{"href":"https:\/\/www.europesays.com\/fi\/wp-json\/wp\/v2\/posts\/115631","targetHints":{"allow":["GET"]}}],"collection":[{"href":"https:\/\/www.europesays.com\/fi\/wp-json\/wp\/v2\/posts"}],"about":[{"href":"https:\/\/www.europesays.com\/fi\/wp-json\/wp\/v2\/types\/post"}],"author":[{"embeddable":true,"href":"https:\/\/www.europesays.com\/fi\/wp-json\/wp\/v2\/users\/2"}],"replies":[{"embeddable":true,"href":"https:\/\/www.europesays.com\/fi\/wp-json\/wp\/v2\/comments?post=115631"}],"version-history":[{"count":0,"href":"https:\/\/www.europesays.com\/fi\/wp-json\/wp\/v2\/posts\/115631\/revisions"}],"wp:featuredmedia":[{"embeddable":true,"href":"https:\/\/www.europesays.com\/fi\/wp-json\/wp\/v2\/media\/115632"}],"wp:attachment":[{"href":"https:\/\/www.europesays.com\/fi\/wp-json\/wp\/v2\/media?parent=115631"}],"wp:term":[{"taxonomy":"category","embeddable":true,"href":"https:\/\/www.europesays.com\/fi\/wp-json\/wp\/v2\/categories?post=115631"},{"taxonomy":"post_tag","embeddable":true,"href":"https:\/\/www.europesays.com\/fi\/wp-json\/wp\/v2\/tags?post=115631"}],"curies":[{"name":"wp","href":"https:\/\/api.w.org\/{rel}","templated":true}]}}