{"id":115635,"date":"2025-12-13T21:23:14","date_gmt":"2025-12-13T21:23:14","guid":{"rendered":"https:\/\/www.europesays.com\/fi\/115635\/"},"modified":"2025-12-13T21:23:14","modified_gmt":"2025-12-13T21:23:14","slug":"anthony-joshua-ja-tyson-fury-nousevat-kehaan-ensi-vuonna","status":"publish","type":"post","link":"https:\/\/www.europesays.com\/fi\/115635\/","title":{"rendered":"Anthony Joshua ja Tyson Fury nousevat keh\u00e4\u00e4n ensi vuonna"},"content":{"rendered":"<p>Kauan odotettu ottelu n\u00e4hd\u00e4\u00e4n ensi syyskuussa.<\/p>\n<p class=\"article-body mb-nof-24 px-nof-16\">Olympiavoittaja <a class=\"article-personlink\" href=\"https:\/\/www.is.fi\/haku\/?query=Anthony%20Joshua\" rel=\"nofollow noopener\" target=\"_blank\">Anthony Joshua<\/a> ja entinen raskaansarjan maailmanmestari <a class=\"article-personlink\" href=\"https:\/\/www.is.fi\/haku\/?query=Tyson%20Fury\" rel=\"nofollow noopener\" target=\"_blank\">Tyson Fury<\/a> kohtaavat toisensa ensi vuonna nyrkkeilykeh\u00e4ss\u00e4, uutisoi <a class=\"article-genericlink\" href=\"https:\/\/www.telegraph.co.uk\/boxing\/2025\/12\/13\/tyson-fury-to-fight-anthony-joshua-in-2026\/\" rel=\"nofollow noopener\" target=\"_blank\">The Telegraph<\/a>.<\/p>\n<p class=\"article-body mb-nof-24 px-nof-16\">Brittil\u00e4isten supert\u00e4htien taistosta ei tiedet\u00e4 viel\u00e4 muita yksityiskohtia kuin se, ett\u00e4 ottelu tullaan n\u00e4kem\u00e4\u00e4n ensi vuoden syyskuussa.<\/p>\n<p class=\"article-body mb-nof-24 px-nof-16\">Nyrkkeilylehti The Ringin l\u00e4hteiden mukaan Joshuan ja Furyn v\u00e4linen mittel\u00f6 on vuoden 2026 Riyadh Season-suurtapahtuman p\u00e4\u00e4ottelu.<\/p>\n<p class=\"article-body mb-nof-24 px-nof-16\">\u2013\u2009Vaikka ottelussa ei olisi mestaruusvy\u00f6t\u00e4 panoksena, brittien raskaansarjan huippujen kohtaaminen kuuluu kamppailu-urheilun suurimpiin otteluihin, Telegraph hehkuttaa.<\/p>\n<p class=\"article-body mb-nof-24 px-nof-16\">Molemmat nyrkkeilyt\u00e4hdet ottelevat kohtaamistaan ennen l\u00e4mmittelyotteluissa ensi vuoden alkupuolella.<\/p>\n<p><img decoding=\"async\" src=\"https:\/\/www.europesays.com\/fi\/wp-content\/uploads\/2025\/12\/1765660993_406_468.jpg\" alt=\"Tyson Fury n\u00e4htiin viimeksi nyrkkeilykeh\u00e4ss\u00e4 vuonna 2024.\" class=\"_Img_1rerz_1\" style=\"aspect-ratio:1.7777777777777777\" loading=\"eager\"\/><\/p>\n<p class=\"article-picture-caption\">Tyson Fury n\u00e4htiin viimeksi nyrkkeilykeh\u00e4ss\u00e4 vuonna 2024. Kuva:\u00a0Stella Pictures<\/p>\n<p class=\"article-body mb-nof-24 px-nof-16\">Joshua n\u00e4hd\u00e4\u00e4n tositoimissa jo t\u00e4m\u00e4n vuoden puolella, kun olympiavoittaja kohtaa 19. joulukuuta <a class=\"article-personlink\" href=\"https:\/\/www.is.fi\/haku\/?query=Jake%20Paulin\" rel=\"nofollow noopener\" target=\"_blank\">Jake Paulin<\/a> kahdeksaner\u00e4isess\u00e4 nyrkkeilyottelussa.<\/p>\n<p class=\"article-body mb-nof-24 px-nof-16\">Joshuan edellinen ammattilaisottelu p\u00e4\u00e4tyi tappioon, kun syyskuussa 2024 k\u00e4ydyss\u00e4 mittel\u00f6ss\u00e4 <a class=\"article-personlink\" href=\"https:\/\/www.is.fi\/haku\/?query=Daniel%20Dubois\" rel=\"nofollow noopener\" target=\"_blank\">Daniel Dubois<\/a> tyrm\u00e4si Joshuan viidenness\u00e4 er\u00e4ss\u00e4.<\/p>\n<p class=\"article-body mb-nof-24 px-nof-16\">My\u00f6s Tyson Furyn viimeisin ottelu on vuoden takaa, kun ex-maailmanmestari kohtasi <a class=\"article-personlink\" href=\"https:\/\/www.is.fi\/haku\/?query=Oleksandr%20Usykin\" rel=\"nofollow noopener\" target=\"_blank\">Oleksandr Usykin<\/a> viime joulukuussa. Ottelu p\u00e4\u00e4ttyi Usykin pistevoittoon.<\/p>\n<p class=\"article-body mb-nof-24 px-nof-16\">Tappion j\u00e4lkeen Fury kertoi j\u00e4\u00e4v\u00e4ns\u00e4 el\u00e4kkeelle ammattilaisnyrkkeilyst\u00e4.<\/p>\n<p class=\"article-body mb-nof-24 px-nof-16\">Lokakuussa <a class=\"article-genericlink\" href=\"https:\/\/www.is.fi\/nyrkkeily\/art-2000011577920.html\" rel=\"nofollow noopener\" target=\"_blank\">uutisoitiin <\/a>kuitenkin Furyn palaavan keh\u00e4\u00e4n. Joshua kertoi, ett\u00e4 Fury palaa nyrkkeilyn pariin vain otellakseen h\u00e4nt\u00e4 vastaan.<\/p>\n<p class=\"article-body mb-nof-24 px-nof-16\">\u2013\u2009Kyll\u00e4, uskon, ett\u00e4 se tapahtuu. Miksi ei? Mit\u00e4 muuta h\u00e4n tekee? H\u00e4nen on taisteltava minua vastaan, Joshua sanoi tuolloin.<\/p>\n<p><img decoding=\"async\" src=\"https:\/\/www.europesays.com\/fi\/wp-content\/uploads\/2025\/12\/1765660994_156_468.jpg\" alt=\"Anthony Joshua kohtaa Tyson Furyn.\" class=\"_Img_1rerz_1\" style=\"aspect-ratio:1.5\" loading=\"eager\"\/><\/p>\n<p class=\"article-picture-caption\">Anthony Joshua kohtaa Tyson Furyn. Kuva:\u00a0Adrian Dennis \/ AFP<\/p>\n","protected":false},"excerpt":{"rendered":"Kauan odotettu ottelu n\u00e4hd\u00e4\u00e4n ensi syyskuussa. Olympiavoittaja Anthony Joshua ja entinen raskaansarjan maailmanmestari Tyson Fury kohtaavat toisensa ensi&hellip;\n","protected":false},"author":2,"featured_media":115636,"comment_status":"","ping_status":"","sticky":false,"template":"","format":"standard","meta":{"footnotes":""},"categories":[136],"tags":[407,137,33,31,30,34,408,32,109],"class_list":{"0":"post-115635","1":"post","2":"type-post","3":"status-publish","4":"format-standard","5":"has-post-thumbnail","7":"category-julkkikset","8":"tag-celebrities","9":"tag-entertainment","10":"tag-fi","11":"tag-finland","12":"tag-finnish","13":"tag-ilta-sanomat","14":"tag-julkkikset","15":"tag-suomi","16":"tag-viihde"},"share_on_mastodon":{"url":"https:\/\/pubeurope.com\/@fi\/115714366486274863","error":""},"_links":{"self":[{"href":"https:\/\/www.europesays.com\/fi\/wp-json\/wp\/v2\/posts\/115635","targetHints":{"allow":["GET"]}}],"collection":[{"href":"https:\/\/www.europesays.com\/fi\/wp-json\/wp\/v2\/posts"}],"about":[{"href":"https:\/\/www.europesays.com\/fi\/wp-json\/wp\/v2\/types\/post"}],"author":[{"embeddable":true,"href":"https:\/\/www.europesays.com\/fi\/wp-json\/wp\/v2\/users\/2"}],"replies":[{"embeddable":true,"href":"https:\/\/www.europesays.com\/fi\/wp-json\/wp\/v2\/comments?post=115635"}],"version-history":[{"count":0,"href":"https:\/\/www.europesays.com\/fi\/wp-json\/wp\/v2\/posts\/115635\/revisions"}],"wp:featuredmedia":[{"embeddable":true,"href":"https:\/\/www.europesays.com\/fi\/wp-json\/wp\/v2\/media\/115636"}],"wp:attachment":[{"href":"https:\/\/www.europesays.com\/fi\/wp-json\/wp\/v2\/media?parent=115635"}],"wp:term":[{"taxonomy":"category","embeddable":true,"href":"https:\/\/www.europesays.com\/fi\/wp-json\/wp\/v2\/categories?post=115635"},{"taxonomy":"post_tag","embeddable":true,"href":"https:\/\/www.europesays.com\/fi\/wp-json\/wp\/v2\/tags?post=115635"}],"curies":[{"name":"wp","href":"https:\/\/api.w.org\/{rel}","templated":true}]}}