{"id":115639,"date":"2025-12-13T21:30:12","date_gmt":"2025-12-13T21:30:12","guid":{"rendered":"https:\/\/www.europesays.com\/fi\/115639\/"},"modified":"2025-12-13T21:30:12","modified_gmt":"2025-12-13T21:30:12","slug":"johannes-klabolta-taydellinen-floppikisa-aino-kaisa-saarinen-ei-voinut-uskoa-nakemaansa-urheilua-lyhyesti","status":"publish","type":"post","link":"https:\/\/www.europesays.com\/fi\/115639\/","title":{"rendered":"Johannes Kl\u00e4bolta t\u00e4ydellinen floppikisa \u2013 Aino-Kaisa Saarinen ei voinut uskoa n\u00e4kem\u00e4\u00e4ns\u00e4 | Urheilua lyhyesti"},"content":{"rendered":"<p class=\"aw-1gybjub aw-5vja16 kEtdKx kmuxyA yle__article__paragraph\">Norjan Johannes Kl\u00e4bo j\u00e4i Davosin sprintiss\u00e4 poikkeuksellisesti alkueriin. Aino-Kaisa Saarisen mielest\u00e4 norjalaist\u00e4hden sanat ja teot eiv\u00e4t kohtaa.<\/p>\n<p><img decoding=\"async\" alt=\"Johannes Kl\u00e4bo Erik Valnesin kanssa.\" src=\"https:\/\/www.europesays.com\/fi\/wp-content\/uploads\/2025\/12\/39-1569433693dc23c691fc.jpeg\" class=\"aw-1l9m598 hKVVvP\"\/><\/p>\n<p>Avaa kuvien katselu<\/p>\n<p>Johannes Kl\u00e4bo j\u00e4i lauantaina alkueriin. Kuva: Getty Images<\/p>\n<p class=\"aw-1gybjub aw-1p7kakr kEtdKx cEmitX yle__article__paragraph\">Davosin vapaan sprinteiss\u00e4 n\u00e4htiin lauantaina jotain todella poikkeuksellista. Sprinttej\u00e4 vuosikaudet hallinnut Norjan hiihto\u00e4ss\u00e4 <strong class=\"aw-ak79eh KyCXm yle__article__strong\">Johannes Kl\u00e4bo<\/strong> j\u00e4m\u00e4hti alkueriin.<\/p>\n<p class=\"aw-1gybjub aw-1p7kakr kEtdKx cEmitX yle__article__paragraph\">29-vuotias norjalainen oli ensimm\u00e4isess\u00e4 er\u00e4ss\u00e4 nelj\u00e4s eik\u00e4 p\u00e4\u00e4ssyt edes ajalla 12 parhaan joukkoon. H\u00e4nell\u00e4 oli Davosin radalla isoja vaikeuksia, ja ensimm\u00e4isess\u00e4 mutkassa h\u00e4n oli l\u00e4hell\u00e4 menn\u00e4 kumoon.<\/p>\n<p class=\"aw-1gybjub aw-1p7kakr kEtdKx cEmitX yle__article__paragraph\">Maailman kenties monipuolisin hiiht\u00e4j\u00e4 oli viimeksi j\u00e4\u00e4nyt v\u00e4lierien ulkopuolelle vuonna 2016.<\/p>\n<p class=\"aw-1gybjub aw-1p7kakr kEtdKx cEmitX yle__article__paragraph\">Yle Urheilun asiantuntija <strong class=\"aw-ak79eh KyCXm yle__article__strong\">Aino-Kaisa Saarinen<\/strong> \u00e4imisteli Kl\u00e4bon ongelmia. Norjalaisten sprinttihirmujen kokonaispanos oli kokonaisuudessaan heikko, mink\u00e4 asiantuntija n\u00e4kee johtuvan maan hiiht\u00e4jien kovasta panostuksesta alkukauteen.<\/p>\n<p class=\"aw-1gybjub aw-1p7kakr kEtdKx cEmitX yle__article__paragraph\">Norja k\u00e4y kahdeksasta miesten olympiapaikasta mielet\u00f6nt\u00e4 kilpailua. Potentiaalisia olympiavoittajia saattaa j\u00e4\u00e4d\u00e4 helposti Italian talvikisojen ulkopuolelle.<\/p>\n<p class=\"aw-1gybjub aw-1p7kakr kEtdKx cEmitX yle__article__paragraph\">Viikko sitten Trondheimissa py\u00f6riteltiin p\u00e4\u00e4t\u00e4 Norjan miesten ylivoimalle. Yhdistelm\u00e4kisassa kahdeksan ensimm\u00e4ist\u00e4 maaliin tullutta oli norjalaisia.<\/p>\n<p class=\"aw-1gybjub aw-1p7kakr kEtdKx cEmitX yle__article__paragraph\">Nyt norjalaisia oli miesten finaalissa vain yksi.<\/p>\n<p class=\"aw-1gybjub aw-1p7kakr kEtdKx cEmitX yle__article__paragraph\">\u2013 Oli todella kummallista pehmenemist\u00e4 nyt heilt\u00e4. Onko niin, ett\u00e4 kova panostus alkukauden kisoihin on kostautunut? T\u00e4h\u00e4n viikonloppuun osui ainakin jonkinlainen kyykk\u00e4ys.<\/p>\n<p><img decoding=\"async\" alt=\"Johannes Kl\u00e4bo Erik Valnesin kanssa.\" src=\"https:\/\/www.europesays.com\/fi\/wp-content\/uploads\/2025\/12\/39-1569429693dc1fa0cd06.jpeg\" loading=\"lazy\" class=\"aw-1l9m598 hKVVvP\"\/><\/p>\n<p>Avaa kuvien katselu<\/p>\n<p>Kl\u00e4bo ja Erik Valnes olivat ykk\u00f6si\u00e4 parisprintiss\u00e4 perjantaina.  Kuva: Getty ImagesInhimillisi\u00e4 piirteit\u00e4<\/p>\n<p class=\"aw-1gybjub aw-1p7kakr kEtdKx cEmitX yle__article__paragraph\">Kl\u00e4bon olympiapaikka on suurella todenn\u00e4k\u00f6isyydell\u00e4 t\u00e4ysin varma, joten h\u00e4nen on tuskinnut tarvinnut panostaa hirmukovaa heti kauden ensimm\u00e4isiss\u00e4 kisoissa.<\/p>\n<p class=\"aw-1gybjub aw-1p7kakr kEtdKx cEmitX yle__article__paragraph\">Norjalaista on pidetty vaarallisimmillaan voittamattomana. Viime talvena Trondheimissa h\u00e4n ylsi historialliseen tekoon voittamalla kaikki kuusi MM-matkaa. Vaikka h\u00e4n on ollut alkukaudesta hyv\u00e4, aivan parasta Kl\u00e4boa ei ole kuitenkaan n\u00e4hty.<\/p>\n<p class=\"aw-1gybjub aw-1p7kakr kEtdKx cEmitX yle__article__paragraph\">Rukalla h\u00e4nell\u00e4 ei ollut paukkuja Ruotsin <strong class=\"aw-ak79eh KyCXm yle__article__strong\">Edvin Angerin<\/strong> ja It\u00e4vallan <strong class=\"aw-ak79eh KyCXm yle__article__strong\">Mika Vermeulenin<\/strong> maustamassa vapaan yhteisl\u00e4ht\u00f6kisassa. Trondheimissa h\u00e4n oli vapaan v\u00e4liaikal\u00e4ht\u00f6kisassa vasta seitsem\u00e4nneksi paras norjalainen. Eroa ykk\u00f6ssijaan kertyi 21 sekuntia.<\/p>\n<p class=\"aw-1gybjub aw-1p7kakr kEtdKx cEmitX yle__article__paragraph\">Trondheimissa h\u00e4n toki juhli ykk\u00f6ssijaa sprintiss\u00e4 ja yhdistelm\u00e4kisassa, mutta pieni\u00e4 inhimillisi\u00e4 piirteit\u00e4 miehest\u00e4 on joka tapauksessa n\u00e4hty.<\/p>\n<p class=\"aw-1gybjub aw-1p7kakr kEtdKx cEmitX yle__article__paragraph\">\u2013 T\u00e4ll\u00e4 hetkell\u00e4 n\u00e4ytt\u00e4\u00e4, ett\u00e4 h\u00e4n on voitettavissa. Viel\u00e4 ei ole n\u00e4hty koko totuutta. Onko h\u00e4n harjoitellut pidemp\u00e4\u00e4n ja on viel\u00e4 harjoitusmoodissa? Onko h\u00e4n pystynyt laittamaan kaikkea peliin?<\/p>\n<p><img decoding=\"async\" alt=\"Johannes Kl\u00e4bo Erik Valnesin kanssa.\" src=\"https:\/\/www.europesays.com\/fi\/wp-content\/uploads\/2025\/12\/39-1569430693dc21b3c4e1.jpeg\" loading=\"lazy\" class=\"aw-1l9m598 hKVVvP\"\/><\/p>\n<p>Avaa kuvien katselu<\/p>\n<p> Kl\u00e4bon alkukausi ei ollut niin h\u00e4ik\u00e4isev\u00e4 kuin joskus. Kuva: Getty Images\u201dJotain kummallista on menossa\u201d<\/p>\n<p class=\"aw-1gybjub aw-1p7kakr kEtdKx cEmitX yle__article__paragraph\">Sprinteiss\u00e4 Kl\u00e4bolta on n\u00e4hty kiri\u00e4, joten Saarisen mukaan supert\u00e4hden suorituskyky on hyv\u00e4ll\u00e4 tasolla. My\u00f6s sprintin alkuerien toisella kierroksella h\u00e4nell\u00e4 oli ongelmia tasapainon kanssa.<\/p>\n<p class=\"aw-1gybjub aw-1p7kakr kEtdKx cEmitX yle__article__paragraph\">\u2013 Nyt h\u00e4n l\u00e4hti totuttuun tapaan itsevarmasti liikkeelle ja j\u00e4i h\u00e4nnille. Perjantain parisprintiss\u00e4 h\u00e4n oli todennut <strong class=\"aw-ak79eh KyCXm yle__article__strong\">Erik Valnesin<\/strong> kanssa, ett\u00e4 he halusivat olla k\u00e4rkipaikoilla v\u00e4ltt\u00e4\u00e4kseen kolareita.<\/p>\n<p class=\"aw-1gybjub aw-1p7kakr kEtdKx cEmitX yle__article__paragraph\">\u2013 Ihmettelen, ett\u00e4 miten h\u00e4n nyt sprintiss\u00e4 j\u00e4tt\u00e4ytyi h\u00e4nnille? Miksi h\u00e4n teki n\u00e4in, kun perjantaina h\u00e4n puhui ihan toista?<\/p>\n<p class=\"aw-1gybjub aw-1p7kakr kEtdKx cEmitX yle__article__paragraph\">Saarinen kiteytt\u00e4\u00e4, ett\u00e4 Kl\u00e4bon sanat ja teot eiv\u00e4t kohtaa.<\/p>\n<p class=\"aw-1gybjub aw-1p7kakr kEtdKx cEmitX yle__article__paragraph\">\u2013 Jotain arveluttavaa siell\u00e4 on. Kysymysmerkkej\u00e4 on ilmassa. T\u00e4ss\u00e4 on nyt jotain kummallista menossa. Ehk\u00e4 Kl\u00e4bo onkin tavallinen kuolevainen. Todella mielenkiintoista n\u00e4hd\u00e4 huominen, Saarinen viittaa sunnuntaina hiihdett\u00e4v\u00e4\u00e4n 10 kilometrin v\u00e4liaikal\u00e4ht\u00f6kisaan vapaalla hiihtotavalla.<\/p>\n<p class=\"aw-1gybjub aw-1p7kakr kEtdKx cEmitX yle__article__paragraph\">Miesten kisan voitti Ranskan <strong class=\"aw-ak79eh KyCXm yle__article__strong\">Lucas Chanavat<\/strong> ennen italialaiskonkari <strong class=\"aw-ak79eh KyCXm yle__article__strong\">Federico Pellegrinoa<\/strong> ja Norjan <strong class=\"aw-ak79eh KyCXm yle__article__strong\">Oskar Opstad Vikea<\/strong>. Naisten finaalin vei Ruotsin <strong class=\"aw-ak79eh KyCXm yle__article__strong\">Jonna Sundling<\/strong> ennen <strong class=\"aw-ak79eh KyCXm yle__article__strong\">Mathilde Myhrvoldia<\/strong> (NOR) ja Sveitsin <strong class=\"aw-ak79eh KyCXm yle__article__strong\">Nadine F\u00e4hndrichi\u00e4<\/strong>.<\/p>\n","protected":false},"excerpt":{"rendered":"Norjan Johannes Kl\u00e4bo j\u00e4i Davosin sprintiss\u00e4 poikkeuksellisesti alkueriin. Aino-Kaisa Saarisen mielest\u00e4 norjalaist\u00e4hden sanat ja teot eiv\u00e4t kohtaa. Avaa&hellip;\n","protected":false},"author":2,"featured_media":115640,"comment_status":"","ping_status":"","sticky":false,"template":"","format":"standard","meta":{"footnotes":""},"categories":[158],"tags":[15355,33,31,30,2095,21154,18916,159,32,160],"class_list":{"0":"post-115639","1":"post","2":"type-post","3":"status-publish","4":"format-standard","5":"has-post-thumbnail","7":"category-urheilu","8":"tag-aino-kaisa-saarinen","9":"tag-fi","10":"tag-finland","11":"tag-finnish","12":"tag-hiihto","13":"tag-johannes-hosflot-klaebo","14":"tag-maastohiihdon-maailmancup","15":"tag-sports","16":"tag-suomi","17":"tag-urheilu"},"share_on_mastodon":{"url":"https:\/\/pubeurope.com\/@fi\/115714393916175845","error":""},"_links":{"self":[{"href":"https:\/\/www.europesays.com\/fi\/wp-json\/wp\/v2\/posts\/115639","targetHints":{"allow":["GET"]}}],"collection":[{"href":"https:\/\/www.europesays.com\/fi\/wp-json\/wp\/v2\/posts"}],"about":[{"href":"https:\/\/www.europesays.com\/fi\/wp-json\/wp\/v2\/types\/post"}],"author":[{"embeddable":true,"href":"https:\/\/www.europesays.com\/fi\/wp-json\/wp\/v2\/users\/2"}],"replies":[{"embeddable":true,"href":"https:\/\/www.europesays.com\/fi\/wp-json\/wp\/v2\/comments?post=115639"}],"version-history":[{"count":0,"href":"https:\/\/www.europesays.com\/fi\/wp-json\/wp\/v2\/posts\/115639\/revisions"}],"wp:featuredmedia":[{"embeddable":true,"href":"https:\/\/www.europesays.com\/fi\/wp-json\/wp\/v2\/media\/115640"}],"wp:attachment":[{"href":"https:\/\/www.europesays.com\/fi\/wp-json\/wp\/v2\/media?parent=115639"}],"wp:term":[{"taxonomy":"category","embeddable":true,"href":"https:\/\/www.europesays.com\/fi\/wp-json\/wp\/v2\/categories?post=115639"},{"taxonomy":"post_tag","embeddable":true,"href":"https:\/\/www.europesays.com\/fi\/wp-json\/wp\/v2\/tags?post=115639"}],"curies":[{"name":"wp","href":"https:\/\/api.w.org\/{rel}","templated":true}]}}