{"id":115659,"date":"2025-12-13T22:02:08","date_gmt":"2025-12-13T22:02:08","guid":{"rendered":"https:\/\/www.europesays.com\/fi\/115659\/"},"modified":"2025-12-13T22:02:08","modified_gmt":"2025-12-13T22:02:08","slug":"esteratsastaja-ja-skopn-entinen-paajohtaja-christopher-wegelius-on-kuollut-uutisia-lyhyesti","status":"publish","type":"post","link":"https:\/\/www.europesays.com\/fi\/115659\/","title":{"rendered":"Esteratsastaja ja SKOP:n entinen p\u00e4\u00e4johtaja Christopher Wegelius on kuollut | Uutisia lyhyesti"},"content":{"rendered":"<p><img decoding=\"async\" alt=\"Christopher Wegelius poseeraa ratsastusareenalla.\" src=\"https:\/\/www.europesays.com\/fi\/wp-content\/uploads\/2025\/12\/39-1569439693dd5fd03fff.jpeg\" class=\"aw-1l9m598 hKVVvP\"\/><\/p>\n<p>Avaa kuvien katselu<\/p>\n<p>Christopher Wegelius menehtyi keskiviikkoiltana 81-vuotiaana. Kuva: Jaakko Avikainen \/ Lehtikuva<\/p>\n<p>13.12. 23:06\u2022P\u00e4ivitetty 0:00<\/p>\n<p class=\"aw-1gybjub aw-1p7kakr kEtdKx cEmitX yle__article__paragraph\">Entinen esteratsastaja ja SKOP:n entinen p\u00e4\u00e4johtaja <strong class=\"aw-ak79eh KyCXm yle__article__strong\">Christopher Wegelius<\/strong> (1944\u20132025) on kuollut 81-vuotiaana.<\/p>\n<p class=\"aw-1gybjub aw-1p7kakr kEtdKx cEmitX yle__article__paragraph\">Asian on vahvistanut <a class=\"aw-iao6s4 iHOxEa yle__article__link\" href=\"https:\/\/www.hevosurheilu.fi\/lahikuvat\/lahikuvat-ratsastus\/muistamme-christopher-wegelius\" role=\"link\" rel=\"nofollow noopener\" target=\"_blank\">Hevosurheilu-sivustolle <\/a>Wegeliuksen sisar <strong class=\"aw-ak79eh KyCXm yle__article__strong\">Helene S\u00f6derblom<\/strong>. H\u00e4n kertoi Wegeliuksen olleen hyvin huonossa kunnossa ja sairaalahoidossa jo useamman kuukauden ajan.<\/p>\n<p class=\"aw-1gybjub aw-1p7kakr kEtdKx cEmitX yle__article__paragraph\">\u2013 Veljeni nukkui pois my\u00f6h\u00e4\u00e4n keskiviikkoiltana. Kaikki tapahtui hyvin rauhallisesti, h\u00e4n kuoli nukkuessaan, S\u00f6derblom kertoi Hevosurheilulle.<\/p>\n<p class=\"aw-1gybjub aw-1p7kakr kEtdKx cEmitX yle__article__paragraph\">Wegelius oli siviiliammatiltaan asianajaja, ja h\u00e4n toimi S\u00e4\u00e4st\u00f6pankkien Keskus-Osake-Pankin eli SKOP:n johtokunnan j\u00e4senen\u00e4 vuosina 1977\u20131984, toimitusjohtajana vuosina 1985\u20131988 ja p\u00e4\u00e4johtajana vuosina 1989\u20131991. H\u00e4n oli keskeisesti esill\u00e4 1990-luvun pankkikriisin selvittelyss\u00e4.<\/p>\n<p>Suomen historian menestynein esteratsastaja<\/p>\n<p class=\"aw-1gybjub aw-1p7kakr kEtdKx cEmitX yle__article__paragraph\">Christopher Wegelius oli my\u00f6s Suomen historian menestynein esteratsastaja. H\u00e4n voitti urallaan kuusi Suomen mestaruutta ja saavutti useita kansainv\u00e4lisi\u00e4 GP-sijoituksia. Vuonna 1980 Wegelius ylsi esteratsastuksessa 12. sijalle edustaessaan Suomea Moskovan olympialaisissa ratsunaan Monday Morning. Sen koommin ei suomalaisia esteratsastajia ole olympialaisissa n\u00e4hty.<\/p>\n<p class=\"aw-1gybjub aw-1p7kakr kEtdKx cEmitX yle__article__paragraph\">Wegelius p\u00e4\u00e4tti noin 40 vuotta kest\u00e4neen aktiivisen kilpauransa vuonna 2001. Vuodesta 1992 l\u00e4htien h\u00e4n toimi my\u00f6s hevoskauppiaana ja -v\u00e4litt\u00e4j\u00e4n\u00e4 sek\u00e4 valmentajana.<\/p>\n<p class=\"aw-1gybjub aw-1p7kakr kEtdKx cEmitX yle__article__paragraph\">Wegelius oli naimisissa englantilaisen <strong class=\"aw-ak79eh KyCXm yle__article__strong\">Elizabeth Jane Murrayn<\/strong> kanssa. Pariskunnalla on kaksi lasta. Entinen ammattipy\u00f6r\u00e4ilij\u00e4 <strong class=\"aw-ak79eh KyCXm yle__article__strong\">Charles Wegelius<\/strong> on Christopher Wegeliuksen poika.<\/p>\n","protected":false},"excerpt":{"rendered":"Avaa kuvien katselu Christopher Wegelius menehtyi keskiviikkoiltana 81-vuotiaana. Kuva: Jaakko Avikainen \/ Lehtikuva 13.12. 23:06\u2022P\u00e4ivitetty 0:00 Entinen esteratsastaja&hellip;\n","protected":false},"author":2,"featured_media":115660,"comment_status":"","ping_status":"","sticky":false,"template":"","format":"standard","meta":{"footnotes":""},"categories":[12],"tags":[22,23,21167,21166,26,27,33,31,30,17,71,683,4223,24,25,28,29,15,18,21,21168,32,19,20,16,5311],"class_list":{"0":"post-115659","1":"post","2":"type-post","3":"status-publish","4":"format-standard","5":"has-post-thumbnail","7":"category-suomi","8":"tag-breaking-news","9":"tag-breakingnews","10":"tag-christopher-wegelius","11":"tag-esteratsastajat","12":"tag-featured-news","13":"tag-featurednews","14":"tag-fi","15":"tag-finland","16":"tag-finnish","17":"tag-headlines","18":"tag-kotimaa","19":"tag-kuolema","20":"tag-kuolleet","21":"tag-latest-news","22":"tag-latestnews","23":"tag-main-news","24":"tag-mainnews","25":"tag-news","26":"tag-otsikot","27":"tag-paauutiset","28":"tag-skop","29":"tag-suomi","30":"tag-top-stories","31":"tag-topstories","32":"tag-uutiset","33":"tag-yritysjohtajat"},"share_on_mastodon":{"url":"https:\/\/pubeurope.com\/@fi\/115714519724849225","error":""},"_links":{"self":[{"href":"https:\/\/www.europesays.com\/fi\/wp-json\/wp\/v2\/posts\/115659","targetHints":{"allow":["GET"]}}],"collection":[{"href":"https:\/\/www.europesays.com\/fi\/wp-json\/wp\/v2\/posts"}],"about":[{"href":"https:\/\/www.europesays.com\/fi\/wp-json\/wp\/v2\/types\/post"}],"author":[{"embeddable":true,"href":"https:\/\/www.europesays.com\/fi\/wp-json\/wp\/v2\/users\/2"}],"replies":[{"embeddable":true,"href":"https:\/\/www.europesays.com\/fi\/wp-json\/wp\/v2\/comments?post=115659"}],"version-history":[{"count":0,"href":"https:\/\/www.europesays.com\/fi\/wp-json\/wp\/v2\/posts\/115659\/revisions"}],"wp:featuredmedia":[{"embeddable":true,"href":"https:\/\/www.europesays.com\/fi\/wp-json\/wp\/v2\/media\/115660"}],"wp:attachment":[{"href":"https:\/\/www.europesays.com\/fi\/wp-json\/wp\/v2\/media?parent=115659"}],"wp:term":[{"taxonomy":"category","embeddable":true,"href":"https:\/\/www.europesays.com\/fi\/wp-json\/wp\/v2\/categories?post=115659"},{"taxonomy":"post_tag","embeddable":true,"href":"https:\/\/www.europesays.com\/fi\/wp-json\/wp\/v2\/tags?post=115659"}],"curies":[{"name":"wp","href":"https:\/\/api.w.org\/{rel}","templated":true}]}}