{"id":115692,"date":"2025-12-13T23:14:10","date_gmt":"2025-12-13T23:14:10","guid":{"rendered":"https:\/\/www.europesays.com\/fi\/115692\/"},"modified":"2025-12-13T23:14:10","modified_gmt":"2025-12-13T23:14:10","slug":"mohamed-salah-kuittasi-penkityksensa-maalisyotolla-liverpool-jatkoi-tappiotonta-putkeaan-urheilua-lyhyesti","status":"publish","type":"post","link":"https:\/\/www.europesays.com\/fi\/115692\/","title":{"rendered":"Mohamed Salah kuittasi penkityksens\u00e4 maalisy\u00f6t\u00f6ll\u00e4 \u2013 Liverpool jatkoi tappiotonta putkeaan | Urheilua lyhyesti"},"content":{"rendered":"<p class=\"aw-1gybjub aw-5vja16 kEtdKx kmuxyA yle__article__paragraph\">Mohamed Salah otettiin kent\u00e4lle ottelun 26. peliminuutilla. Liverpool venytti tappiottoman putkensa viiteen Brightonia vastaan.<\/p>\n<p><img decoding=\"async\" alt=\"Mohamed Salah kiitt\u00e4\u00e4 faneja ottelun j\u00e4lkeen.\" src=\"https:\/\/www.europesays.com\/fi\/wp-content\/uploads\/2025\/12\/39-1569383693db0889a50c.jpeg\" class=\"aw-1l9m598 hKVVvP\"\/><\/p>\n<p>Avaa kuvien katselu<\/p>\n<p>Mohamed Salah kiitti yleis\u00f6\u00e4 Brighton-ottelun j\u00e4lkeen. Kuva: Ryan Browne\/Shutterstock\/All Over Press<\/p>\n<p class=\"aw-1gybjub aw-1p7kakr kEtdKx cEmitX yle__article__paragraph\">Englannin Valioliigassa Liverpoolin t\u00e4htipelaajan <strong class=\"aw-ak79eh KyCXm yle__article__strong\">Mohamed Salahin<\/strong> hyllytys p\u00e4\u00e4ttyi joukkueen 2\u20130-voitossa Brightonia vastaan.<\/p>\n<p class=\"aw-1gybjub aw-1p7kakr kEtdKx cEmitX yle__article__paragraph\">Salah otettiin kent\u00e4lle peliminuutilla 26, kun puolustaja <strong class=\"aw-ak79eh KyCXm yle__article__strong\">Joe Gomez<\/strong> joutui j\u00e4tt\u00e4m\u00e4\u00e4n ottelun loukkaantumisen vuoksi.<\/p>\n<p class=\"aw-1gybjub aw-1p7kakr kEtdKx cEmitX yle__article__paragraph\">T\u00e4htihy\u00f6kk\u00e4\u00e4j\u00e4 kiitti saamaansa vastuuta tarjoilemalla kulmapotkusta <strong class=\"aw-ak79eh KyCXm yle__article__strong\">Hugo Ekitiken<\/strong> maalin tunnin pelin j\u00e4lkeen. Ekitike vastasi Liverpoolin molemmista osumista, kun h\u00e4n avasi joukkueen maalitilin ainoastaan 46 sekunnin pelin j\u00e4lkeen.<\/p>\n<p class=\"aw-1gybjub aw-1p7kakr kEtdKx cEmitX yle__article__paragraph\">Viime aikoina Salah on joutunut aloittamaan otteluita vaihtopenkilt\u00e4 ja h\u00e4net j\u00e4tettiin ulos joukkueen kokoonpanosta Mestarien liigan ottelussa Inter Milania vastaan. Viime viikonloppuna Salah kritisoi Liverpoolin seurajohtoa ja p\u00e4\u00e4valmentajaa <strong class=\"aw-ak79eh KyCXm yle__article__strong\">Arne Slotia<\/strong> ja kuvaili heid\u00e4n heitt\u00e4neen h\u00e4net \u201dbussin alle\u201d.<\/p>\n<p class=\"aw-1gybjub aw-1p7kakr kEtdKx cEmitX yle__article__paragraph\">\u2013 Syy siihen, miksi h\u00e4n ei ollut Milanossa, oli h\u00e4nen haastattelunsa, ja kaikilla on eri mielipide siit\u00e4, kuinka kauan h\u00e4nen olisi pit\u00e4nyt olla pois joukkueesta, Slot kommentoi ottelun j\u00e4lkeen.<\/p>\n<p class=\"aw-1gybjub aw-1p7kakr kEtdKx cEmitX yle__article__paragraph\">Voiton j\u00e4lkeen Salah antoi suosionosoituksensa Anfieldin stadionin kotiyleis\u00f6lle. Egyptil\u00e4ispelaajan on m\u00e4\u00e4r\u00e4 ilmoittautua maajoukkueen k\u00e4ytett\u00e4v\u00e4ksi maanantaina ennen Afrikan mestaruuskisoja. Salah saattaa olla sivussa jopa seuraavasta kahdeksasta Liverpoolin ottelusta, mik\u00e4li Egypti p\u00e4\u00e4see finaaliin Marokossa pelattavassa kilpailussa.<\/p>\n<p class=\"aw-1gybjub aw-1p7kakr kEtdKx cEmitX yle__article__paragraph\">Salah v\u00e4l\u00e4ytti antamassaan haastattelussa, ett\u00e4 ottelu saattoi olla h\u00e4nen j\u00e4\u00e4hyv\u00e4isottelunsa Liverpoolissa.<\/p>\n<p class=\"aw-1gybjub aw-1p7kakr kEtdKx cEmitX yle__article__paragraph\">My\u00f6s p\u00e4\u00e4valmentaja Slotilta kysyttiin, haluaisiko h\u00e4n Salahin palaavan joukkueen vahvuuteen tammikuussa.<\/p>\n<p class=\"aw-1gybjub aw-1p7kakr kEtdKx cEmitX yle__article__paragraph\">\u2013 Kyll\u00e4. Mielest\u00e4ni h\u00e4n on Liverpoolin pelaaja ja k\u00e4yt\u00e4n h\u00e4nt\u00e4 mielell\u00e4ni silloin, kun tarvitsemme h\u00e4nt\u00e4.<\/p>\n<p class=\"aw-1gybjub aw-1p7kakr kEtdKx cEmitX yle__article__paragraph\">Liverpool nousi voitolla Valioliigan sarjataulukossa kuudenneksi, Brighton putosi sijalle yhdeks\u00e4n.<\/p>\n<p class=\"aw-1gybjub aw-1p7kakr kEtdKx cEmitX yle__article__paragraph\">L\u00e4hde: <a class=\"aw-iao6s4 iHOxEa yle__article__link\" href=\"https:\/\/www.bbc.com\/sport\/football\/live\/cnv2r76lp56t\" role=\"link\" rel=\"nofollow noopener\" target=\"_blank\">BBC<\/a><\/p>\n","protected":false},"excerpt":{"rendered":"Mohamed Salah otettiin kent\u00e4lle ottelun 26. peliminuutilla. Liverpool venytti tappiottoman putkensa viiteen Brightonia vastaan. Avaa kuvien katselu Mohamed&hellip;\n","protected":false},"author":2,"featured_media":115693,"comment_status":"","ping_status":"","sticky":false,"template":"","format":"standard","meta":{"footnotes":""},"categories":[158],"tags":[1924,531,33,31,30,43,529,21171,159,32,160],"class_list":{"0":"post-115692","1":"post","2":"type-post","3":"status-publish","4":"format-standard","5":"has-post-thumbnail","7":"category-urheilu","8":"tag-brittien-jalkapallo","9":"tag-englannin-valioliiga","10":"tag-fi","11":"tag-finland","12":"tag-finnish","13":"tag-jalkapallo","14":"tag-liverpool-fc","15":"tag-mohamed-salah","16":"tag-sports","17":"tag-suomi","18":"tag-urheilu"},"share_on_mastodon":{"url":"https:\/\/pubeurope.com\/@fi\/115714802965159393","error":""},"_links":{"self":[{"href":"https:\/\/www.europesays.com\/fi\/wp-json\/wp\/v2\/posts\/115692","targetHints":{"allow":["GET"]}}],"collection":[{"href":"https:\/\/www.europesays.com\/fi\/wp-json\/wp\/v2\/posts"}],"about":[{"href":"https:\/\/www.europesays.com\/fi\/wp-json\/wp\/v2\/types\/post"}],"author":[{"embeddable":true,"href":"https:\/\/www.europesays.com\/fi\/wp-json\/wp\/v2\/users\/2"}],"replies":[{"embeddable":true,"href":"https:\/\/www.europesays.com\/fi\/wp-json\/wp\/v2\/comments?post=115692"}],"version-history":[{"count":0,"href":"https:\/\/www.europesays.com\/fi\/wp-json\/wp\/v2\/posts\/115692\/revisions"}],"wp:featuredmedia":[{"embeddable":true,"href":"https:\/\/www.europesays.com\/fi\/wp-json\/wp\/v2\/media\/115693"}],"wp:attachment":[{"href":"https:\/\/www.europesays.com\/fi\/wp-json\/wp\/v2\/media?parent=115692"}],"wp:term":[{"taxonomy":"category","embeddable":true,"href":"https:\/\/www.europesays.com\/fi\/wp-json\/wp\/v2\/categories?post=115692"},{"taxonomy":"post_tag","embeddable":true,"href":"https:\/\/www.europesays.com\/fi\/wp-json\/wp\/v2\/tags?post=115692"}],"curies":[{"name":"wp","href":"https:\/\/api.w.org\/{rel}","templated":true}]}}