{"id":115700,"date":"2025-12-13T23:21:16","date_gmt":"2025-12-13T23:21:16","guid":{"rendered":"https:\/\/www.europesays.com\/fi\/115700\/"},"modified":"2025-12-13T23:21:16","modified_gmt":"2025-12-13T23:21:16","slug":"lasten-hyvaksikayttoskandaali-sai-tuhannet-marssimaan-budapestissa-uutisia-lyhyesti","status":"publish","type":"post","link":"https:\/\/www.europesays.com\/fi\/115700\/","title":{"rendered":"Lasten hyv\u00e4ksik\u00e4ytt\u00f6skandaali sai tuhannet marssimaan Budapestissa | Uutisia lyhyesti"},"content":{"rendered":"<p>13.12. 20:26\u2022P\u00e4ivitetty 13.12. 20:30<\/p>\n<p class=\"aw-1gybjub aw-1p7kakr kEtdKx cEmitX yle__article__paragraph\">Tuhannet unkarilaiset marssivat p\u00e4\u00e4ministeri <strong class=\"aw-ak79eh KyCXm yle__article__strong\">Viktor Orb\u00e1nin<\/strong> virka-asunnolle lauantaina oppositiojohtaja <strong class=\"aw-ak79eh KyCXm yle__article__strong\">Peter Magyarin<\/strong> johdolla.<\/p>\n<p class=\"aw-1gybjub aw-1p7kakr kEtdKx cEmitX yle__article__paragraph\">Magyar vaati pitk\u00e4\u00e4n vallassa ollutta kansallismielist\u00e4 p\u00e4\u00e4ministeri\u00e4 eroamaan nuorisovankilassa paljastuneen hyv\u00e4ksik\u00e4ytt\u00f6skandaalin vuoksi.<\/p>\n<p class=\"aw-1gybjub aw-1p7kakr kEtdKx cEmitX yle__article__paragraph\">Mielenosoittajat kulkivat Budapestin kaduilla kantaen pehmoleluja ja soihtuja osoittaakseen tukensa fyysisen v\u00e4kivallan uhreille.<\/p>\n<p class=\"aw-1gybjub aw-1p7kakr kEtdKx cEmitX yle__article__paragraph\">Syytt\u00e4j\u00e4viraston mukaan seitsem\u00e4n henkil\u00f6\u00e4 on toistaiseksi pid\u00e4tetty valtion yll\u00e4pit\u00e4m\u00e4ss\u00e4 Budapestin nuorisovankilassa.<\/p>\n<p class=\"aw-1gybjub aw-1p7kakr kEtdKx cEmitX yle__article__paragraph\">P\u00e4\u00e4ministeri Orb\u00e1n on tuominnut hyv\u00e4ksik\u00e4yt\u00f6n jyrk\u00e4sti kutsuen sit\u00e4 \u201dhyv\u00e4ksym\u00e4tt\u00f6m\u00e4ksi ja rikolliseksi\u201d.<\/p>\n<p class=\"aw-1gybjub aw-1p7kakr kEtdKx cEmitX yle__article__paragraph\">L\u00e4hde: Reuters<\/p>\n","protected":false},"excerpt":{"rendered":"13.12. 20:26\u2022P\u00e4ivitetty 13.12. 20:30 Tuhannet unkarilaiset marssivat p\u00e4\u00e4ministeri Viktor Orb\u00e1nin virka-asunnolle lauantaina oppositiojohtaja Peter Magyarin johdolla. Magyar vaati&hellip;\n","protected":false},"author":2,"featured_media":74,"comment_status":"","ping_status":"","sticky":false,"template":"","format":"standard","meta":{"footnotes":""},"categories":[5],"tags":[22,23,26,27,33,31,30,17,24,25,28,29,2571,15,18,21,581,32,19,20,56,4227,16,4769],"class_list":{"0":"post-115700","1":"post","2":"type-post","3":"status-publish","4":"format-standard","5":"has-post-thumbnail","7":"category-otsikot","8":"tag-breaking-news","9":"tag-breakingnews","10":"tag-featured-news","11":"tag-featurednews","12":"tag-fi","13":"tag-finland","14":"tag-finnish","15":"tag-headlines","16":"tag-latest-news","17":"tag-latestnews","18":"tag-main-news","19":"tag-mainnews","20":"tag-mielenosoitukset","21":"tag-news","22":"tag-otsikot","23":"tag-paauutiset","24":"tag-rikokset","25":"tag-suomi","26":"tag-top-stories","27":"tag-topstories","28":"tag-ulkomaat","29":"tag-unkari","30":"tag-uutiset","31":"tag-viktor-orban"},"share_on_mastodon":{"url":"https:\/\/pubeurope.com\/@fi\/115714830049967153","error":""},"_links":{"self":[{"href":"https:\/\/www.europesays.com\/fi\/wp-json\/wp\/v2\/posts\/115700","targetHints":{"allow":["GET"]}}],"collection":[{"href":"https:\/\/www.europesays.com\/fi\/wp-json\/wp\/v2\/posts"}],"about":[{"href":"https:\/\/www.europesays.com\/fi\/wp-json\/wp\/v2\/types\/post"}],"author":[{"embeddable":true,"href":"https:\/\/www.europesays.com\/fi\/wp-json\/wp\/v2\/users\/2"}],"replies":[{"embeddable":true,"href":"https:\/\/www.europesays.com\/fi\/wp-json\/wp\/v2\/comments?post=115700"}],"version-history":[{"count":0,"href":"https:\/\/www.europesays.com\/fi\/wp-json\/wp\/v2\/posts\/115700\/revisions"}],"wp:featuredmedia":[{"embeddable":true,"href":"https:\/\/www.europesays.com\/fi\/wp-json\/wp\/v2\/media\/74"}],"wp:attachment":[{"href":"https:\/\/www.europesays.com\/fi\/wp-json\/wp\/v2\/media?parent=115700"}],"wp:term":[{"taxonomy":"category","embeddable":true,"href":"https:\/\/www.europesays.com\/fi\/wp-json\/wp\/v2\/categories?post=115700"},{"taxonomy":"post_tag","embeddable":true,"href":"https:\/\/www.europesays.com\/fi\/wp-json\/wp\/v2\/tags?post=115700"}],"curies":[{"name":"wp","href":"https:\/\/api.w.org\/{rel}","templated":true}]}}