{"id":115701,"date":"2025-12-13T23:33:13","date_gmt":"2025-12-13T23:33:13","guid":{"rendered":"https:\/\/www.europesays.com\/fi\/115701\/"},"modified":"2025-12-13T23:33:13","modified_gmt":"2025-12-13T23:33:13","slug":"mari-perankoski-ei-uskonut-hanen-ja-jounin-suhteen-etenevan","status":"publish","type":"post","link":"https:\/\/www.europesays.com\/fi\/115701\/","title":{"rendered":"Mari Perankoski ei uskonut h\u00e4nen ja Jounin suhteen etenev\u00e4n"},"content":{"rendered":"<p>\n  Kun Mari Perankoski ja Jouni Hynynen tapasivat, Jouni oli naimisissa. Parin v\u00e4lill\u00e4 oli kuitenkin jotain erityist\u00e4.<\/p>\n<p>Kun n\u00e4yttelij\u00e4 <strong>Mari Perankoski<\/strong> ja muusikko <strong><a href=\"https:\/\/seura.fi\/asiat\/ajankohtaista\/jouni-hynynen-ja-mari-perankoski\/\" rel=\"nofollow noopener\" target=\"_blank\">Jouni Hynynen<\/a><\/strong> tutustuivat toisiinsa, Marista alkoi pian tuntumaan, ett\u00e4 kaksikon v\u00e4lill\u00e4 oli jotain erityist\u00e4.<\/p>\n<p>Ensikohtaaminen tapahtui vuonna 2010 Ruisrockissa, jossa Mari kuvasi piilokamerasarjaa n\u00e4yttelij\u00e4 <strong>Kari \u201dHissu\u201d Hietalahden<\/strong> kanssa. Kari ja Jouni ovat hyvi\u00e4 kavereita, joten h\u00e4n pyysi Kotiteollisuutta mukaan muutamaan sketsiin.<\/p>\n<p>\u201dMeill\u00e4 oli heti hauskaa yhdess\u00e4. Ihailin Jounin naurua ja ihanaa kelttil\u00e4ist\u00e4 ihoa\u201d, Mari muistelee <a href=\"https:\/\/kotiliesi.fi\/ihmiset\/mari-perankoski-elamani-kuvat\/\" target=\"_blank\" rel=\"noreferrer noopener nofollow\">Kotilieden<\/a> haastattelussa.<\/p>\n<p>Kaksi vuotta my\u00f6hemmin Mari ja Jouni tapasivat poliisisarja Roban karonkassa.<\/p>\n<p>\u201dHissu pyysi koko porukalle liput Kotiteollisuuden keikalle Tavastialle ja l\u00e4hetti Jounille viestin, ett\u00e4 Mari on sinkku, teid\u00e4n pit\u00e4isi olla yhdess\u00e4.\u201d<\/p>\n<p>Jouni oli kuitenkin naimisissa, ja Mari ajatteli, ett\u00e4 heid\u00e4n suhteensa j\u00e4isi vain tekstiviestitasolle. <\/p>\n<p>H\u00e4n tallensi muusikon numeron puhelimeensa nimell\u00e4 Jouni \u00c4l\u00e4 Vastaa Hynynen. <\/p>\n<p>Marin poikaa nauratti Jounin ulkon\u00e4k\u00f6<\/p>\n<p>Mari Perankoski ja Jouni Hynynen alkoivat seurustelemaan, kun muusikko kertoi Marista perheelleen.<\/p>\n<p>Mari muistelee <a href=\"https:\/\/kotiliesi.fi\/ihmiset\/mari-perankoski-elamani-kuvat\/\" target=\"_blank\" rel=\"noreferrer noopener nofollow\">Kotilieden<\/a> haastattelussa sit\u00e4, kun h\u00e4n esitteli Jounin pojalleen <strong>Joelille<\/strong>.<\/p>\n<p>\u201dH\u00e4n l\u00e4hinn\u00e4 naureskeli miehen partaiselle ulkomuodolle.\u201d<\/p>\n<p>Marin mukaan Jounin ja Joelin v\u00e4lit ovat aina olleet mutkattomat. Kaksikko keskustelee jatkuvasti musiikista.<\/p>\n<p>\u201dJopi piinaa Jounia automatkoilla soittamalla r\u00e4ppi\u00e4, ja Jouni kilttin\u00e4 antaa<br \/>kotistudionsa k\u00e4ytt\u00f6\u00f6n, vaikka h\u00e4nell\u00e4kin olisi siell\u00e4 teht\u00e4v\u00e4\u00e4.\u201d<\/p>\n<p>Parasta Jounissa on n\u00e4yttelij\u00e4n mielest\u00e4 luotettavuus ja turvallisuus. Huumori ja intohimo sitoo paria yhteen.<\/p>\n<p><a href=\"https:\/\/seura.fi\/viihde\/julkkikset\/mari-hynynen-ja-joel-volanen\/\" rel=\"nofollow noopener\" target=\"_blank\">Lue my\u00f6s: \u00c4iti ja poika \u2013 Mari Hynynen ja Joel Volanen ovat toistensa suurimmat fanit: \u201dJoel muuttuu erakosta sosiaaliseksi kuin nappia painamalla\u201d<\/a><\/p>\n<p>    <a href=\"https:\/\/seura.fi\/wp-content\/uploads\/2025\/11\/nimeton-malli-52.jpg\" rel=\"nofollow noopener\" target=\"_blank\"><img loading=\"lazy\" decoding=\"async\" alt=\"\" class=\"wp-image-2130932 awpo-lqip awpo-lazy\" width=\"2100\" height=\"1400\" style=\"--aspect-ratio: 1.5\" src=\"https:\/\/www.europesays.com\/fi\/wp-content\/uploads\/2025\/12\/nimeton-malli-52.jpg\"\/><\/a><br \/>\n      \u00c4iti Mari Hynynen ja poika Joel Volanen seikkailevat kaksikkona Amazing Race Suomen tuoreimmalla kaudella. Toisissaan he ihailevat muun muassa sinnikkyytt\u00e4, empaattisuutta ja hauskuutta.      <\/p>\n<p>          \u00a9 Tommi Tuomi \/ Otavamedia        <\/p>\n","protected":false},"excerpt":{"rendered":"Kun Mari Perankoski ja Jouni Hynynen tapasivat, Jouni oli naimisissa. Parin v\u00e4lill\u00e4 oli kuitenkin jotain erityist\u00e4. Kun n\u00e4yttelij\u00e4&hellip;\n","protected":false},"author":2,"featured_media":115702,"comment_status":"","ping_status":"","sticky":false,"template":"","format":"standard","meta":{"footnotes":""},"categories":[136],"tags":[407,137,33,31,30,8470,408,3085,8473,8472,1496,1311,32,109],"class_list":{"0":"post-115701","1":"post","2":"type-post","3":"status-publish","4":"format-standard","5":"has-post-thumbnail","7":"category-julkkikset","8":"tag-celebrities","9":"tag-entertainment","10":"tag-fi","11":"tag-finland","12":"tag-finnish","13":"tag-jouni-hynynen","14":"tag-julkkikset","15":"tag-kotiliesi","16":"tag-mari-hynynen","17":"tag-mari-perankoski","18":"tag-parisuhde","19":"tag-rakkaus","20":"tag-suomi","21":"tag-viihde"},"share_on_mastodon":{"url":"https:\/\/pubeurope.com\/@fi\/115714877446195971","error":""},"_links":{"self":[{"href":"https:\/\/www.europesays.com\/fi\/wp-json\/wp\/v2\/posts\/115701","targetHints":{"allow":["GET"]}}],"collection":[{"href":"https:\/\/www.europesays.com\/fi\/wp-json\/wp\/v2\/posts"}],"about":[{"href":"https:\/\/www.europesays.com\/fi\/wp-json\/wp\/v2\/types\/post"}],"author":[{"embeddable":true,"href":"https:\/\/www.europesays.com\/fi\/wp-json\/wp\/v2\/users\/2"}],"replies":[{"embeddable":true,"href":"https:\/\/www.europesays.com\/fi\/wp-json\/wp\/v2\/comments?post=115701"}],"version-history":[{"count":0,"href":"https:\/\/www.europesays.com\/fi\/wp-json\/wp\/v2\/posts\/115701\/revisions"}],"wp:featuredmedia":[{"embeddable":true,"href":"https:\/\/www.europesays.com\/fi\/wp-json\/wp\/v2\/media\/115702"}],"wp:attachment":[{"href":"https:\/\/www.europesays.com\/fi\/wp-json\/wp\/v2\/media?parent=115701"}],"wp:term":[{"taxonomy":"category","embeddable":true,"href":"https:\/\/www.europesays.com\/fi\/wp-json\/wp\/v2\/categories?post=115701"},{"taxonomy":"post_tag","embeddable":true,"href":"https:\/\/www.europesays.com\/fi\/wp-json\/wp\/v2\/tags?post=115701"}],"curies":[{"name":"wp","href":"https:\/\/api.w.org\/{rel}","templated":true}]}}