{"id":115713,"date":"2025-12-13T23:46:22","date_gmt":"2025-12-13T23:46:22","guid":{"rendered":"https:\/\/www.europesays.com\/fi\/115713\/"},"modified":"2025-12-13T23:46:22","modified_gmt":"2025-12-13T23:46:22","slug":"vesihoyrya-puski-korkeasta-kerrostalosta-ulos-oulun-keskustassa-ei-tulipaloa-pohjois-pohjanmaa","status":"publish","type":"post","link":"https:\/\/www.europesays.com\/fi\/115713\/","title":{"rendered":"Vesih\u00f6yry\u00e4 puski korkeasta kerrostalosta ulos Oulun keskustassa \u2013 ei tulipaloa | Pohjois-Pohjanmaa"},"content":{"rendered":"<p class=\"aw-1gybjub aw-5vja16 kEtdKx kmuxyA yle__article__paragraph\">Pohjois-Pohjanmaan pelastuslaitos tarkasti Pakkahuoneenkadulla 16-kerroksisen rakennuksen ja havaitsi 9. kerroksesta tulevan vesih\u00f6yry\u00e4, joka oli n\u00e4ytt\u00e4nyt savulta.<\/p>\n<p><img decoding=\"async\" alt=\"Pohjois-Pohjanmaan pelastuslaitoksen logo hihassa ja palo-autojen kyljess\u00e4.\" src=\"https:\/\/www.europesays.com\/fi\/wp-content\/uploads\/2025\/11\/39-1225606659e4b6fbd417.jpeg\" class=\"aw-1l9m598 hKVVvP\"\/><\/p>\n<p>Avaa kuvien katselu<\/p>\n<p>H\u00e4lytyksen tehnyt henkil\u00f6 arvioi kerrostalosta tulevan savua, mutta se olikin vesih\u00f6yry\u00e4, sanoo p\u00e4ivyst\u00e4v\u00e4 palomestari Pohjois-Pohjanmaan pelastuslaitokselta. Kuvituskuva. Kuva: Paulus Markkula \/ Yle<\/p>\n<p class=\"aw-1gybjub aw-1p7kakr kEtdKx cEmitX yle__article__paragraph\">16-kerroksisen kerrostalon yhdeks\u00e4nnest\u00e4 kerroksesta tuli vesih\u00f6yry\u00e4, joka oli n\u00e4ytt\u00e4nyt savulta Oulun keskustassa Pakkahuoneenkadulla lauantaina iltap\u00e4iv\u00e4ll\u00e4.<\/p>\n<p class=\"aw-1gybjub aw-1p7kakr kEtdKx cEmitX yle__article__paragraph\">Kyse ei ollut tulipalosta ja Pohjois-Pohjanmaan pelastuslaitos tarkasti tilanteen ja yhdeks\u00e4nnest\u00e4 kerroksesta havaittiin tulevan vesih\u00f6yry\u00e4, sanoo p\u00e4ivyst\u00e4v\u00e4 palomestari <strong class=\"aw-ak79eh KyCXm yle__article__strong\">Jyri J\u00e4ntti<\/strong> Pohjois-Pohjanmaan pelastuslaitokselta.<\/p>\n<p class=\"aw-1gybjub aw-1p7kakr kEtdKx cEmitX yle__article__paragraph\">Rakennuksen paloilmoittimet eiv\u00e4t my\u00f6sk\u00e4\u00e4n h\u00e4lytt\u00e4neet.<\/p>\n<p class=\"aw-1gybjub aw-1p7kakr kEtdKx cEmitX yle__article__paragraph\">Pelastuslaitos sai h\u00e4lytyksen mahdollisesta tulipalosta lauantaina iltap\u00e4iv\u00e4ll\u00e4 noin nelj\u00e4n aikaan. Hieman ennen kello viitt\u00e4 asia oli saatu tarkastettua ja tilanne oli ohi.<\/p>\n<p class=\"aw-1gybjub aw-1p7kakr kEtdKx cEmitX yle__article__paragraph\">Korkeassa kerrostalossa Pakkahuoneenkadulla on useita eri toimintoja: pys\u00e4k\u00f6intihalli, ravintoloita, liiketiloja ja my\u00f6s asuntoja.<\/p>\n","protected":false},"excerpt":{"rendered":"Pohjois-Pohjanmaan pelastuslaitos tarkasti Pakkahuoneenkadulla 16-kerroksisen rakennuksen ja havaitsi 9. kerroksesta tulevan vesih\u00f6yry\u00e4, joka oli n\u00e4ytt\u00e4nyt savulta. Avaa kuvien&hellip;\n","protected":false},"author":2,"featured_media":90262,"comment_status":"","ping_status":"","sticky":false,"template":"","format":"standard","meta":{"footnotes":""},"categories":[12],"tags":[22,23,26,27,33,31,30,17,24,25,28,29,15,837,18,952,21,728,21173,32,19,20,1265,16],"class_list":{"0":"post-115713","1":"post","2":"type-post","3":"status-publish","4":"format-standard","5":"has-post-thumbnail","7":"category-suomi","8":"tag-breaking-news","9":"tag-breakingnews","10":"tag-featured-news","11":"tag-featurednews","12":"tag-fi","13":"tag-finland","14":"tag-finnish","15":"tag-headlines","16":"tag-latest-news","17":"tag-latestnews","18":"tag-main-news","19":"tag-mainnews","20":"tag-news","21":"tag-onnettomuudet","22":"tag-otsikot","23":"tag-oulu","24":"tag-paauutiset","25":"tag-pohjois-pohjanmaa","26":"tag-pohjois-pohjanmaan-pelastuslaitos","27":"tag-suomi","28":"tag-top-stories","29":"tag-topstories","30":"tag-tulipalot","31":"tag-uutiset"},"share_on_mastodon":{"url":"https:\/\/pubeurope.com\/@fi\/115714929027695306","error":""},"_links":{"self":[{"href":"https:\/\/www.europesays.com\/fi\/wp-json\/wp\/v2\/posts\/115713","targetHints":{"allow":["GET"]}}],"collection":[{"href":"https:\/\/www.europesays.com\/fi\/wp-json\/wp\/v2\/posts"}],"about":[{"href":"https:\/\/www.europesays.com\/fi\/wp-json\/wp\/v2\/types\/post"}],"author":[{"embeddable":true,"href":"https:\/\/www.europesays.com\/fi\/wp-json\/wp\/v2\/users\/2"}],"replies":[{"embeddable":true,"href":"https:\/\/www.europesays.com\/fi\/wp-json\/wp\/v2\/comments?post=115713"}],"version-history":[{"count":0,"href":"https:\/\/www.europesays.com\/fi\/wp-json\/wp\/v2\/posts\/115713\/revisions"}],"wp:featuredmedia":[{"embeddable":true,"href":"https:\/\/www.europesays.com\/fi\/wp-json\/wp\/v2\/media\/90262"}],"wp:attachment":[{"href":"https:\/\/www.europesays.com\/fi\/wp-json\/wp\/v2\/media?parent=115713"}],"wp:term":[{"taxonomy":"category","embeddable":true,"href":"https:\/\/www.europesays.com\/fi\/wp-json\/wp\/v2\/categories?post=115713"},{"taxonomy":"post_tag","embeddable":true,"href":"https:\/\/www.europesays.com\/fi\/wp-json\/wp\/v2\/tags?post=115713"}],"curies":[{"name":"wp","href":"https:\/\/api.w.org\/{rel}","templated":true}]}}