{"id":115717,"date":"2025-12-13T23:59:11","date_gmt":"2025-12-13T23:59:11","guid":{"rendered":"https:\/\/www.europesays.com\/fi\/115717\/"},"modified":"2025-12-13T23:59:11","modified_gmt":"2025-12-13T23:59:11","slug":"voisiko-tassa-olla-uusi-ttk-juontaja-ernest-lawson-saa-rinnalleen-sunnuntaina-tvssa","status":"publish","type":"post","link":"https:\/\/www.europesays.com\/fi\/115717\/","title":{"rendered":"Voisiko t\u00e4ss\u00e4 olla uusi TTK-juontaja? Ernest Lawson saa rinnalleen sunnuntaina tv:ss\u00e4!"},"content":{"rendered":"<p><a href=\"https:\/\/www.suomi24.fi\/viihde\/l\/voisiko-tassa-olla-uusi-ttk-juontaja-ernest-lawsonin-kanssa-sunnuntaina-juontohommissa-tv-ssa-5506-1.webp\" rel=\"nofollow noopener\" target=\"_blank\"><img decoding=\"async\" src=\"https:\/\/www.europesays.com\/fi\/wp-content\/uploads\/2025\/12\/voisiko-tassa-olla-uusi-ttk-juontaja-ernest-lawsonin-kanssa-sunnuntaina-juontohommissa-tv-ssa-5506-1.webp\" alt=\"Ernest Lawson\" loading=\"lazy\"\/><\/a>Ernest Lawson on tuttu mies Tanssii T\u00e4htien Kanssa -ohjelman juontajana. Kuva: Suomi24 Viihde<\/p>\n<p>Yritt\u00e4j\u00e4, juontaja, tietokirjailija ja somevaikuttaja <strong>Vappu Pimi\u00e4<\/strong> n\u00e4htiin t\u00e4n\u00e4 syksyn\u00e4 viimeisest\u00e4 kertaa Tanssii T\u00e4htien Kanssa -suosikkiohjelman juontajana.<\/p>\n<p>Uutisen j\u00e4lkeen uutta Tanssii T\u00e4htien Kanssa -juontajaa on pohdittu ja arvuuteltu. Nimi\u00e4 on heitetty ja listoilla ovat olleet mm. <strong>Susanna Laine, Kirsi Alm-Siira, Ellen Jokikunnas, Marja Hintikka <\/strong>ja <strong>Jaana Pelkonen<\/strong>.<\/p>\n<p>Sunnuntaina televisiossa n\u00e4hd\u00e4\u00e4n kotimaisten huippuartistien t\u00e4hditt\u00e4m\u00e4 Lastenklinikoiden Kummien <strong>JouluMielelle-hyv\u00e4ntekev\u00e4isyyskonsertti<\/strong>. Konsertin juontaa Tanssii T\u00e4htien Kanssa -ohjelmasta tuttu <strong>Ernest Lawson<\/strong>, joka saa juontoparikseen Kirsi Alm-Siiran. <\/p>\n<p>TV-katsojat p\u00e4\u00e4sev\u00e4t n\u00e4kem\u00e4\u00e4n, miten Alm-Siiran ja Lawsonin yhteisty\u00f6 pelaa ja ehk\u00e4 my\u00f6s pohtimaan, voisiko t\u00e4ss\u00e4 olla uusi TTK-juontaja.<\/p>\n<p><a href=\"https:\/\/www.suomi24.fi\/viihde\/l\/voisiko-tassa-olla-uusi-ttk-juontaja-ernest-lawsonin-kanssa-sunnuntaina-juontohommissa-tv-ssa-5506-2.webp\" rel=\"nofollow noopener\" target=\"_blank\"><img decoding=\"async\" src=\"https:\/\/www.europesays.com\/fi\/wp-content\/uploads\/2025\/12\/voisiko-tassa-olla-uusi-ttk-juontaja-ernest-lawsonin-kanssa-sunnuntaina-juontohommissa-tv-ssa-5506-2.webp\" alt=\"Ernest Lawson\" loading=\"lazy\"\/><\/a>JouluMielelle-konsertin esiintyji\u00e4, Alm-Siira ja Lawson kuvassa oikealla. Kuva: MTV3<\/p>\n<p>Lastenklinikoiden Kummien joulukonsertissa pienten potilaiden asialla esiintyv\u00e4t <strong>KAJ, Rodeo, Arja Koriseva, BESS, Kasmir, Paleface, Teemu Roivainen, Irina, Olli Halonen<\/strong> ja lapsikuoro sek\u00e4 JouluMielelle-konsertin orkesteri <strong>Boston Promenade Big Band<\/strong>.<\/p>\n<p>JouluMielelle-hyv\u00e4ntekev\u00e4isyyskonsertti su 14.12. klo 19.30 MTV Katsomo ja MTV3<\/p>\n<p><a href=\"https:\/\/www.telsu.fi\/joulumielelle--hyv%C3%A4ntekev%C3%A4isyyskonsertti?ref=s24_article\" rel=\"noopener noreferrer nofollow\" target=\"_blank\">Katso tv-ohjelma-ajat Telsu.fi<\/a><\/p>\n","protected":false},"excerpt":{"rendered":"Ernest Lawson on tuttu mies Tanssii T\u00e4htien Kanssa -ohjelman juontajana. Kuva: Suomi24 Viihde Yritt\u00e4j\u00e4, juontaja, tietokirjailija ja somevaikuttaja&hellip;\n","protected":false},"author":2,"featured_media":115718,"comment_status":"","ping_status":"","sticky":false,"template":"","format":"standard","meta":{"footnotes":""},"categories":[136],"tags":[407,137,33,31,30,408,32,109],"class_list":{"0":"post-115717","1":"post","2":"type-post","3":"status-publish","4":"format-standard","5":"has-post-thumbnail","7":"category-julkkikset","8":"tag-celebrities","9":"tag-entertainment","10":"tag-fi","11":"tag-finland","12":"tag-finnish","13":"tag-julkkikset","14":"tag-suomi","15":"tag-viihde"},"share_on_mastodon":{"url":"https:\/\/pubeurope.com\/@fi\/115714980103126470","error":""},"_links":{"self":[{"href":"https:\/\/www.europesays.com\/fi\/wp-json\/wp\/v2\/posts\/115717","targetHints":{"allow":["GET"]}}],"collection":[{"href":"https:\/\/www.europesays.com\/fi\/wp-json\/wp\/v2\/posts"}],"about":[{"href":"https:\/\/www.europesays.com\/fi\/wp-json\/wp\/v2\/types\/post"}],"author":[{"embeddable":true,"href":"https:\/\/www.europesays.com\/fi\/wp-json\/wp\/v2\/users\/2"}],"replies":[{"embeddable":true,"href":"https:\/\/www.europesays.com\/fi\/wp-json\/wp\/v2\/comments?post=115717"}],"version-history":[{"count":0,"href":"https:\/\/www.europesays.com\/fi\/wp-json\/wp\/v2\/posts\/115717\/revisions"}],"wp:featuredmedia":[{"embeddable":true,"href":"https:\/\/www.europesays.com\/fi\/wp-json\/wp\/v2\/media\/115718"}],"wp:attachment":[{"href":"https:\/\/www.europesays.com\/fi\/wp-json\/wp\/v2\/media?parent=115717"}],"wp:term":[{"taxonomy":"category","embeddable":true,"href":"https:\/\/www.europesays.com\/fi\/wp-json\/wp\/v2\/categories?post=115717"},{"taxonomy":"post_tag","embeddable":true,"href":"https:\/\/www.europesays.com\/fi\/wp-json\/wp\/v2\/tags?post=115717"}],"curies":[{"name":"wp","href":"https:\/\/api.w.org\/{rel}","templated":true}]}}