{"id":115719,"date":"2025-12-14T00:06:10","date_gmt":"2025-12-14T00:06:10","guid":{"rendered":"https:\/\/www.europesays.com\/fi\/115719\/"},"modified":"2025-12-14T00:06:10","modified_gmt":"2025-12-14T00:06:10","slug":"tappara-3-5-etusivu-tps","status":"publish","type":"post","link":"https:\/\/www.europesays.com\/fi\/115719\/","title":{"rendered":"Tappara 3 \u2013 5 &#8211; Etusivu | TPS"},"content":{"rendered":"<ol>\n<li><a href=\"https:\/\/news.google.com\/rss\/articles\/CBMibkFVX3lxTE9vWDhobDBUMjBSVElsWnBiNGlEWkpXVG5ZYXFyZEVJdjJMeENPUTExbU5CdDgxR3VkS1hoU0ExazlBM3JnNUFDZEdKcjZsdEdWMnNhNmZ6VHl0eUtrSjktcTRkbmlCNFJCbGdCeGNR?oc=5\" target=\"_blank\" rel=\"nofollow noopener\">Tappara 3 \u2013 5<\/a>&nbsp;&nbsp;Etusivu | TPS<\/li>\n<li><a href=\"https:\/\/news.google.com\/rss\/articles\/CBMiY0FVX3lxTFAzelltRU1WaWRaQXU5TW9ldllPZTJJeVJLcGFBbkZNZXZyQXNrMUJhalZYdWRlU0p5TlZIVDc3UXUyM3JHZGEwNXB4ZmVXMVZBY0prSVpVaXR6SngxYy1oSFBOWQ?oc=5\" target=\"_blank\" rel=\"nofollow noopener\">Tapparan karnevaalit keskeytyiv\u00e4t yll\u00e4tt\u00e4en kesken illan: \u201dNyt sent\u00e4\u00e4n voitettiin\u201d<\/a>&nbsp;&nbsp;Aamulehti<\/li>\n<li><a href=\"https:\/\/news.google.com\/rss\/articles\/CBMiSEFVX3lxTE9CT1dVd0ItNXV2ajRRQzZnRE9fMUxybENHX3pWcmJJbXVnOFdiNk41MEpreXlRdzFkUWNkTEtZSE5XSjlvMFo5VA?oc=5\" target=\"_blank\" rel=\"nofollow noopener\">TS seurasi: TPS tuli l\u00e4helle, mutta j\u00e4\u00e4hy vesitti kirin \u2013 lue Koivun mietteet ja analyysi nuorten MM-kisoihin l\u00e4htevist\u00e4<\/a>&nbsp;&nbsp;ts.fi<\/li>\n<li><a href=\"https:\/\/news.google.com\/rss\/articles\/CBMilgFBVV95cUxPZW42OXhwRm95UDlFU3BCYk85NlVReUtnOGNDS2Y4b0p4WG5aUlNMOW5ydHNDWmJQWlV4X2dKQlI4N29Vc01zZ2RXRFpzR3FuWC1iUG1aX2U0NURKZWFEa2ljYmdyNF91VnkzbmFVVWVjUUlWeER0TTdHU3BJSXpJNVQtZlZtcjdXOTZ5VHpUY0ViemJwVlE?oc=5\" target=\"_blank\" rel=\"nofollow noopener\">TPS p\u00e4\u00e4tt\u00e4\u00e4 kotiotteluviikon Tapparaa vastaan<\/a>&nbsp;&nbsp;Etusivu | TPS<\/li>\n<li><a href=\"https:\/\/news.google.com\/rss\/articles\/CBMiSkFVX3lxTE5QRXpySk5meDRjY2JqUEVrbHFyWldTRzN6Y3I0SHZwUTBDQ3RXdUNFd3JXSXA1dzk3bVdSREhrcXc2bEFodFJjanNR?oc=5\" target=\"_blank\" rel=\"nofollow noopener\">Tappara kesti TPS:n p\u00e4\u00e4t\u00f6ser\u00e4n kirin ja palasi voittokantaan yhden tappion j\u00e4lkeen<\/a>&nbsp;&nbsp;Etel\u00e4-Suomen Sanomat<\/li>\n<\/ol>\n","protected":false},"excerpt":{"rendered":"Tappara 3 \u2013 5&nbsp;&nbsp;Etusivu | TPS Tapparan karnevaalit keskeytyiv\u00e4t yll\u00e4tt\u00e4en kesken illan: \u201dNyt sent\u00e4\u00e4n voitettiin\u201d&nbsp;&nbsp;Aamulehti TS seurasi: TPS&hellip;\n","protected":false},"author":2,"featured_media":115720,"comment_status":"","ping_status":"","sticky":false,"template":"","format":"standard","meta":{"footnotes":""},"categories":[158],"tags":[33,31,30,159,32,160],"class_list":{"0":"post-115719","1":"post","2":"type-post","3":"status-publish","4":"format-standard","5":"has-post-thumbnail","7":"category-urheilu","8":"tag-fi","9":"tag-finland","10":"tag-finnish","11":"tag-sports","12":"tag-suomi","13":"tag-urheilu"},"share_on_mastodon":{"url":"https:\/\/pubeurope.com\/@fi\/115715007099517165","error":""},"_links":{"self":[{"href":"https:\/\/www.europesays.com\/fi\/wp-json\/wp\/v2\/posts\/115719","targetHints":{"allow":["GET"]}}],"collection":[{"href":"https:\/\/www.europesays.com\/fi\/wp-json\/wp\/v2\/posts"}],"about":[{"href":"https:\/\/www.europesays.com\/fi\/wp-json\/wp\/v2\/types\/post"}],"author":[{"embeddable":true,"href":"https:\/\/www.europesays.com\/fi\/wp-json\/wp\/v2\/users\/2"}],"replies":[{"embeddable":true,"href":"https:\/\/www.europesays.com\/fi\/wp-json\/wp\/v2\/comments?post=115719"}],"version-history":[{"count":0,"href":"https:\/\/www.europesays.com\/fi\/wp-json\/wp\/v2\/posts\/115719\/revisions"}],"wp:featuredmedia":[{"embeddable":true,"href":"https:\/\/www.europesays.com\/fi\/wp-json\/wp\/v2\/media\/115720"}],"wp:attachment":[{"href":"https:\/\/www.europesays.com\/fi\/wp-json\/wp\/v2\/media?parent=115719"}],"wp:term":[{"taxonomy":"category","embeddable":true,"href":"https:\/\/www.europesays.com\/fi\/wp-json\/wp\/v2\/categories?post=115719"},{"taxonomy":"post_tag","embeddable":true,"href":"https:\/\/www.europesays.com\/fi\/wp-json\/wp\/v2\/tags?post=115719"}],"curies":[{"name":"wp","href":"https:\/\/api.w.org\/{rel}","templated":true}]}}