{"id":115723,"date":"2025-12-14T00:10:16","date_gmt":"2025-12-14T00:10:16","guid":{"rendered":"https:\/\/www.europesays.com\/fi\/115723\/"},"modified":"2025-12-14T00:10:16","modified_gmt":"2025-12-14T00:10:16","slug":"tomi-kurikkala-kannuksesta-edelleen-reservilaisliiton-puheenjohtajistoon","status":"publish","type":"post","link":"https:\/\/www.europesays.com\/fi\/115723\/","title":{"rendered":"Tomi Kurikkala Kannuksesta edelleen Reservil\u00e4isliiton puheenjohtajistoon"},"content":{"rendered":"<p>                                  Paikallisuutiset<\/p>\n<p>                <img loading=\"lazy\" decoding=\"async\" itemprop=\"contentUrl\" class=\"figure-img img-fluid\"  src=\"https:\/\/www.europesays.com\/fi\/wp-content\/uploads\/2025\/12\/1765671016_195_imengine.public.prod.hil.infomaker.io\" width=\"1530\" height=\"861\"  alt=\"\"\/><\/p>\n<p>                                    Reservil\u00e4isliiton puheenjohtajisto 2026 vasemmalta oikealle: Tomi Kurikkala, Lotta Nissi, Kari Salminen ja Marko Nikkanen.<br \/>\n                                                    Kuva:<br \/>\n                    Reservil\u00e4isliitto<\/p>\n<p>      MAINOS &#8211; juttu jatkuu mainoksen j\u00e4lkeen<\/p>\n<p>      MAINOS &#8211; mainos p\u00e4\u00e4ttyy<\/p>\n<p class=\"ew-body\">Reservil\u00e4isliiton 27-j\u00e4seninen liittohallitus piti j\u00e4rjest\u00e4ytymiskokouksensa lauantaina 13. joulukuuta Helsingiss\u00e4. Liiton ensimm\u00e4iseksi varapuheenjohtajaksi vuodelle 2026 valittiin\u00a0Lotta Nissi\u00a0Tampereelta, toiseksi varapuheenjohtajaksi\u00a0Tomi Kurikkala\u00a0Kannuksesta ja kolmanneksi varapuheenjohtajaksi\u00a0<\/p>\n<p>  <a class=\"btn btn-secondary btn-icon-left\" href=\"#coral_thread\"><br \/>\n    <img decoding=\"async\" src=\"https:\/\/www.keskipohjanmaa.fi\/wp-content\/themes\/hilla-theme\/assets\/img\/icon_comments.svg\" alt=\"\"\/><br \/>\n    Kommentoi<br \/>\n    \u00a0(0)<br \/>\n  <\/a><\/p>\n<p>  <a class=\"btn btn-secondary btn-icon-left mailto_web\" href=\"mailto:toimitus@keskipohjanmaa.fi?subject=Ilmoita%20asiavirheest%C3%A4&amp;body=Otsikko%3A%20Tomi%20Kurikkala%20Kannuksesta%20edelleen%20Reservil%C3%A4isliiton%20puheenjohtajistoon%0AUuid%3A%20740645a7-b84f-49de-81a1-5ee0cab55ea7%0AUrl%3A%20https%3A%2F%2Fwww.keskipohjanmaa.fi%2Fartikkeli%2Ftomi-kurikkala-kannuksesta-edelleen-reservilaisliiton-puheenjohtajistoon\"><br \/>\n    <img decoding=\"async\" src=\"https:\/\/www.keskipohjanmaa.fi\/wp-content\/themes\/hilla-theme\/assets\/img\/icon_feedback.svg\" alt=\"\"\/><br \/>\n    Ilmoita asiavirheest\u00e4<br \/>\n  <\/a><\/p>\n","protected":false},"excerpt":{"rendered":"Paikallisuutiset Reservil\u00e4isliiton puheenjohtajisto 2026 vasemmalta oikealle: Tomi Kurikkala, Lotta Nissi, Kari Salminen ja Marko Nikkanen. Kuva: Reservil\u00e4isliitto MAINOS&hellip;\n","protected":false},"author":2,"featured_media":115724,"comment_status":"","ping_status":"","sticky":false,"template":"","format":"standard","meta":{"footnotes":""},"categories":[76],"tags":[79,77,33,31,30,32,78],"class_list":{"0":"post-115723","1":"post","2":"type-post","3":"status-publish","4":"format-standard","5":"has-post-thumbnail","7":"category-talous","8":"tag-business","9":"tag-economy","10":"tag-fi","11":"tag-finland","12":"tag-finnish","13":"tag-suomi","14":"tag-talous"},"share_on_mastodon":{"url":"https:\/\/pubeurope.com\/@fi\/115715023221916086","error":""},"_links":{"self":[{"href":"https:\/\/www.europesays.com\/fi\/wp-json\/wp\/v2\/posts\/115723","targetHints":{"allow":["GET"]}}],"collection":[{"href":"https:\/\/www.europesays.com\/fi\/wp-json\/wp\/v2\/posts"}],"about":[{"href":"https:\/\/www.europesays.com\/fi\/wp-json\/wp\/v2\/types\/post"}],"author":[{"embeddable":true,"href":"https:\/\/www.europesays.com\/fi\/wp-json\/wp\/v2\/users\/2"}],"replies":[{"embeddable":true,"href":"https:\/\/www.europesays.com\/fi\/wp-json\/wp\/v2\/comments?post=115723"}],"version-history":[{"count":0,"href":"https:\/\/www.europesays.com\/fi\/wp-json\/wp\/v2\/posts\/115723\/revisions"}],"wp:featuredmedia":[{"embeddable":true,"href":"https:\/\/www.europesays.com\/fi\/wp-json\/wp\/v2\/media\/115724"}],"wp:attachment":[{"href":"https:\/\/www.europesays.com\/fi\/wp-json\/wp\/v2\/media?parent=115723"}],"wp:term":[{"taxonomy":"category","embeddable":true,"href":"https:\/\/www.europesays.com\/fi\/wp-json\/wp\/v2\/categories?post=115723"},{"taxonomy":"post_tag","embeddable":true,"href":"https:\/\/www.europesays.com\/fi\/wp-json\/wp\/v2\/tags?post=115723"}],"curies":[{"name":"wp","href":"https:\/\/api.w.org\/{rel}","templated":true}]}}