{"id":115726,"date":"2025-12-14T00:12:10","date_gmt":"2025-12-14T00:12:10","guid":{"rendered":"https:\/\/www.europesays.com\/fi\/115726\/"},"modified":"2025-12-14T00:12:10","modified_gmt":"2025-12-14T00:12:10","slug":"navettarakennus-palaa-lappeenrannassa-aiheuttaa-liikennehaittaa-valtatielle-13-paikalliset","status":"publish","type":"post","link":"https:\/\/www.europesays.com\/fi\/115726\/","title":{"rendered":"Navettarakennus palaa Lappeenrannassa \u2013 Aiheuttaa liikennehaittaa valtatielle 13 | Paikalliset"},"content":{"rendered":"<p>Lappeenrannassa Mikkelintiell\u00e4 palaa navettarakennus.<\/p>\n<p>Etel\u00e4-Karjalan pelastuslaitoksen p\u00e4ivyst\u00e4v\u00e4 palomestari Tero Forsman kertoo navetan tuhoutuvan palossa pahasti. Navetassa ei ole sis\u00e4ll\u00e4 el\u00e4imi\u00e4 eik\u00e4 palosta ole aiheutunut muita henkil\u00f6vahinkoja.<\/p>\n<p>Forsman arvioi navetan olevan usean sadan neli\u00f6n suuruinen rakennus. Rakennuksessa on s\u00e4ilytetty tavaraa ja l\u00e4mmitystarvikkeita.<\/p>\n<p>Palon syttymissyyst\u00e4 ei ole viel\u00e4 tietoa.<\/p>\n<p>Palo aiheuttaa liikennehaittaa valtatiell\u00e4 13, sill\u00e4 pelastuslaitos ajaa s\u00e4ili\u00f6autoilla tien kautta vett\u00e4 palopaikalle. Tiell\u00e4 on liikenteenohjaus. Forsmanin mukaan illalla tiell\u00e4 ajavien kannattaa varautua jonotukseen.<\/p>\n<p>Pelastuslaitos on paikalla sammuttamassa paloa ja raivaamassa aluetta. Sammutusty\u00f6t kest\u00e4v\u00e4t useita tunteja.<\/p>\n<p>Juttua muokattu<\/p>\n<p>13.12. kello 20.32.<\/p>\n<p>Lis\u00e4tty kuva palavasta navetasta.<\/p>\n","protected":false},"excerpt":{"rendered":"Lappeenrannassa Mikkelintiell\u00e4 palaa navettarakennus. Etel\u00e4-Karjalan pelastuslaitoksen p\u00e4ivyst\u00e4v\u00e4 palomestari Tero Forsman kertoo navetan tuhoutuvan palossa pahasti. Navetassa ei ole&hellip;\n","protected":false},"author":2,"featured_media":115727,"comment_status":"","ping_status":"","sticky":false,"template":"","format":"standard","meta":{"footnotes":""},"categories":[12],"tags":[22,23,26,27,33,31,30,17,3667,1446,24,25,720,72,28,29,685,686,15,120,18,21,32,78,19,20,16],"class_list":{"0":"post-115726","1":"post","2":"type-post","3":"status-publish","4":"format-standard","5":"has-post-thumbnail","7":"category-suomi","8":"tag-breaking-news","9":"tag-breakingnews","10":"tag-featured-news","11":"tag-featurednews","12":"tag-fi","13":"tag-finland","14":"tag-finnish","15":"tag-headlines","16":"tag-lappee","17":"tag-lappeenranta","18":"tag-latest-news","19":"tag-latestnews","20":"tag-liiketoiminta-ja-rahoitus","21":"tag-luonto","22":"tag-main-news","23":"tag-mainnews","24":"tag-mikkeli","25":"tag-mikkelin-seutukunta","26":"tag-news","27":"tag-onnettomuustapaus","28":"tag-otsikot","29":"tag-paauutiset","30":"tag-suomi","31":"tag-talous","32":"tag-top-stories","33":"tag-topstories","34":"tag-uutiset"},"share_on_mastodon":{"url":"https:\/\/pubeurope.com\/@fi\/115715030633962565","error":""},"_links":{"self":[{"href":"https:\/\/www.europesays.com\/fi\/wp-json\/wp\/v2\/posts\/115726","targetHints":{"allow":["GET"]}}],"collection":[{"href":"https:\/\/www.europesays.com\/fi\/wp-json\/wp\/v2\/posts"}],"about":[{"href":"https:\/\/www.europesays.com\/fi\/wp-json\/wp\/v2\/types\/post"}],"author":[{"embeddable":true,"href":"https:\/\/www.europesays.com\/fi\/wp-json\/wp\/v2\/users\/2"}],"replies":[{"embeddable":true,"href":"https:\/\/www.europesays.com\/fi\/wp-json\/wp\/v2\/comments?post=115726"}],"version-history":[{"count":0,"href":"https:\/\/www.europesays.com\/fi\/wp-json\/wp\/v2\/posts\/115726\/revisions"}],"wp:featuredmedia":[{"embeddable":true,"href":"https:\/\/www.europesays.com\/fi\/wp-json\/wp\/v2\/media\/115727"}],"wp:attachment":[{"href":"https:\/\/www.europesays.com\/fi\/wp-json\/wp\/v2\/media?parent=115726"}],"wp:term":[{"taxonomy":"category","embeddable":true,"href":"https:\/\/www.europesays.com\/fi\/wp-json\/wp\/v2\/categories?post=115726"},{"taxonomy":"post_tag","embeddable":true,"href":"https:\/\/www.europesays.com\/fi\/wp-json\/wp\/v2\/tags?post=115726"}],"curies":[{"name":"wp","href":"https:\/\/api.w.org\/{rel}","templated":true}]}}