{"id":115730,"date":"2025-12-14T00:25:12","date_gmt":"2025-12-14T00:25:12","guid":{"rendered":"https:\/\/www.europesays.com\/fi\/115730\/"},"modified":"2025-12-14T00:25:12","modified_gmt":"2025-12-14T00:25:12","slug":"iskelmatahti-minna-ikonen-kertoo-nyt-miksi-katosi-julkisuudesta-tayttaa-60-vuotta-ja-tekee-paluun","status":"publish","type":"post","link":"https:\/\/www.europesays.com\/fi\/115730\/","title":{"rendered":"Iskelm\u00e4t\u00e4hti Minna Ikonen kertoo nyt, miksi katosi julkisuudesta \u2013 t\u00e4ytt\u00e4\u00e4 60 vuotta ja tekee paluun"},"content":{"rendered":"<p class=\"has-drop-cap\"><strong>Minna Ikonen<\/strong> on joutsenolaissyntyinen iskelm\u00e4laulaja, joka nousi menestykseen heti ensilevytyksell\u00e4\u00e4n Elkeet kuin pedolla vuonna 1983. Sit\u00e4 seurasi Syksyn S\u00e4vel -hitti Panin tiikerin tankkiin.<\/p>\n<p>Nyt Minna kertoo yll\u00e4tt\u00e4vist\u00e4, uusista paluukuulumisistaan Tanssiin.fi:lle.<\/p>\n<p>Ikonen teki vuosina 1984-85 kaksi pitk\u00e4soittoa, joista j\u00e4lkimm\u00e4iselt\u00e4 kulttimaineeseen noussut Haudujuduu.<\/p>\n<p>Menestyslevyjen j\u00e4lkeen Minna kuitenkin katosi julkisuudesta, perusti perheen ja lopetti aktiivisen keikkailun 1980-luvun lopulla. H\u00e4nelt\u00e4 ilmestyi viel\u00e4 vuonna 1992 omakustannesinglen\u00e4 kaksi valssia Tanssiyhtye V\u00e4liaikaisen kanssa, \u00c4idin laulu ja Kes\u00e4 Saimaalla.<\/p>\n<p>Vuosikymmenet ihmiset ovat kaivanneet Minna Ikosen paluuta ja ihmetelleet, miss\u00e4 h\u00e4n on. Yhteisty\u00f6 <strong>Vexi Salmen<\/strong> Levytuottajien kanssa loppui sein\u00e4\u00e4n vuonna 1985.<\/p>\n<p>Laulut ovat jatkaneet el\u00e4m\u00e4\u00e4ns\u00e4, ja nyt 40 vuoden tauon j\u00e4lkeen Minna Ikonen on palannut studioon ja palaa my\u00f6s keikoille.<\/p>\n<p>Lauantaina 13. joulukuuta 2025 on my\u00f6s iso juhlap\u00e4iv\u00e4, sill\u00e4 Minna t\u00e4ytt\u00e4\u00e4 t\u00e4ydet 60 vuotta.<\/p>\n<p><strong>Katso <\/strong>Minna Ikonen Elkeet kuin pedolla (s\u00e4v. Matti \u201dFredi\u201d Siitonen, san. Vexi Salmi) 1984:<\/p>\n<p>\u201dPalaan sitten, kun olen iso tytt\u00f6\u2026\u201d<\/p>\n<p>Hurissalon kyl\u00e4ss\u00e4 Puumalassa asuva Minna kertoo k\u00e4yv\u00e4ns\u00e4 hirvimets\u00e4ll\u00e4 ja uivansa l\u00e4pi vuoden luonnon vesiss\u00e4.<\/p>\n<p>Keikkaa h\u00e4n tekee taustanauhojen kanssa. Lokakuussa oli jo pari esiintymist\u00e4 Kemiss\u00e4 ja Tervolassa, tammikuussa 2026 kutsuu Espanjan Aurinkorannikko ja Fuengirola, miss\u00e4 h\u00e4nell\u00e4 on kaksi keikkaa.<\/p>\n<p>\u201dEn ole koskaan sanonut lopettaneeni laulamista. Olen vastannut kysyjille, ett\u00e4 palaan sitten, kun \u2018olen iso tytt\u00f6\u2019. Laulu ja musiikki ei ole koskaan sammunut. Nyt viimein tuli se oikea hetki, jota olin vuosia miettinyt. Kaikelle on aikansa ja paikkansa\u201d, Minna taustoittaa.<\/p>\n<blockquote>\n<p>Minna k\u00e4y hirvimets\u00e4ll\u00e4 ja ui l\u00e4pi vuoden luonnon vesiss\u00e4<\/p>\n<\/blockquote>\n<p>Minna tutustui alkuvuodesta 2025 tietokirjailija-sanoittaja <strong>Juha-Matti Tammelaan<\/strong> Raul Reiman  -el\u00e4m\u00e4kertakirjan haastattelun my\u00f6t\u00e4.<\/p>\n<p>\u201dH\u00e4n tavoitteli minua sinnikk\u00e4\u00e4sti haastatteluun ja on auttanut minut takaisin. Kiitos, ett\u00e4 saan viel\u00e4 laulaa kansalle!\u201d<\/p>\n<p><strong>Lue my\u00f6s: <\/strong><a href=\"https:\/\/www.tanssiin.fi\/muistatko-anneli-pasasen-70-luvun-iskelmatahti-tekee-nyt-harvinaisen-esiintymisen\/\" title=\"Muistatko Anneli Pasasen? 70-luvun iskelm\u00e4t\u00e4hti tekee nyt harvinaisen esiintymisen\" rel=\"nofollow noopener\" target=\"_blank\">Muistatko Anneli Pasasen? 70-luvun iskelm\u00e4t\u00e4hti tekee nyt harvinaisen esiintymisen<\/a><\/p>\n<p><strong>Kuuntele<\/strong> Minna Ikosen Riemun tie 2025:<\/p>\n<p>Minna julkaisi juhannuksena paluusinkun<\/p>\n<p>Minna julkaisikin juhannuksen alla 2025 singlen Riemun tie,  joka on saanut mukavan vastaanoton. H\u00e4n palasi n\u00e4kyv\u00e4sti keikoille Helsingin Kulttuuritalon Raul Reiman -muistokonsertissa 10.9.2025 ja my\u00f6s Helsingin Sanomat noteerasi h\u00e4nen paluunsa konsertissa.<\/p>\n<p>Jatkoa on luvassa 30.12.2025 Jyv\u00e4skyl\u00e4n <a href=\"https:\/\/www.lippu.fi\/event\/raul-reiman-iskelmashow-k-18-ravintola-event-paviljonki-20763873\/\" title=\"\" rel=\"nofollow noopener\" target=\"_blank\">Paviljongilla<\/a> Raul Reiman -iskelm\u00e4show\u2019ssa, jossa h\u00e4n laulaa paitsi oman Reiman-levytyksens\u00e4 Sun l\u00e4hell\u00e4si hyv\u00e4 olla on my\u00f6s <strong>Meiju Suvaksen<\/strong> hitin Tahdon sinut ja potpurissa <strong>Marja Kosken<\/strong> Tahdon miehen.<\/p>\n<p><strong>Lue my\u00f6s: <\/strong><a href=\"https:\/\/www.tanssiin.fi\/raul-reiman-eli-traagisen-elaman-ehti-sanoittaa-kymmenia-klassikkohitteja-ennen-itsemurhaansa-juhlakonsertti-syksylla\/\" title=\"Raul Reiman eli traagisen el\u00e4m\u00e4n: ehti sanoittaa kymmeni\u00e4 klassikkohittej\u00e4 ennen itsemurhaansa \u2013\u00a0muistokonsertti syksyll\u00e4\" rel=\"nofollow noopener\" target=\"_blank\">Raul Reiman eli traagisen el\u00e4m\u00e4n: ehti sanoittaa kymmeni\u00e4 klassikkohittej\u00e4 ennen itsemurhaansa \u2013\u00a0muistokonsertti syksyll\u00e4<\/a><\/p>\n<p><strong>Kuuntele<\/strong> Minna Ikosen Sun l\u00e4hell\u00e4si hyv\u00e4 olla on 1985:<\/p>\n<p>Tavallinen nuoruus j\u00e4i Minnalta el\u00e4m\u00e4tt\u00e4<\/p>\n<p>T\u00e4ss\u00e4p\u00e4 Minnan tarinaa Raul Reiman \u2013 iskelm\u00e4sanoittajan el\u00e4m\u00e4 -teoksesta (Tammi, 2025):<\/p>\n<p>Joutsenosta l\u00e4ht\u00f6isin oleva Minna Ikonen oli tehnyt <a href=\"https:\/\/www.tanssiin.fi\/tahdet-surevat-vexi-salmea-ystava-lahti-turhan-aikaisin-valoa-matkallesi\/\" title=\"T\u00e4hdet surevat Vexi Salmea: \u201dYst\u00e4v\u00e4 l\u00e4hti turhan aikaisin \u2013\u00a0valoa matkallesi\u201d\" rel=\"nofollow noopener\" target=\"_blank\">Vexi Salmen<\/a> Levytuottajien Gold Disc -merkille vuonna 1984 albumin\u00a0Elkeet kuin pedolla. H\u00e4n liittyi 15-vuotiaana Lappeenrannan harmonikkakerhoon ja k\u00e4vi viikonloppuisin keikoilla l\u00e4hialueella. Tavallinen nuoruus j\u00e4i el\u00e4m\u00e4tt\u00e4, mik\u00e4 ei haitannut, sill\u00e4 laulaminen ja keikkailu oli niin mukavaa. Ikonen osallistui laulukilpailuihin vuonna 1982, ja h\u00e4nen \u00e4itins\u00e4 kirjallisella suostumuksella Ikonen p\u00e4\u00e4si kilpailuihin ja ravintolakeikoille alaik\u00e4isen\u00e4.<\/p>\n<p> Laulukilpailun voittona oli levytyssopimus Levytuottajien kanssa, ja niin tehtiin\u00a0Elkeet kuin pedolla. Esikoisalbumi myi mukavasti, vaikka se tehtiin kiireess\u00e4, mik\u00e4 n\u00e4kyy albumin kannesta l\u00e4htien. Silt\u00e4 nousi hitiksi singlen\u00e4 vuonna 1983 julkaistu nimikkobiisi, jonka Ikonen lauloi 18-vuotiaana.\u00a0Muut kappaleet j\u00e4iv\u00e4t nimikkobiisin varjoon.<\/p>\n<p>Seuraavaa levy\u00e4 teht\u00e4ess\u00e4 Ikosen mukaan albumin kokonaisuus ja toisaalta my\u00f6s laulutaidon taso nousi. Silt\u00e4 hitiksi nousi Panin tiikerin tankkiin, josta Ikonen sanoo, ettei h\u00e4n nuorena pystynyt koskaan ymm\u00e4rt\u00e4m\u00e4\u00e4n, miten h\u00e4n p\u00e4\u00e4si sill\u00e4 Syksyn S\u00e4veleen.<\/p>\n<p>Ongelmaksi Ikoselle muodostui se, ett\u00e4 Vexi Salmi halusi levylle materiaalia, jota Ikonen ei en\u00e4\u00e4 tahtonut laulaa. Sivonen oli Ikosen kanssa samaa mielt\u00e4, neuvoi ja kannusti Ikosta kertomaan ajatuksistaan Vexille. Se johti siihen, ett\u00e4 Salmi sanoi h\u00e4nelle, ett\u00e4 \u201ctule sitten tytt\u00f6 takaisin, kun tied\u00e4t, mit\u00e4 oikeasti haluat\u201d. Levylt\u00e4 j\u00e4i pois yksi laulu, jota Ikonen ei yksinkertaisesti suostunut laulamaan. Levylle tuli mukaan kuitenkin my\u00f6s lauluja, jotka olisi pit\u00e4nyt j\u00e4tt\u00e4\u00e4 Ikosen mukaan tekem\u00e4tt\u00e4. Yhteisty\u00f6 loppui kuin sein\u00e4\u00e4n. Ikonen haaveili sanoittamisesta, ja h\u00e4n oli kirjoittanut jopa k\u00e4\u00e4nn\u00f6ksi\u00e4, mutta tekeminen p\u00e4\u00e4ttyi, kun Ikonen ilmaisi oman mielipiteens\u00e4.<\/p>\n<p><strong>Lue my\u00f6s: <\/strong><a href=\"https:\/\/www.tanssiin.fi\/1980-luvun-iskelmasuosikki-pirjo-lehti-palaa-keikoille-muistatko-viela-hanen-hittinsa\/\" title=\"1980-luvun iskelm\u00e4suosikki Pirjo Lehti palaa keikoille \u2013 muistatko viel\u00e4 h\u00e4nen hittins\u00e4?\" rel=\"nofollow noopener\" target=\"_blank\">1980-luvun iskelm\u00e4suosikki Pirjo Lehti palaa keikoille \u2013 muistatko viel\u00e4 h\u00e4nen hittins\u00e4?<\/a><\/p>\n<p><strong>Kuuntele <\/strong>Minna Ikonen Panin tiikerin tankkiin 1984:<\/p>\n<p>\u201dInhimillisyytt\u00e4 ei ollut\u201d<\/p>\n<p>Omasta mielest\u00e4\u00e4n Ikonen p\u00e4\u00e4tyi levylaulajaksi liian nuorena:<\/p>\n<p>\u201cSe maailma py\u00f6ri liiaksi rahalla, ja siit\u00e4 syyst\u00e4 j\u00e4in pois. Inhimillisyytt\u00e4 ei ollut. Olin nuori ja vihre\u00e4 ja\u00a0puhuin\u00a0suoraan.\u201d<\/p>\n<p>Laulu-uransa j\u00e4lkeen Ikonen perusti perheen, ja h\u00e4nell\u00e4 on kaksi lasta.<\/p>\n<p>Ikonen levytti viel\u00e4 vuonna 1992 Risto Rahikaisen kustantaman singlen \u00c4idin laulu \/ Kes\u00e4 Saimaalla, jonka h\u00e4n teki keikoiltaankin tutun Tanssiyhtye V\u00e4liaikaisen kanssa. Keikkailu loppui siihen, kun b\u00e4ndi taustalta hajosi.<\/p>\n<p>\u201cLaulua ei voi minulta kukaan vied\u00e4 pois. Nyt minulla ei ole en\u00e4\u00e4 lapsen \u00e4\u00e4ni. Nykyisest\u00e4 \u00e4\u00e4nest\u00e4ni olen ylpe\u00e4.\u201d<\/p>\n<p>Kirjoittanut:<br \/>\n<img loading=\"lazy\" data-lazyloaded=\"1\" width=\"512\" height=\"512\" decoding=\"async\" class=\"aioseo-author-image\" src=\"https:\/\/www.europesays.com\/fi\/wp-content\/uploads\/2025\/10\/cropped-tanssiin-logo.jpg\" alt=\"author avatar\"\/><\/p>\n<p>Tanssiin.fi<\/p>\n<p>\nTanssi- ja iskelm\u00e4musiikin uutiset asiantuntevasti.<\/p>\n<p><img loading=\"lazy\" decoding=\"async\" data-lazyloaded=\"1\" width=\"512\" height=\"512\" class=\"aioseo-author-bio-compact-image\" src=\"https:\/\/www.europesays.com\/fi\/wp-content\/uploads\/2025\/10\/cropped-tanssiin-logo.jpg\" alt=\"author avatar\"\/><br \/>\nTanssi- ja iskelm\u00e4musiikin uutiset asiantuntevasti.<\/p>\n<p>100%<br \/>\nIhana<\/p>\n<p>0%<br \/>\nHauska<\/p>\n<p>0%<br \/>\nVau<\/p>\n<p>0%<br \/>\nSurullinen<\/p>\n<p>0%<br \/>\nVihainen\n<\/p>\n<p>Post navigation<\/p>\n","protected":false},"excerpt":{"rendered":"Minna Ikonen on joutsenolaissyntyinen iskelm\u00e4laulaja, joka nousi menestykseen heti ensilevytyksell\u00e4\u00e4n Elkeet kuin pedolla vuonna 1983. Sit\u00e4 seurasi Syksyn&hellip;\n","protected":false},"author":2,"featured_media":115731,"comment_status":"","ping_status":"","sticky":false,"template":"","format":"standard","meta":{"footnotes":""},"categories":[136],"tags":[5133,21174,407,137,33,31,30,2382,3831,408,8972,21175,5231,18189,32,410,4049,16,20514,109],"class_list":{"0":"post-115730","1":"post","2":"type-post","3":"status-publish","4":"format-standard","5":"has-post-thumbnail","7":"category-julkkikset","8":"tag-1980-luku","9":"tag-60-vuotta","10":"tag-celebrities","11":"tag-entertainment","12":"tag-fi","13":"tag-finland","14":"tag-finnish","15":"tag-haastattelu","16":"tag-iskelmatahti","17":"tag-julkkikset","18":"tag-keikat","19":"tag-minna-ikonen","20":"tag-paluu","21":"tag-raul-reiman","22":"tag-suomi","23":"tag-syntymapaiva","24":"tag-tanssitahdet","25":"tag-uutiset","26":"tag-vexi-salmi","27":"tag-viihde"},"share_on_mastodon":{"url":"https:\/\/pubeurope.com\/@fi\/115715081898945382","error":""},"_links":{"self":[{"href":"https:\/\/www.europesays.com\/fi\/wp-json\/wp\/v2\/posts\/115730","targetHints":{"allow":["GET"]}}],"collection":[{"href":"https:\/\/www.europesays.com\/fi\/wp-json\/wp\/v2\/posts"}],"about":[{"href":"https:\/\/www.europesays.com\/fi\/wp-json\/wp\/v2\/types\/post"}],"author":[{"embeddable":true,"href":"https:\/\/www.europesays.com\/fi\/wp-json\/wp\/v2\/users\/2"}],"replies":[{"embeddable":true,"href":"https:\/\/www.europesays.com\/fi\/wp-json\/wp\/v2\/comments?post=115730"}],"version-history":[{"count":0,"href":"https:\/\/www.europesays.com\/fi\/wp-json\/wp\/v2\/posts\/115730\/revisions"}],"wp:featuredmedia":[{"embeddable":true,"href":"https:\/\/www.europesays.com\/fi\/wp-json\/wp\/v2\/media\/115731"}],"wp:attachment":[{"href":"https:\/\/www.europesays.com\/fi\/wp-json\/wp\/v2\/media?parent=115730"}],"wp:term":[{"taxonomy":"category","embeddable":true,"href":"https:\/\/www.europesays.com\/fi\/wp-json\/wp\/v2\/categories?post=115730"},{"taxonomy":"post_tag","embeddable":true,"href":"https:\/\/www.europesays.com\/fi\/wp-json\/wp\/v2\/tags?post=115730"}],"curies":[{"name":"wp","href":"https:\/\/api.w.org\/{rel}","templated":true}]}}