{"id":115736,"date":"2025-12-14T00:36:15","date_gmt":"2025-12-14T00:36:15","guid":{"rendered":"https:\/\/www.europesays.com\/fi\/115736\/"},"modified":"2025-12-14T00:36:15","modified_gmt":"2025-12-14T00:36:15","slug":"la-13-12-klo-18-ansa-esitys-peruttu","status":"publish","type":"post","link":"https:\/\/www.europesays.com\/fi\/115736\/","title":{"rendered":"LA 13.12. klo 18 Ansa \u2013 ESITYS PERUTTU"},"content":{"rendered":"\n<p class=\"time\">13.12.2025 \u00b7 15:36<\/p>\n<p class=\"lead\">Ansan esitys lauantaina 13.12. klo 18 on valitettavasti jouduttu perumaan \u00e4killisest\u00e4 sairaustapauksesta johtuen. <\/p>\n<p>  <a href=\"https:\/\/www.europesays.com\/fi\/wp-content\/uploads\/2025\/12\/ansa13122025_peruttu.jpg\" title=\"ansa13122025_peruttu\" class=\"fresco\" data-fresco-caption=\"\" data-fresco-group=\"ref-gallery\"> <img decoding=\"async\" src=\"https:\/\/www.europesays.com\/fi\/wp-content\/uploads\/2025\/12\/ansa13122025_peruttu.jpg\" alt=\"\"\/> <\/a>  <\/p>\n<p>Mik\u00e4li sinulla on jo maksetut liput kyseisiin esityksiin, voit siirt\u00e4\u00e4 liput t\u00e4ll\u00e4 lomakkeella. T\u00e4ll\u00e4 lomakkeella voit halutessasi my\u00f6s peruuttaa liput:<br \/><a title=\"Peruutuslomake\" href=\"https:\/\/raumanteatteri.fi\/peruutuslomake\/\" target=\"_blank\" rel=\"noopener nofollow\">https:\/\/raumanteatteri.fi\/peruutuslomake\/<\/a><\/p>\n<p>Mik\u00e4li sinulla oli varaus (=lippuja ei ole viel\u00e4 maksettu) jompaan kumpaan kyseisist\u00e4 esityksist\u00e4, voit siirt\u00e4\u00e4 varauksen toiseen p\u00e4iv\u00e4\u00e4n t\u00e4ll\u00e4 lomakkeella:<br \/><a title=\"Varauslomake\" href=\"https:\/\/raumanteatteri.fi\/varauslomake\/\" target=\"_blank\" rel=\"noopener nofollow\">https:\/\/raumanteatteri.fi\/varauslomake\/<\/a><\/p>\n<p>Mik\u00e4li asiakas on antanut meille yhteystietonsa, tiedotamme peruutuksista kyseisten esitysten asiakkaita my\u00f6s s\u00e4hk\u00f6postilla ja\/tai tekstiviestill\u00e4.<\/p>\n<p>Lippujen vaihtaminen onnistuu my\u00f6s Rauman teatterin lippumyym\u00e4l\u00e4ss\u00e4 (Alfredinkatu 2, 26100 Rauma). <strong>HUOM! Palvelemme 8.-23.12. MA-LA klo 11-17 (t\u00e4n\u00e4\u00e4n 13.12. klo 11-18).<\/strong> Ma 29.12. alkaen palvelemme ma-pe klo 11-14.<\/p>\n<p style=\"text-align: left\">Pahoittelemme harmillista tilannetta.<\/p>\n","protected":false},"excerpt":{"rendered":"13.12.2025 \u00b7 15:36 Ansan esitys lauantaina 13.12. klo 18 on valitettavasti jouduttu perumaan \u00e4killisest\u00e4 sairaustapauksesta johtuen. Mik\u00e4li sinulla&hellip;\n","protected":false},"author":2,"featured_media":115737,"comment_status":"","ping_status":"","sticky":false,"template":"","format":"standard","meta":{"footnotes":""},"categories":[76],"tags":[79,77,33,31,30,32,78],"class_list":{"0":"post-115736","1":"post","2":"type-post","3":"status-publish","4":"format-standard","5":"has-post-thumbnail","7":"category-talous","8":"tag-business","9":"tag-economy","10":"tag-fi","11":"tag-finland","12":"tag-finnish","13":"tag-suomi","14":"tag-talous"},"share_on_mastodon":{"url":"https:\/\/pubeurope.com\/@fi\/115715125184157070","error":""},"_links":{"self":[{"href":"https:\/\/www.europesays.com\/fi\/wp-json\/wp\/v2\/posts\/115736","targetHints":{"allow":["GET"]}}],"collection":[{"href":"https:\/\/www.europesays.com\/fi\/wp-json\/wp\/v2\/posts"}],"about":[{"href":"https:\/\/www.europesays.com\/fi\/wp-json\/wp\/v2\/types\/post"}],"author":[{"embeddable":true,"href":"https:\/\/www.europesays.com\/fi\/wp-json\/wp\/v2\/users\/2"}],"replies":[{"embeddable":true,"href":"https:\/\/www.europesays.com\/fi\/wp-json\/wp\/v2\/comments?post=115736"}],"version-history":[{"count":0,"href":"https:\/\/www.europesays.com\/fi\/wp-json\/wp\/v2\/posts\/115736\/revisions"}],"wp:featuredmedia":[{"embeddable":true,"href":"https:\/\/www.europesays.com\/fi\/wp-json\/wp\/v2\/media\/115737"}],"wp:attachment":[{"href":"https:\/\/www.europesays.com\/fi\/wp-json\/wp\/v2\/media?parent=115736"}],"wp:term":[{"taxonomy":"category","embeddable":true,"href":"https:\/\/www.europesays.com\/fi\/wp-json\/wp\/v2\/categories?post=115736"},{"taxonomy":"post_tag","embeddable":true,"href":"https:\/\/www.europesays.com\/fi\/wp-json\/wp\/v2\/tags?post=115736"}],"curies":[{"name":"wp","href":"https:\/\/api.w.org\/{rel}","templated":true}]}}