{"id":115738,"date":"2025-12-14T00:37:10","date_gmt":"2025-12-14T00:37:10","guid":{"rendered":"https:\/\/www.europesays.com\/fi\/115738\/"},"modified":"2025-12-14T00:37:10","modified_gmt":"2025-12-14T00:37:10","slug":"joukkoampuminen-yhdysvalloissa-useita-uhreja-brownin-yliopiston-alueella-providencessa-uutisia-lyhyesti","status":"publish","type":"post","link":"https:\/\/www.europesays.com\/fi\/115738\/","title":{"rendered":"Joukkoampuminen Yhdysvalloissa: Useita uhreja Brownin yliopiston alueella Providencessa | Uutisia lyhyesti"},"content":{"rendered":"<p class=\"aw-1gybjub aw-5vja16 kEtdKx kmuxyA yle__article__paragraph\">Viranomaisten mukaan kuolleita on ainakin kaksi. Lis\u00e4ksi kahdeksan loukkaantunutta on kriittisess\u00e4 tilassa.<\/p>\n<p><img decoding=\"async\" alt=\"Poliser och r\u00e4ddningspersonal utanf\u00f6r Brown university i USA.\" src=\"https:\/\/www.europesays.com\/fi\/wp-content\/uploads\/2025\/12\/39-1569444693dfe0f689f3.jpeg\" class=\"aw-1l9m598 hKVVvP\"\/><\/p>\n<p>Avaa kuvien katselu<\/p>\n<p>Ampujaa etsit\u00e4\u00e4n edelleen Brownin yliopiston alueella Providencessa. Kuva: Mark Stockwell \/ AP \/ Lehtikuva<\/p>\n<p class=\"aw-1gybjub aw-1p7kakr kEtdKx cEmitX yle__article__paragraph\">Brownin yliopistossa Providencen kaupungissa Yhdysvaltain it\u00e4rannikolla on tapahtunut lauantaina joukkoampuminen.<\/p>\n<p class=\"aw-1gybjub aw-1p7kakr kEtdKx cEmitX yle__article__paragraph\">\u2013 Useita ammuttu Brownin yliopiston alueella. Tutkinta on aktiivinen. Ole hyv\u00e4 ja hakeudu suojaan alueella tai v\u00e4lt\u00e4 aluetta toistaiseksi, Providencen poliisi varoitti viestipalvelu X:ss\u00e4.<\/p>\n<p class=\"aw-1gybjub aw-1p7kakr kEtdKx cEmitX yle__article__paragraph\">Providencen pormestari <strong class=\"aw-ak79eh KyCXm yle__article__strong\">Brett Smiley<\/strong> kertoi Suoman aikaa sunnuntaiaamuna puoli kahdelta alkaneessa tiedotustilaisuudessa, ett\u00e4 kuolonuhreja on kaksi. Lis\u00e4ksi kahdeksan uhria on kriittisess\u00e4 tilassa. My\u00f6s Brownin yliopisto on vahvistanut tiedon viestipalvelu X:ss\u00e4.<\/p>\n<p class=\"aw-1gybjub aw-1p7kakr kEtdKx cEmitX yle__article__paragraph\">Viranomaiset saivat h\u00e4lytyksen yliopistolle lauantaina iltap\u00e4iv\u00e4ll\u00e4 nelj\u00e4lt\u00e4 paikallista aikaa. Ampuja iski Barus &amp; Holley -rakennukseen, jossa sijaitsevat yliopiston teknillinen korkeakoulu ja fysiikan laitos. Siell\u00e4 olivat k\u00e4ynniss\u00e4 syyslukukauden p\u00e4\u00e4tt\u00f6kokeet.<\/p>\n<p class=\"aw-1gybjub aw-1p7kakr kEtdKx cEmitX yle__article__paragraph\">Ampujan olinpaikasta liikkui aluksi ristiriitaista \u200b\u200btietoa. Yhdysvaltain presidentti <strong class=\"aw-ak79eh KyCXm yle__article__strong\">Donald Trump<\/strong> ehti jo ilmoittaa, ett\u00e4 ep\u00e4ilty on pid\u00e4tetty. Pian sen j\u00e4lkeen Brownin yliopisto kuitenkin ilmoitti tilanteen olevan yh\u00e4 p\u00e4\u00e4ll\u00e4. Pormestari Smiley kertoi my\u00f6hemmin tiedotustilaisuudessa, ett\u00e4 ampujaa etsit\u00e4\u00e4n edelleen.<\/p>\n<p><img decoding=\"async\" alt=\"Poliisiauto seisoo Providencen yliopiston p\u00e4\u00e4portilla.\" src=\"https:\/\/www.europesays.com\/fi\/wp-content\/uploads\/2025\/12\/39-1569445693dfff74179b.jpeg\" loading=\"lazy\" class=\"aw-1l9m598 hKVVvP\"\/><\/p>\n<p>Avaa kuvien katselu<\/p>\n<p>Poliisit vartioivat Brownin yliopiston sis\u00e4\u00e4nk\u00e4ynti\u00e4 lauantai-iltana. Kuva: Steven Senne \/ AP \/ Lehtikuva<\/p>\n<p class=\"aw-1gybjub aw-1p7kakr kEtdKx cEmitX yle__article__paragraph\">Providence sijaitsee Yhdysvaltain koillisosassa Rhode Islandin osavaltiossa. Yksityinen Brownin yliopisto on perustettu vuonna 1764, ja se on seitsem\u00e4nneksi vanhin yliopisto Yhdysvalloissa.<\/p>\n<p class=\"aw-1gybjub aw-1p7kakr kEtdKx cEmitX yle__article__paragraph\">Uutinen p\u00e4ivittyy.<\/p>\n<p class=\"aw-1gybjub aw-1p7kakr kEtdKx cEmitX yle__article__paragraph\">L\u00e4hteet: AFP, Reuters, AP, CNN.<\/p>\n","protected":false},"excerpt":{"rendered":"Viranomaisten mukaan kuolleita on ainakin kaksi. Lis\u00e4ksi kahdeksan loukkaantunutta on kriittisess\u00e4 tilassa. Avaa kuvien katselu Ampujaa etsit\u00e4\u00e4n edelleen&hellip;\n","protected":false},"author":2,"featured_media":115739,"comment_status":"","ping_status":"","sticky":false,"template":"","format":"standard","meta":{"footnotes":""},"categories":[14],"tags":[1773,3981,22,23,21178,26,27,33,31,30,17,2455,683,24,25,28,29,15,18,21,21179,21177,32,19,20,56,16,37,59,60,61,619,21176],"class_list":{"0":"post-115738","1":"post","2":"type-post","3":"status-publish","4":"format-standard","5":"has-post-thumbnail","7":"category-ulkomaat","8":"tag-ampumavalikohtaukset","9":"tag-ampuminen","10":"tag-breaking-news","11":"tag-breakingnews","12":"tag-brownin-yliopisto","13":"tag-featured-news","14":"tag-featurednews","15":"tag-fi","16":"tag-finland","17":"tag-finnish","18":"tag-headlines","19":"tag-hengenvaara-ja-loukkaantuminen","20":"tag-kuolema","21":"tag-latest-news","22":"tag-latestnews","23":"tag-main-news","24":"tag-mainnews","25":"tag-news","26":"tag-otsikot","27":"tag-paauutiset","28":"tag-providence-rhode-island","29":"tag-rhode-island","30":"tag-suomi","31":"tag-top-stories","32":"tag-topstories","33":"tag-ulkomaat","34":"tag-uutiset","35":"tag-vakivaltarikokset","36":"tag-world","37":"tag-world-news","38":"tag-worldnews","39":"tag-yhdysvallat","40":"tag-yhdysvaltain-yliopistot"},"share_on_mastodon":{"url":"","error":"Validation failed: Text character limit of 500 exceeded"},"_links":{"self":[{"href":"https:\/\/www.europesays.com\/fi\/wp-json\/wp\/v2\/posts\/115738","targetHints":{"allow":["GET"]}}],"collection":[{"href":"https:\/\/www.europesays.com\/fi\/wp-json\/wp\/v2\/posts"}],"about":[{"href":"https:\/\/www.europesays.com\/fi\/wp-json\/wp\/v2\/types\/post"}],"author":[{"embeddable":true,"href":"https:\/\/www.europesays.com\/fi\/wp-json\/wp\/v2\/users\/2"}],"replies":[{"embeddable":true,"href":"https:\/\/www.europesays.com\/fi\/wp-json\/wp\/v2\/comments?post=115738"}],"version-history":[{"count":0,"href":"https:\/\/www.europesays.com\/fi\/wp-json\/wp\/v2\/posts\/115738\/revisions"}],"wp:featuredmedia":[{"embeddable":true,"href":"https:\/\/www.europesays.com\/fi\/wp-json\/wp\/v2\/media\/115739"}],"wp:attachment":[{"href":"https:\/\/www.europesays.com\/fi\/wp-json\/wp\/v2\/media?parent=115738"}],"wp:term":[{"taxonomy":"category","embeddable":true,"href":"https:\/\/www.europesays.com\/fi\/wp-json\/wp\/v2\/categories?post=115738"},{"taxonomy":"post_tag","embeddable":true,"href":"https:\/\/www.europesays.com\/fi\/wp-json\/wp\/v2\/tags?post=115738"}],"curies":[{"name":"wp","href":"https:\/\/api.w.org\/{rel}","templated":true}]}}