{"id":115747,"date":"2025-12-14T00:59:10","date_gmt":"2025-12-14T00:59:10","guid":{"rendered":"https:\/\/www.europesays.com\/fi\/115747\/"},"modified":"2025-12-14T00:59:10","modified_gmt":"2025-12-14T00:59:10","slug":"sylvian-joululaulu-veisattiin-helsinkilaiskirkossa-aplodien-saattelemana","status":"publish","type":"post","link":"https:\/\/www.europesays.com\/fi\/115747\/","title":{"rendered":"Sylvian joululaulu veisattiin helsinkil\u00e4iskirkossa aplodien saattelemana"},"content":{"rendered":"<p>Jouluperinteet|Sylvian joululaulu j\u00e4i t\u00e4n\u00e4 vuonna pois Kauneimmat joululaulut -vihosta, mik\u00e4 on aiheuttanut harmistusta. Munkkivuoren kirkossa se kuitenkin laulettiin.<\/p>\n<p>13.12. 20:57<\/p>\n<p>Lue tiivistelm\u00e4<\/p>\n<p>Tiivistelm\u00e4 on teko\u00e4lyn tekem\u00e4 ja ihmisen tarkistama.<\/p>\n<p class=\"article-body mb-nof-24 px-nof-16 sndp-summary-bullet-point-font\">Munkkivuoren kirkossa laulettiin lauantaina Sylvian joululaulu, vaikka se j\u00e4i pois t\u00e4m\u00e4n vuoden Kauneimmat joululaulut -vihosta.<\/p>\n<p class=\"article-body mb-nof-24 px-nof-16 sndp-summary-bullet-point-font\">Pastori Ville Kormilainen kertoi, ett\u00e4 laulu heijastetaan ruudulle.<\/p>\n<p class=\"article-body mb-nof-24 px-nof-16 sndp-summary-bullet-point-font\">Suomen L\u00e4hetysseuran varainhankinnan p\u00e4\u00e4llikk\u00f6 Hanna Kalanne kertoi aiemmin, ett\u00e4 laulu on koettu haastavaksi laulaa ja ohjelmistoon halutaan uudempia kappaleita.<\/p>\n<p class=\"article-body mb-nof-24 px-nof-16\">Munkkivuoren kirkossa p\u00e4\u00e4tettiin lauantaina poiketa Kauneimmat joululaulut -tapahtuman ohjelmistosta. Sylvian joululaulu veisattiin kirkossa innokkaan hartaasti, vaikka kappaletta ei l\u00f6ydyk\u00e4\u00e4n t\u00e4m\u00e4n vuoden lauluvihosta.<\/p>\n<p class=\"article-body mb-nof-24 px-nof-16\">\u201dNyt on kovasti kohistu joululauluvihosta pois j\u00e4\u00e4neist\u00e4 kappaleista ja ehk\u00e4 eniten kohua on aiheuttanut tuo Sylvian joululaulu\u201d, lausui pastori <a class=\"article-personlink\" href=\"https:\/\/www.hs.fi\/haku\/?query=Ville%20Kormilainen\" rel=\"nofollow noopener\" target=\"_blank\">Ville Kormilainen<\/a> laulun saatesanoissa lauantai-iltana.<\/p>\n<p class=\"article-body mb-nof-24 px-nof-16\">Rakastetun kappaleen pois j\u00e4\u00e4misest\u00e4 on <a class=\"article-genericlink\" href=\"https:\/\/www.hs.fi\/kulttuuri\/art-2000011683492.html\" rel=\"nofollow noopener\" target=\"_blank\">uutisoitu <\/a>t\u00e4ll\u00e4 viikolla, sill\u00e4 se on poikinut jonkin verran harmistunutta palautetta.<\/p>\n<p class=\"article-body mb-nof-24 px-nof-16\">Munkkivuoren kirkossa kansan mielipide kuultiin ja kappale p\u00e4\u00e4tettiin pit\u00e4\u00e4 ohjelmistossa.<\/p>\n<p class=\"article-body mb-nof-24 px-nof-16\">\u201dEi h\u00e4t\u00e4\u00e4, koska olemme ratkaisseet asian niin, ett\u00e4 vaikka sit\u00e4 ei tuolta vihkosta l\u00f6ydy, niin laulamme sen seuraavaksi ja heijastamme sanat tuonne ruudulle\u201d, Kormilainen jatkoi. Saatesanojen j\u00e4lkeen kuului yleis\u00f6n aplodit.<\/p>\n<p class=\"article-body mb-nof-24 px-nof-16\">Suositun Kauneimmat joululaulut -tapahtuman kappaleet valitaan joka vuosi kanttoreista koostuvan raadin toimesta.<\/p>\n<p class=\"article-body mb-nof-24 px-nof-16\">Suomen L\u00e4hetysseuran varainhankinnan p\u00e4\u00e4llikk\u00f6 <a class=\"article-personlink article-strong\" href=\"https:\/\/www.hs.fi\/haku\/?query=Hanna%20Kalanne\" rel=\"nofollow noopener\" target=\"_blank\">Hanna Kalanne<\/a> kertoi aiemmin HS:lle, ett\u00e4 Sylvian joululaulun pois j\u00e4\u00e4minen oli raadilta yksimielinen p\u00e4\u00e4t\u00f6s. Se on koettu suurelle yleis\u00f6lle haastavaksi laulaa.<\/p>\n<p class=\"article-body mb-nof-24 px-nof-16\">\u201dEmme ajatelleet, ett\u00e4 laulu olisi ollut niin erityinen, vaikka se onkin suomalaisille t\u00e4rke\u00e4\u201d, Kalanne kommentoi harmistuneita palautteita.<\/p>\n<p class=\"article-body mb-nof-24 px-nof-16\">Ohjelmistoa muuttamalla on pyritty tekem\u00e4\u00e4n tilaa my\u00f6s uudemmille joululauluille sek\u00e4 sellaisille kappaleille, jotka olisivat tutumpia my\u00f6s ulkomaalaisille ja maahan muuttaneille.<\/p>\n<p>N\u00e4m\u00e4 kappaleet ovat mukana Kauneimmat joululaulut -tapahtumissa 2025:<\/p>\n<p class=\"article-body mb-nof-24 px-nof-16\">1. En etsi valtaa, loistoa<\/p>\n<p class=\"article-body mb-nof-24 px-nof-16\">2. Arkihuolesi kaikki heit\u00e4<\/p>\n<p class=\"article-body mb-nof-24 px-nof-16\">3. Joulun suuri salaisuus<\/p>\n<p class=\"article-body mb-nof-24 px-nof-16\">4. Enkeli taivaan<\/p>\n<p class=\"article-body mb-nof-24 px-nof-16\">5. Heinill\u00e4 h\u00e4rkien kaukalon<\/p>\n<p class=\"article-body mb-nof-24 px-nof-16\">6. Jouluilta<\/p>\n<p class=\"article-body mb-nof-24 px-nof-16\">7. Jouluna he kaikki ovat t\u00e4\u00e4ll\u00e4<\/p>\n<p class=\"article-body mb-nof-24 px-nof-16\">8. Kauneimmat joululaulut soi<\/p>\n<p class=\"article-body mb-nof-24 px-nof-16\">9. Marian poika<\/p>\n<p class=\"article-body mb-nof-24 px-nof-16\">10. Kuului laulu enkelten<\/p>\n<p class=\"article-body mb-nof-24 px-nof-16\">11. Osaatko naattia joulusta?<\/p>\n<p class=\"article-body mb-nof-24 px-nof-16\">12. Joulupuu on rakennettu<\/p>\n<p class=\"article-body mb-nof-24 px-nof-16\">13. Kilisee kilisee kulkunen<\/p>\n<p class=\"article-body mb-nof-24 px-nof-16\">14. Pieni liekki<\/p>\n<p class=\"article-body mb-nof-24 px-nof-16\">15. Piirr\u00e4n pienen t\u00e4hden<\/p>\n<p class=\"article-body mb-nof-24 px-nof-16\">16. Tuiki, tuiki t\u00e4ht\u00f6nen<\/p>\n<p class=\"article-body mb-nof-24 px-nof-16\">17. Taivas syliss\u00e4ni<\/p>\n<p class=\"article-body mb-nof-24 px-nof-16\">18. Ensimm\u00e4inen joulu<\/p>\n<p class=\"article-body mb-nof-24 px-nof-16\">19. Syd\u00e4meeni joulun teen<\/p>\n<p class=\"article-body mb-nof-24 px-nof-16\">20. H\u00e4n seimess\u00e4 nukkuu<\/p>\n<p class=\"article-body mb-nof-24 px-nof-16\">21. Jouluy\u00f6, juhlay\u00f6<\/p>\n<p class=\"article-body mb-nof-24 px-nof-16\">22. Hyv\u00e4n joulun toivotus<\/p>\n<p class=\"article-body mb-nof-24 px-nof-16\">23. Jouluy\u00f6n hymni<\/p>\n<p class=\"article-body mb-nof-24 px-nof-16\">24. Enkellaulu kajahtaa<\/p>\n<p class=\"article-body mb-nof-24 px-nof-16\">25. On hanget korkeat nietokset<\/p>\n<p class=\"article-body mb-nof-24 px-nof-16\">26. Kun joulu on<\/p>\n<p class=\"article-body mb-nof-24 px-nof-16\">27. Varpunen jouluaamuna<\/p>\n<p class=\"article-body mb-nof-24 px-nof-16\">28. Maa on niin kaunis<\/p>\n","protected":false},"excerpt":{"rendered":"Jouluperinteet|Sylvian joululaulu j\u00e4i t\u00e4n\u00e4 vuonna pois Kauneimmat joululaulut -vihosta, mik\u00e4 on aiheuttanut harmistusta. Munkkivuoren kirkossa se kuitenkin laulettiin.&hellip;\n","protected":false},"author":2,"featured_media":115748,"comment_status":"","ping_status":"","sticky":false,"template":"","format":"standard","meta":{"footnotes":""},"categories":[130],"tags":[137,33,31,30,46,32,109],"class_list":{"0":"post-115747","1":"post","2":"type-post","3":"status-publish","4":"format-standard","5":"has-post-thumbnail","7":"category-viihde","8":"tag-entertainment","9":"tag-fi","10":"tag-finland","11":"tag-finnish","12":"tag-helsingin-sanomat","13":"tag-suomi","14":"tag-viihde"},"share_on_mastodon":{"url":"https:\/\/pubeurope.com\/@fi\/115715215510053754","error":""},"_links":{"self":[{"href":"https:\/\/www.europesays.com\/fi\/wp-json\/wp\/v2\/posts\/115747","targetHints":{"allow":["GET"]}}],"collection":[{"href":"https:\/\/www.europesays.com\/fi\/wp-json\/wp\/v2\/posts"}],"about":[{"href":"https:\/\/www.europesays.com\/fi\/wp-json\/wp\/v2\/types\/post"}],"author":[{"embeddable":true,"href":"https:\/\/www.europesays.com\/fi\/wp-json\/wp\/v2\/users\/2"}],"replies":[{"embeddable":true,"href":"https:\/\/www.europesays.com\/fi\/wp-json\/wp\/v2\/comments?post=115747"}],"version-history":[{"count":0,"href":"https:\/\/www.europesays.com\/fi\/wp-json\/wp\/v2\/posts\/115747\/revisions"}],"wp:featuredmedia":[{"embeddable":true,"href":"https:\/\/www.europesays.com\/fi\/wp-json\/wp\/v2\/media\/115748"}],"wp:attachment":[{"href":"https:\/\/www.europesays.com\/fi\/wp-json\/wp\/v2\/media?parent=115747"}],"wp:term":[{"taxonomy":"category","embeddable":true,"href":"https:\/\/www.europesays.com\/fi\/wp-json\/wp\/v2\/categories?post=115747"},{"taxonomy":"post_tag","embeddable":true,"href":"https:\/\/www.europesays.com\/fi\/wp-json\/wp\/v2\/tags?post=115747"}],"curies":[{"name":"wp","href":"https:\/\/api.w.org\/{rel}","templated":true}]}}