{"id":115760,"date":"2025-12-14T01:24:10","date_gmt":"2025-12-14T01:24:10","guid":{"rendered":"https:\/\/www.europesays.com\/fi\/115760\/"},"modified":"2025-12-14T01:24:10","modified_gmt":"2025-12-14T01:24:10","slug":"lukko-pilasi-assien-illan-toistamiseen-kuultiin-etta-assat-lahtee-jollekin-risteilylle","status":"publish","type":"post","link":"https:\/\/www.europesays.com\/fi\/115760\/","title":{"rendered":"Lukko pilasi \u00c4ssien illan toistamiseen \u2013 \u201dKuultiin, ett\u00e4 \u00c4ss\u00e4t l\u00e4htee jollekin risteilylle\u201d"},"content":{"rendered":"<p>\u00c4ss\u00e4t j\u00e4i kahdesti per\u00e4kk\u00e4in t\u00e4ydellisesti Lukon jyr\u00e4n alle.<\/p>\n<p>13.12. 19:34<\/p>\n<p class=\"article-body mb-nof-24 px-nof-16\">Rauma<\/p>\n<p class=\"article-body nof-ui-body-medium mb-nof-24 px-nof-16\">Lukko\u2013\u00c4ss\u00e4t 8\u20133<\/p>\n<p class=\"article-body mb-nof-24 px-nof-16\">\u201dPaljon pit\u00e4\u00e4 pysty\u00e4 parantamaan, ett\u00e4 voimme taistella voitosta.\u201d<\/p>\n<p class=\"article-body mb-nof-24 px-nof-16\">\u00c4ssien p\u00e4\u00e4valmentaja <a class=\"article-personlink\" href=\"https:\/\/www.satakunnankansa.fi\/haku\/?query=Jarno%20Pikkarainen\" rel=\"nofollow noopener\" target=\"_blank\">Jarno Pikkarainen <\/a>my\u00f6nsi tosiasiat viikonvaihteen paikallispelien ensimm\u00e4isen n\u00e4yt\u00f6ksen j\u00e4lkeen.<\/p>\n<p class=\"article-body mb-nof-24 px-nof-16\">Porin perjantai-illassa Lukko oli selv\u00e4sti parempi. Raumalaisten vierasvoittonumerot 1\u20135 mairittelivat \u00c4ssi\u00e4, eiv\u00e4t Lukkoa.<\/p>\n<p class=\"article-body mb-nof-24 px-nof-16\">Sinikeltaiset olivat kaikessa edell\u00e4.<\/p>\n","protected":false},"excerpt":{"rendered":"\u00c4ss\u00e4t j\u00e4i kahdesti per\u00e4kk\u00e4in t\u00e4ydellisesti Lukon jyr\u00e4n alle. 13.12. 19:34 Rauma Lukko\u2013\u00c4ss\u00e4t 8\u20133 \u201dPaljon pit\u00e4\u00e4 pysty\u00e4 parantamaan, ett\u00e4&hellip;\n","protected":false},"author":2,"featured_media":115761,"comment_status":"","ping_status":"","sticky":false,"template":"","format":"standard","meta":{"footnotes":""},"categories":[158],"tags":[33,31,30,80,159,32,160],"class_list":{"0":"post-115760","1":"post","2":"type-post","3":"status-publish","4":"format-standard","5":"has-post-thumbnail","7":"category-urheilu","8":"tag-fi","9":"tag-finland","10":"tag-finnish","11":"tag-satakunnan-kansa","12":"tag-sports","13":"tag-suomi","14":"tag-urheilu"},"share_on_mastodon":{"url":"https:\/\/pubeurope.com\/@fi\/115715313769685718","error":""},"_links":{"self":[{"href":"https:\/\/www.europesays.com\/fi\/wp-json\/wp\/v2\/posts\/115760","targetHints":{"allow":["GET"]}}],"collection":[{"href":"https:\/\/www.europesays.com\/fi\/wp-json\/wp\/v2\/posts"}],"about":[{"href":"https:\/\/www.europesays.com\/fi\/wp-json\/wp\/v2\/types\/post"}],"author":[{"embeddable":true,"href":"https:\/\/www.europesays.com\/fi\/wp-json\/wp\/v2\/users\/2"}],"replies":[{"embeddable":true,"href":"https:\/\/www.europesays.com\/fi\/wp-json\/wp\/v2\/comments?post=115760"}],"version-history":[{"count":0,"href":"https:\/\/www.europesays.com\/fi\/wp-json\/wp\/v2\/posts\/115760\/revisions"}],"wp:featuredmedia":[{"embeddable":true,"href":"https:\/\/www.europesays.com\/fi\/wp-json\/wp\/v2\/media\/115761"}],"wp:attachment":[{"href":"https:\/\/www.europesays.com\/fi\/wp-json\/wp\/v2\/media?parent=115760"}],"wp:term":[{"taxonomy":"category","embeddable":true,"href":"https:\/\/www.europesays.com\/fi\/wp-json\/wp\/v2\/categories?post=115760"},{"taxonomy":"post_tag","embeddable":true,"href":"https:\/\/www.europesays.com\/fi\/wp-json\/wp\/v2\/tags?post=115760"}],"curies":[{"name":"wp","href":"https:\/\/api.w.org\/{rel}","templated":true}]}}