{"id":115762,"date":"2025-12-14T01:25:08","date_gmt":"2025-12-14T01:25:08","guid":{"rendered":"https:\/\/www.europesays.com\/fi\/115762\/"},"modified":"2025-12-14T01:25:08","modified_gmt":"2025-12-14T01:25:08","slug":"hurjista-kauneusleikkauksistaan-tunnettu-sometahti-loytyi-kuolleena-jakoi-pari-paivaa-aikaisemmin-hyytavan-viestin","status":"publish","type":"post","link":"https:\/\/www.europesays.com\/fi\/115762\/","title":{"rendered":"Hurjista kauneusleikkauksistaan tunnettu somet\u00e4hti l\u00f6ytyi kuolleena \u2013 jakoi pari p\u00e4iv\u00e4\u00e4 aikaisemmin hyyt\u00e4v\u00e4n viestin"},"content":{"rendered":"<p>\u00c4\u00e4rimm\u00e4isist\u00e4 plastiikkakirurgisista operaatioistaan tunnettu meksikolais-kanadalainen sosiaalisen median vaikuttaja <strong>Mary Magdalene<\/strong>, oikealta nimelt\u00e4\u00e4n Denise Ivonne Jarvis Gongora, on kuollut. Asiasta uutisoi muun muassa <a href=\"https:\/\/www.dailymail.co.uk\/tvshowbiz\/article-15373447\/mary-magdalene-surgery-death-thailand.html\" target=\"_blank\" rel=\"noreferrer noopener nofollow\">Daily Mail<\/a>.<\/p>\n<p>H\u00e4n oli kuollessaan 33-vuotias.<\/p>\n<p>H\u00e4net l\u00f6ydettiin Thaimaan Phuketin korkeimman rakennuksen, Patong Towerin parkkipaikalta vain tunteja sen j\u00e4lkeen, kun h\u00e4n oli kirjautunut hotelliin sis\u00e4\u00e4n. H\u00e4nen kerrotaan pudonneen alas yhdeks\u00e4nnen kerroksen parvekkeelta.<\/p>\n<p>Magdalene jakoi viimeisen\u00e4 Instagram-julkaisunaan vain pari p\u00e4iv\u00e4\u00e4 ennen kuolemaansa kuvakaappauksen The Truman Show -elokuvan loppukohtauksesta.<\/p>\n<p>Kuvissa <strong>Jim Carreyn<\/strong> n\u00e4yttelem\u00e4 Truman Burbank sanoo kumartaen:<\/p>\n<p>\u2013 Sit\u00e4 varalta, etten n\u00e4e teit\u00e4: hyv\u00e4\u00e4 iltap\u00e4iv\u00e4\u00e4, hyv\u00e4\u00e4 iltaa ja hyv\u00e4\u00e4 y\u00f6t\u00e4.<\/p>\n<p>Magdalenella oli useita sosiaalisen median tilej\u00e4, joista yhden nimeksi h\u00e4n vaihtoi ennen kuolemaansa Marymagdalenedied, eli suomeksi Mary Magdalene kuoli.<\/p>\n<p>Magdalenen fanit ovat j\u00e4rkyttyneit\u00e4 julkaisun kommenteissa:<\/p>\n<p>\u2013 Olisipa h\u00e4n ollut kiltimpi itselleen.<\/p>\n<p>\u2013 Ole kiltti ja kerro meille, ett\u00e4 olet kunnossa. En voi uskoa t\u00e4t\u00e4.<\/p>\n<p>\u2013 T\u00e4m\u00e4 on surullisin poistuminen, jonka olen koskaan n\u00e4hnyt.<\/p>\n<p>\u2013 Olet vapaa. Lenn\u00e4 korkealla, kaunis sielu.<\/p>\n<p>\u2013 Kunpa maailma olisi kohdellut sinua kiltimmin.<\/p>\n","protected":false},"excerpt":{"rendered":"\u00c4\u00e4rimm\u00e4isist\u00e4 plastiikkakirurgisista operaatioistaan tunnettu meksikolais-kanadalainen sosiaalisen median vaikuttaja Mary Magdalene, oikealta nimelt\u00e4\u00e4n Denise Ivonne Jarvis Gongora, on kuollut.&hellip;\n","protected":false},"author":2,"featured_media":115763,"comment_status":"","ping_status":"","sticky":false,"template":"","format":"standard","meta":{"footnotes":""},"categories":[130],"tags":[137,33,31,30,3982,1028,32,109],"class_list":{"0":"post-115762","1":"post","2":"type-post","3":"status-publish","4":"format-standard","5":"has-post-thumbnail","7":"category-viihde","8":"tag-entertainment","9":"tag-fi","10":"tag-finland","11":"tag-finnish","12":"tag-kuolemantapaus","13":"tag-sosiaalinen-media","14":"tag-suomi","15":"tag-viihde"},"share_on_mastodon":{"url":"https:\/\/pubeurope.com\/@fi\/115715317596578738","error":""},"_links":{"self":[{"href":"https:\/\/www.europesays.com\/fi\/wp-json\/wp\/v2\/posts\/115762","targetHints":{"allow":["GET"]}}],"collection":[{"href":"https:\/\/www.europesays.com\/fi\/wp-json\/wp\/v2\/posts"}],"about":[{"href":"https:\/\/www.europesays.com\/fi\/wp-json\/wp\/v2\/types\/post"}],"author":[{"embeddable":true,"href":"https:\/\/www.europesays.com\/fi\/wp-json\/wp\/v2\/users\/2"}],"replies":[{"embeddable":true,"href":"https:\/\/www.europesays.com\/fi\/wp-json\/wp\/v2\/comments?post=115762"}],"version-history":[{"count":0,"href":"https:\/\/www.europesays.com\/fi\/wp-json\/wp\/v2\/posts\/115762\/revisions"}],"wp:featuredmedia":[{"embeddable":true,"href":"https:\/\/www.europesays.com\/fi\/wp-json\/wp\/v2\/media\/115763"}],"wp:attachment":[{"href":"https:\/\/www.europesays.com\/fi\/wp-json\/wp\/v2\/media?parent=115762"}],"wp:term":[{"taxonomy":"category","embeddable":true,"href":"https:\/\/www.europesays.com\/fi\/wp-json\/wp\/v2\/categories?post=115762"},{"taxonomy":"post_tag","embeddable":true,"href":"https:\/\/www.europesays.com\/fi\/wp-json\/wp\/v2\/tags?post=115762"}],"curies":[{"name":"wp","href":"https:\/\/api.w.org\/{rel}","templated":true}]}}