{"id":115766,"date":"2025-12-14T01:29:09","date_gmt":"2025-12-14T01:29:09","guid":{"rendered":"https:\/\/www.europesays.com\/fi\/115766\/"},"modified":"2025-12-14T01:29:09","modified_gmt":"2025-12-14T01:29:09","slug":"israel-sanoo-tappaneensa-hamasin-asetuotannon-johtajan","status":"publish","type":"post","link":"https:\/\/www.europesays.com\/fi\/115766\/","title":{"rendered":"Israel sanoo tappaneensa Hamasin asetuotannon johtajan"},"content":{"rendered":"<p><strong class=\"typography-bold\">Israel iski Gazaan, gazalaisviranomaisten mukaan useita ihmisi\u00e4 on kuollut.<\/strong><\/p>\n<p>Israel ilmoittaa jatkaneensa iskuja Gazan kaistalla aselevosta huolimatta.<\/p>\n<p>Gazan v\u00e4est\u00f6nsuojeluviraston ja l\u00e4\u00e4kint\u00e4l\u00e4hteiden mukaan ainakin viisi ihmist\u00e4 kuoli Israelin iskussa Gazan kaupungin lounaispuolella.<\/p>\n<p>V\u00e4est\u00f6nsuojeluviraston tiedottajan <strong class=\"typography-bold\">Mahmud Bassalin<\/strong><strong class=\"typography-bold\"> <\/strong>mukaan isku kohdistettiin siviiliajoneuvoon. Bassal sanoi, ett\u00e4 ruumiit vietiin Gazan kaupungissa sijaitsevaan al-Shifan sairaalaan.<\/p>\n<p><strong class=\"typography-bold\">Lue my\u00f6s: <\/strong><a class=\"underline\" data-testid=\"internal-link\" role=\"link\" data-sentry-element=\"Link\" data-sentry-component=\"InternalLink\" data-sentry-source-file=\"InternalLink.tsx\" href=\"https:\/\/www.mtvuutiset.fi\/artikkeli\/yk-israel-jatkaa-laitonta-toimintaansa-ennatystahdilla\/9269984\" rel=\"nofollow noopener\" target=\"_blank\"><strong class=\"typography-bold\">YK: Israel jatkaa laitonta toimintaa enn\u00e4tystahdilla<\/strong><\/a><\/p>\n<p>Al-Shifan sairaalan ensiapuosasto vahvisti uutistoimisto AFP:lle viiden ruumiin saapumisen ja kertoi yli 25 ihmisen haavoittuneen iskussa.<\/p>\n<p>Israel ja \u00e4\u00e4rij\u00e4rjest\u00f6 Hamas solmivat lokakuussa aselevon, mutta osapuolet ovat syytt\u00e4neet toisiaan sen rikkomisesta. Yhdysvaltain presidentin <strong class=\"typography-bold\">Donald Trumpin<\/strong> rauhansuunnitelman mukaisesti Israelin joukot vet\u00e4ytyiv\u00e4t ensimm\u00e4isess\u00e4 vaiheessa niin sanotulle keltaiselle linjalle.<\/p>\n<p>Israel puolestaan sanoi tappaneensa iskussaan Hamasin aseellisen siiven asetuotannosta vastaavan johtajan. Israelin p\u00e4\u00e4ministeri <strong class=\"typography-bold\">Benjamin Netanjahu<\/strong> ja puolustusministeri <strong class=\"typography-bold\">Israel Katz<\/strong> sanoivat yhteisess\u00e4 lausunnossaan, ett\u00e4 he m\u00e4\u00e4r\u00e4siv\u00e4t Hamasin aseellisen siiven edustajan surman vastauksena Hamasin aiheuttamaan r\u00e4j\u00e4hdykseen, joka haavoitti israelilaisjoukkoja keltaisella linjalla.<\/p>\n<p>Israelin asevoimat ilmoitti aiemmin lauantaina, ett\u00e4 kaksi sotilasta haavoittui liev\u00e4sti r\u00e4j\u00e4hdyksess\u00e4 Etel\u00e4-Gazassa.<\/p>\n<p>Lis\u00e4ksi Gazan v\u00e4est\u00f6nsuojeluviranomaisten tiedottajan mukaan kaksi teini-ik\u00e4ist\u00e4 poikaa kuoli Israelin tulituksessa kahdessa erillisess\u00e4 v\u00e4likohtauksessa.<\/p>\n","protected":false},"excerpt":{"rendered":"Israel iski Gazaan, gazalaisviranomaisten mukaan useita ihmisi\u00e4 on kuollut. Israel ilmoittaa jatkaneensa iskuja Gazan kaistalla aselevosta huolimatta. Gazan&hellip;\n","protected":false},"author":2,"featured_media":115767,"comment_status":"","ping_status":"","sticky":false,"template":"","format":"standard","meta":{"footnotes":""},"categories":[14],"tags":[22,23,26,27,33,31,30,17,24,25,28,29,15,18,21,32,19,20,56,16,59,60,61],"class_list":{"0":"post-115766","1":"post","2":"type-post","3":"status-publish","4":"format-standard","5":"has-post-thumbnail","7":"category-ulkomaat","8":"tag-breaking-news","9":"tag-breakingnews","10":"tag-featured-news","11":"tag-featurednews","12":"tag-fi","13":"tag-finland","14":"tag-finnish","15":"tag-headlines","16":"tag-latest-news","17":"tag-latestnews","18":"tag-main-news","19":"tag-mainnews","20":"tag-news","21":"tag-otsikot","22":"tag-paauutiset","23":"tag-suomi","24":"tag-top-stories","25":"tag-topstories","26":"tag-ulkomaat","27":"tag-uutiset","28":"tag-world","29":"tag-world-news","30":"tag-worldnews"},"share_on_mastodon":{"url":"https:\/\/pubeurope.com\/@fi\/115715333479476984","error":""},"_links":{"self":[{"href":"https:\/\/www.europesays.com\/fi\/wp-json\/wp\/v2\/posts\/115766","targetHints":{"allow":["GET"]}}],"collection":[{"href":"https:\/\/www.europesays.com\/fi\/wp-json\/wp\/v2\/posts"}],"about":[{"href":"https:\/\/www.europesays.com\/fi\/wp-json\/wp\/v2\/types\/post"}],"author":[{"embeddable":true,"href":"https:\/\/www.europesays.com\/fi\/wp-json\/wp\/v2\/users\/2"}],"replies":[{"embeddable":true,"href":"https:\/\/www.europesays.com\/fi\/wp-json\/wp\/v2\/comments?post=115766"}],"version-history":[{"count":0,"href":"https:\/\/www.europesays.com\/fi\/wp-json\/wp\/v2\/posts\/115766\/revisions"}],"wp:featuredmedia":[{"embeddable":true,"href":"https:\/\/www.europesays.com\/fi\/wp-json\/wp\/v2\/media\/115767"}],"wp:attachment":[{"href":"https:\/\/www.europesays.com\/fi\/wp-json\/wp\/v2\/media?parent=115766"}],"wp:term":[{"taxonomy":"category","embeddable":true,"href":"https:\/\/www.europesays.com\/fi\/wp-json\/wp\/v2\/categories?post=115766"},{"taxonomy":"post_tag","embeddable":true,"href":"https:\/\/www.europesays.com\/fi\/wp-json\/wp\/v2\/tags?post=115766"}],"curies":[{"name":"wp","href":"https:\/\/api.w.org\/{rel}","templated":true}]}}