{"id":115780,"date":"2025-12-14T01:54:21","date_gmt":"2025-12-14T01:54:21","guid":{"rendered":"https:\/\/www.europesays.com\/fi\/115780\/"},"modified":"2025-12-14T01:54:21","modified_gmt":"2025-12-14T01:54:21","slug":"antero-karnan-uusi-laulu-ylistaa-kuhmon-ronttosta-ja-pullaa","status":"publish","type":"post","link":"https:\/\/www.europesays.com\/fi\/115780\/","title":{"rendered":"Antero K\u00e4rn\u00e4n uusi laulu ylist\u00e4\u00e4 Kuhmon r\u00f6ntt\u00f6st\u00e4 ja pullaa"},"content":{"rendered":"<p>                                  Kulttuuri<\/p>\n<p>                <img loading=\"lazy\" decoding=\"async\" itemprop=\"contentUrl\" class=\"figure-img img-fluid\"  src=\"https:\/\/www.europesays.com\/fi\/wp-content\/uploads\/2025\/12\/1765677260_150_imengine.public.prod.hil.infomaker.io\" width=\"2000\" height=\"1382\"  alt=\"\"\/><\/p>\n<p>                                    Kuvakaappaus Kuhmon R\u00f6ntt\u00f6st\u00e4 ja pullaa videolta.<\/p>\n<p>      MAINOS &#8211; juttu jatkuu mainoksen j\u00e4lkeen<\/p>\n<p>      MAINOS &#8211; mainos p\u00e4\u00e4ttyy<\/p>\n<p class=\"ew-body\">Antero K\u00e4rn\u00e4n sanoittama uusi kansans\u00e4velm\u00e4 on julkaistu Youtubessa. Laulu kertoo siit\u00e4, kuinka Kuhmoon tullaan ja tarjolla on heti r\u00f6ntt\u00f6st\u00e4 ja pullaa. Vaikka laulun p\u00e4\u00e4osassa on r\u00f6ntt\u00f6nen ja pulla, niin esille tulee useita muitakin Kuhmolla t\u00e4rkeit\u00e4 ja tyypillisi\u00e4 asioita.<\/p>\n<p class=\"ew-body\">Youtubesta l\u00f6ytyv\u00e4n kappa<\/p>\n<p>  <a class=\"btn btn-secondary btn-icon-left\" href=\"#coral_thread\"><br \/>\n    <img decoding=\"async\" src=\"https:\/\/www.kuhmolainen.fi\/wp-content\/themes\/hilla-theme\/assets\/img\/icon_comments.svg\" alt=\"\"\/><br \/>\n    Kommentoi<br \/>\n    \u00a0(0)<br \/>\n  <\/a><\/p>\n<p>  <a class=\"btn btn-secondary btn-icon-left mailto_web\" href=\"mailto:toimitus@kuhmolainen.fi?subject=Ilmoita%20asiavirheest%C3%A4&amp;body=Otsikko%3A%20Antero%20K%C3%A4rn%C3%A4n%20uusi%20laulu%20ylist%C3%A4%C3%A4%20Kuhmon%20r%C3%B6ntt%C3%B6st%C3%A4%20ja%20pullaa%0AUuid%3A%20dba7f36a-93ba-4561-971c-813ada605b8e%0AUrl%3A%20https%3A%2F%2Fwww.kuhmolainen.fi%2Fartikkeli%2Fantero-karnan-uusi-laulu-ylistaa-kuhmon-ronttosta-ja-pullaa\"><br \/>\n    <img decoding=\"async\" src=\"https:\/\/www.kuhmolainen.fi\/wp-content\/themes\/hilla-theme\/assets\/img\/icon_feedback.svg\" alt=\"\"\/><br \/>\n    Ilmoita asiavirheest\u00e4<br \/>\n  <\/a><\/p>\n","protected":false},"excerpt":{"rendered":"Kulttuuri Kuvakaappaus Kuhmon R\u00f6ntt\u00f6st\u00e4 ja pullaa videolta. MAINOS &#8211; juttu jatkuu mainoksen j\u00e4lkeen MAINOS &#8211; mainos p\u00e4\u00e4ttyy Antero&hellip;\n","protected":false},"author":2,"featured_media":115781,"comment_status":"","ping_status":"","sticky":false,"template":"","format":"standard","meta":{"footnotes":""},"categories":[76],"tags":[79,77,33,31,30,32,78],"class_list":{"0":"post-115780","1":"post","2":"type-post","3":"status-publish","4":"format-standard","5":"has-post-thumbnail","7":"category-talous","8":"tag-business","9":"tag-economy","10":"tag-fi","11":"tag-finland","12":"tag-finnish","13":"tag-suomi","14":"tag-talous"},"share_on_mastodon":{"url":"https:\/\/pubeurope.com\/@fi\/115715432176711522","error":""},"_links":{"self":[{"href":"https:\/\/www.europesays.com\/fi\/wp-json\/wp\/v2\/posts\/115780","targetHints":{"allow":["GET"]}}],"collection":[{"href":"https:\/\/www.europesays.com\/fi\/wp-json\/wp\/v2\/posts"}],"about":[{"href":"https:\/\/www.europesays.com\/fi\/wp-json\/wp\/v2\/types\/post"}],"author":[{"embeddable":true,"href":"https:\/\/www.europesays.com\/fi\/wp-json\/wp\/v2\/users\/2"}],"replies":[{"embeddable":true,"href":"https:\/\/www.europesays.com\/fi\/wp-json\/wp\/v2\/comments?post=115780"}],"version-history":[{"count":0,"href":"https:\/\/www.europesays.com\/fi\/wp-json\/wp\/v2\/posts\/115780\/revisions"}],"wp:featuredmedia":[{"embeddable":true,"href":"https:\/\/www.europesays.com\/fi\/wp-json\/wp\/v2\/media\/115781"}],"wp:attachment":[{"href":"https:\/\/www.europesays.com\/fi\/wp-json\/wp\/v2\/media?parent=115780"}],"wp:term":[{"taxonomy":"category","embeddable":true,"href":"https:\/\/www.europesays.com\/fi\/wp-json\/wp\/v2\/categories?post=115780"},{"taxonomy":"post_tag","embeddable":true,"href":"https:\/\/www.europesays.com\/fi\/wp-json\/wp\/v2\/tags?post=115780"}],"curies":[{"name":"wp","href":"https:\/\/api.w.org\/{rel}","templated":true}]}}