{"id":115786,"date":"2025-12-14T01:57:11","date_gmt":"2025-12-14T01:57:11","guid":{"rendered":"https:\/\/www.europesays.com\/fi\/115786\/"},"modified":"2025-12-14T01:57:11","modified_gmt":"2025-12-14T01:57:11","slug":"christopher-wegelius-on-kuollut-2","status":"publish","type":"post","link":"https:\/\/www.europesays.com\/fi\/115786\/","title":{"rendered":"Christopher Wegelius on kuollut"},"content":{"rendered":"<p>Suomen ratsastusikoni ja SKOP:n entinen p\u00e4\u00e4johtaja on poissa.<\/p>\n<p><img decoding=\"async\" class=\"image image-show image-preview\" src=\"https:\/\/www.europesays.com\/fi\/wp-content\/uploads\/2025\/12\/c380dc22ddadf221b5a8b3ced6e1490fdbc380664d30be3fb4834ee017b11eb8.jpg\" alt=\"\"\/><img decoding=\"async\" class=\"image image-show\" src=\"https:\/\/www.europesays.com\/fi\/wp-content\/uploads\/2025\/12\/1765658712_235_c380dc22ddadf221b5a8b3ced6e1490fdbc380664d30be3fb4834ee017b11eb8.jpg\" alt=\"\"\/><\/p>\n<p>Christopher Wegelius oli Suomen menestynein ratsastaja. Kuva vuodelta 2016. Minna Jalovaara<\/p>\n<p class=\"paragraph\">Suomalaisen ratsastusurheilun suurmies ja SKOP:n entinen p\u00e4\u00e4johtaja <a href=\"https:\/\/www.iltalehti.fi\/henkilot\/Christopher Wegelius\" class=\"article-link-person-page\" rel=\"nofollow noopener\" target=\"_blank\">Christopher Wegelius<\/a> on kuollut 81-vuotiaana.<\/p>\n<p class=\"paragraph\">Asian vahvistaa <a href=\"https:\/\/www.hevosurheilu.fi\/lahikuvat\/lahikuvat-ratsastus\/muistamme-christopher-wegelius\" target=\"_blank\" rel=\"noopener nofollow\">Hevosurheilu-sivustolle<\/a> Wegeliuksen sisar <strong>Helene S\u00f6derblom<\/strong>.<\/p>\n<p class=\"paragraph\">S\u00f6derblomin mukaan h\u00e4nen veljens\u00e4 oli ollut jo useamman kuukauden huonossa kunnossa ja sairaalahoidossa.<\/p>\n<p class=\"paragraph\">\u2013 Veljeni nukkui pois my\u00f6h\u00e4\u00e4n keskiviikkoiltana. Kaikki tapahtui hyvin rauhallisesti, h\u00e4n kuoli nukkuessaan, S\u00f6derblom kertoo.<\/p>\n<p class=\"paragraph\">Wegelius oli siviiliammatiltaan juristi, ja h\u00e4n toimi SKOP-pankin johtokunnan j\u00e4senen\u00e4, toimitusjohtajana ja p\u00e4\u00e4johtajana vuosina 1977\u20131991. H\u00e4n oli keskeinen henkil\u00f6 1990-luvun pankkikriisiss\u00e4.<\/p>\n<p class=\"paragraph\">Urheilun puolella Wegelius muistetaan viimeisimp\u00e4n\u00e4 suomalaisena, joka on p\u00e4\u00e4ssyt esteratsastuksessa olympialaisiin asti. T\u00e4m\u00e4 tapahtui Moskovan kisoissa 1980.<\/p>\n<p class=\"paragraph\">Urheilu- ja pankkiuriensa j\u00e4lkeen Wegelius keskittyi urheiluhevosten kauppaan, v\u00e4litykseen ja valmennukseen.<\/p>\n<p class=\"paragraph\">Wegelius oli naimisissa englantilaisen <strong>Elizabeth Jane Murrayn<\/strong> kanssa. Pariskunnalla on kaksi lasta.<\/p>\n","protected":false},"excerpt":{"rendered":"Suomen ratsastusikoni ja SKOP:n entinen p\u00e4\u00e4johtaja on poissa. Christopher Wegelius oli Suomen menestynein ratsastaja. Kuva vuodelta 2016. Minna&hellip;\n","protected":false},"author":2,"featured_media":115619,"comment_status":"","ping_status":"","sticky":false,"template":"","format":"standard","meta":{"footnotes":""},"categories":[5],"tags":[35,22,23,26,27,33,31,30,17,5520,7259,7263,7261,24,25,41,28,29,15,18,21,32,19,20,16],"class_list":{"0":"post-115786","1":"post","2":"type-post","3":"status-publish","4":"format-standard","5":"has-post-thumbnail","7":"category-otsikot","8":"tag-24h","9":"tag-breaking-news","10":"tag-breakingnews","11":"tag-featured-news","12":"tag-featurednews","13":"tag-fi","14":"tag-finland","15":"tag-finnish","16":"tag-headlines","17":"tag-hevonen","18":"tag-hevoselaimet","19":"tag-hevosurheilu","20":"tag-kavioelaimet","21":"tag-latest-news","22":"tag-latestnews","23":"tag-liikunta-ja-urheilu","24":"tag-main-news","25":"tag-mainnews","26":"tag-news","27":"tag-otsikot","28":"tag-paauutiset","29":"tag-suomi","30":"tag-top-stories","31":"tag-topstories","32":"tag-uutiset"},"share_on_mastodon":{"url":"https:\/\/pubeurope.com\/@fi\/115715443738045159","error":""},"_links":{"self":[{"href":"https:\/\/www.europesays.com\/fi\/wp-json\/wp\/v2\/posts\/115786","targetHints":{"allow":["GET"]}}],"collection":[{"href":"https:\/\/www.europesays.com\/fi\/wp-json\/wp\/v2\/posts"}],"about":[{"href":"https:\/\/www.europesays.com\/fi\/wp-json\/wp\/v2\/types\/post"}],"author":[{"embeddable":true,"href":"https:\/\/www.europesays.com\/fi\/wp-json\/wp\/v2\/users\/2"}],"replies":[{"embeddable":true,"href":"https:\/\/www.europesays.com\/fi\/wp-json\/wp\/v2\/comments?post=115786"}],"version-history":[{"count":0,"href":"https:\/\/www.europesays.com\/fi\/wp-json\/wp\/v2\/posts\/115786\/revisions"}],"wp:featuredmedia":[{"embeddable":true,"href":"https:\/\/www.europesays.com\/fi\/wp-json\/wp\/v2\/media\/115619"}],"wp:attachment":[{"href":"https:\/\/www.europesays.com\/fi\/wp-json\/wp\/v2\/media?parent=115786"}],"wp:term":[{"taxonomy":"category","embeddable":true,"href":"https:\/\/www.europesays.com\/fi\/wp-json\/wp\/v2\/categories?post=115786"},{"taxonomy":"post_tag","embeddable":true,"href":"https:\/\/www.europesays.com\/fi\/wp-json\/wp\/v2\/tags?post=115786"}],"curies":[{"name":"wp","href":"https:\/\/api.w.org\/{rel}","templated":true}]}}