{"id":115787,"date":"2025-12-14T02:09:12","date_gmt":"2025-12-14T02:09:12","guid":{"rendered":"https:\/\/www.europesays.com\/fi\/115787\/"},"modified":"2025-12-14T02:09:12","modified_gmt":"2025-12-14T02:09:12","slug":"mtv-juho-eerola-pyytaa-anteeksi","status":"publish","type":"post","link":"https:\/\/www.europesays.com\/fi\/115787\/","title":{"rendered":"MTV: Juho Eerola pyyt\u00e4\u00e4 anteeksi"},"content":{"rendered":"<p>Eerola sanoo halunneensa pilkata kuvallaan Miss Suomi -organisaatiota.<\/p>\n<p>12.12. 16:02 | P\u00e4ivitetty 12.12. 16:54<\/p>\n<p class=\"article-body mb-nof-24 px-nof-16\">Perussuomalaisten kansanedustaja <a class=\"article-personlink\" href=\"https:\/\/www.is.fi\/haku\/?query=Juho%20Eerola\" rel=\"nofollow noopener\" target=\"_blank\">Juho Eerola<\/a> kertoo pyyt\u00e4v\u00e4ns\u00e4 anteeksi aasialaistaustaisilta kohukuvaansa.<\/p>\n<p class=\"article-body mb-nof-24 px-nof-16\">Eerola kertoo Ilta-Sanomille, ett\u00e4 h\u00e4net sai pyyt\u00e4m\u00e4\u00e4n anteeksi nimenomaan aasialaistaustaisilta ihmisilt\u00e4 saamansa palaute kuvaan liittyen.<\/p>\n<p class=\"article-body mb-nof-24 px-nof-16\">\u2013 Moni oli kokenut kokenut sen niin p\u00e4in, ett\u00e4 nimenomaan heit\u00e4 pilkkasin, h\u00e4n sanoo.<\/p>\n<p class=\"article-body mb-nof-24 px-nof-16\">Eerolan mukaan h\u00e4nen tarkoituksensa ei ollut pilkata aasialaistaustaisia, vaan Miss Suomi -organisaatiota.<\/p>\n<p class=\"article-body mb-nof-24 px-nof-16\">\u2013 Heille halusin v\u00e4\u00e4nt\u00e4\u00e4 naamaani, kun kohtelivat t\u00e4ll\u00e4 lailla valitsemaansa Miss Suomea, Eerola kertoo.<\/p>\n<p class=\"article-body mb-nof-24 px-nof-16\">H\u00e4n ei kadu kuvansa julkaisua. Eerola kertoo halunneensa osoittaa tukea Miss Suomi -tittelins\u00e4 menett\u00e4neelle <a class=\"article-personlink\" href=\"https:\/\/www.is.fi\/haku\/?query=Sarah%20Dzafcelle\" rel=\"nofollow noopener\" target=\"_blank\">Sarah Dzafcelle<\/a>.<\/p>\n<p class=\"article-body mb-nof-24 px-nof-16\">\u2013 T\u00e4m\u00e4n missiorganisaation siet\u00e4\u00e4kin saada sapiskaa, kun tuolla lailla oman tytt\u00f6ns\u00e4 heittiv\u00e4t bussin alle. Tuossa tilanteessa pit\u00e4\u00e4 tukea, vaikka kenties olisi tehnytkin v\u00e4\u00e4rin, h\u00e4n sanoo.<\/p>\n<p class=\"article-body mb-nof-24 px-nof-16\">Eerolan mukaan h\u00e4nen suuntaansa ei kohdistunut painetta anteeksi pyyt\u00e4miseen puolueen puheenjohtaja <a class=\"article-personlink\" href=\"https:\/\/www.is.fi\/haku\/?query=Riikka%20Purralta\" rel=\"nofollow noopener\" target=\"_blank\">Riikka Purralta<\/a> tai muilta perussuomalaisilta.<\/p>\n<p class=\"article-body mb-nof-24 px-nof-16\">Anteeksipyynt\u00f6 liittyy kuvakohuun, joka on kiihtynyt perjantain kuluessa. Se l\u00e4hti liikkeelle, kun torstaina Miss Suomi joutui luopumaan tittelist\u00e4\u00e4n. H\u00e4nest\u00e4 oli levinnyt kuva, jossa h\u00e4n levitti silm\u00e4kulmiaan.<\/p>\n<p class=\"article-body mb-nof-24 px-nof-16\">Perussuomalaiset poliitikot, mukaan lukien Eerola, julkaisivat itsest\u00e4\u00e4n vastaavanlaisia kuvia.<\/p>\n<p class=\"article-body mb-nof-24 px-nof-16\">Eerolan anteeksipyynn\u00f6st\u00e4 uutisoi aiemmin <a class=\"article-genericlink\" href=\"https:\/\/www.mtvuutiset.fi\/artikkeli\/perussuomalaisten-eerola-haluan-pyytaa-anteeksi-aasialaistaustaisilta\/9269598\" rel=\"nofollow noopener\" target=\"_blank\">MTV<\/a>.<\/p>\n","protected":false},"excerpt":{"rendered":"Eerola sanoo halunneensa pilkata kuvallaan Miss Suomi -organisaatiota. 12.12. 16:02 | P\u00e4ivitetty 12.12. 16:54 Perussuomalaisten kansanedustaja Juho Eerola&hellip;\n","protected":false},"author":2,"featured_media":115788,"comment_status":"","ping_status":"","sticky":false,"template":"","format":"standard","meta":{"footnotes":""},"categories":[136],"tags":[407,137,33,31,30,34,408,32,109],"class_list":{"0":"post-115787","1":"post","2":"type-post","3":"status-publish","4":"format-standard","5":"has-post-thumbnail","7":"category-julkkikset","8":"tag-celebrities","9":"tag-entertainment","10":"tag-fi","11":"tag-finland","12":"tag-finnish","13":"tag-ilta-sanomat","14":"tag-julkkikset","15":"tag-suomi","16":"tag-viihde"},"share_on_mastodon":{"url":"https:\/\/pubeurope.com\/@fi\/115715490601144285","error":""},"_links":{"self":[{"href":"https:\/\/www.europesays.com\/fi\/wp-json\/wp\/v2\/posts\/115787","targetHints":{"allow":["GET"]}}],"collection":[{"href":"https:\/\/www.europesays.com\/fi\/wp-json\/wp\/v2\/posts"}],"about":[{"href":"https:\/\/www.europesays.com\/fi\/wp-json\/wp\/v2\/types\/post"}],"author":[{"embeddable":true,"href":"https:\/\/www.europesays.com\/fi\/wp-json\/wp\/v2\/users\/2"}],"replies":[{"embeddable":true,"href":"https:\/\/www.europesays.com\/fi\/wp-json\/wp\/v2\/comments?post=115787"}],"version-history":[{"count":0,"href":"https:\/\/www.europesays.com\/fi\/wp-json\/wp\/v2\/posts\/115787\/revisions"}],"wp:featuredmedia":[{"embeddable":true,"href":"https:\/\/www.europesays.com\/fi\/wp-json\/wp\/v2\/media\/115788"}],"wp:attachment":[{"href":"https:\/\/www.europesays.com\/fi\/wp-json\/wp\/v2\/media?parent=115787"}],"wp:term":[{"taxonomy":"category","embeddable":true,"href":"https:\/\/www.europesays.com\/fi\/wp-json\/wp\/v2\/categories?post=115787"},{"taxonomy":"post_tag","embeddable":true,"href":"https:\/\/www.europesays.com\/fi\/wp-json\/wp\/v2\/tags?post=115787"}],"curies":[{"name":"wp","href":"https:\/\/api.w.org\/{rel}","templated":true}]}}