{"id":115789,"date":"2025-12-14T02:16:13","date_gmt":"2025-12-14T02:16:13","guid":{"rendered":"https:\/\/www.europesays.com\/fi\/115789\/"},"modified":"2025-12-14T02:16:13","modified_gmt":"2025-12-14T02:16:13","slug":"suomi-palasi-karkinelikkoon-ampumahiihtoviestissa-pitkasta-aikaa-urheilu","status":"publish","type":"post","link":"https:\/\/www.europesays.com\/fi\/115789\/","title":{"rendered":"Suomi palasi k\u00e4rkinelikkoon ampumahiihtoviestiss\u00e4 \u2013 pitk\u00e4st\u00e4 aikaa | Urheilu"},"content":{"rendered":"<p>Suomen joukkue sijoittui nelj\u00e4nneksi ampumahiihdon maailmancupin naisten viestiss\u00e4 It\u00e4vallan Hochfilzeniss\u00e4. Sijoitus on Suomelle paras naisten cup-viestiss\u00e4 t\u00e4ll\u00e4 vuosituhannella.<\/p>\n<p>Ruotsi voitti ennen Norjaa ja Saksaa. Suomi j\u00e4i Saksasta 10,5 sekuntia, voittaja Ruotsiin eroa kertyi minuutti ja 1,8 sekuntia.<\/p>\n<p>Avausosuuden tehnyt Inka H\u00e4m\u00e4l\u00e4inen toi Suomen vaihtoon sijalla 12. Sonja Leinamo nosti Suomen kuudenneksi. Venla Lehtonen l\u00e4hetti sitten Suvi Minkkisen ankkuriosuudelle seitsem\u00e4nten\u00e4.<\/p>\n<p>Viime viikolla cup-kauden avaustapahtumassa \u00d6stersundissa upeasti voiton ja kakkossijan ottanut Minkkinen j\u00e4i Hochfilzenin perjantain sprintiss\u00e4 kauas k\u00e4rkisijoista. Lauantaina meno oli kuitenkin j\u00e4lleen maistuvaa: Minkkinen ampui ja hiihti hyvin nostaen Suomen nelj\u00e4nneksi, eik\u00e4 eroa Saksaan ja kolmossijaan j\u00e4\u00e4nyt kovin paljoa.<\/p>\n<p>\u2013\u2009Eilisen (perjantain) j\u00e4lkeen ei ollut itsevarmin olo l\u00e4hte\u00e4 viimeiselle osuudelle, kun siin\u00e4 oli kovia mimmej\u00e4 vastassa, Minkkinen kuvaili tiedotteessa.<\/p>\n<p>\u2013\u2009Annoin kaikkeni ladulla, mutta ihan se ei riitt\u00e4nyt. Toki harmittaa n\u00e4hd\u00e4 maalisuoralla, kun kolmas ylitt\u00e4\u00e4 maaliviivan edess\u00e4, mutta olen tyytyv\u00e4inen omaan suoritukseen. Koko joukkueelta hyv\u00e4 viesti, &#8221;hy\u00f6kk\u00e4\u00e4v\u00e4\u00e4 fiilist\u00e4&#8221; kiitellyt Minkkinen jatkoi.<\/p>\n<p>Suomi ylsi jo \u00d6stersundissa sivuamaan t\u00e4m\u00e4n vuosituhannen parastaan naisten cup-viestiss\u00e4, kun tuloksena oli kuudes sija. Nyt tullut nelossija tai parempi on viimeksi koettu Lake Placidin cup-koitoksessa helmikuussa 1999, jolloin Suomi oli kolmas.<\/p>\n<p>Miestenk\u00e4\u00e4n viesteiss\u00e4 p\u00e4\u00e4sy k\u00e4rkinelikkoon ei ole jokap\u00e4iv\u00e4ist\u00e4. Miehet ovat cup-viestiss\u00e4 olleet viimeksi nelj\u00e4n joukossa kaudella 2001\u201302.<\/p>\n<p>\t\t\t\tTuomas Harjula oli 25:s<\/p>\n<p>Miesten takaa-ajokisan lauantaina Hochfilzeniss\u00e4 voitti Ranskan Eric Perrot. H\u00e4n kukisti Italian Tommaso Giacomelin 10,2 sekunnilla ja Norjan Johan-Olav Botnin 29 sekunnilla. Botn jatkaa maailmancupin k\u00e4rjess\u00e4.<\/p>\n<p>Kisan ainoa suomalaisosanottaja Tuomas Harjula oli 25:s. Harjula ampui nelj\u00e4 sakkoa.<\/p>\n","protected":false},"excerpt":{"rendered":"Suomen joukkue sijoittui nelj\u00e4nneksi ampumahiihdon maailmancupin naisten viestiss\u00e4 It\u00e4vallan Hochfilzeniss\u00e4. Sijoitus on Suomelle paras naisten cup-viestiss\u00e4 t\u00e4ll\u00e4 vuosituhannella.&hellip;\n","protected":false},"author":2,"featured_media":115790,"comment_status":"","ping_status":"","sticky":false,"template":"","format":"standard","meta":{"footnotes":""},"categories":[158],"tags":[33,31,30,2096,41,2883,3318,2668,159,32,1145,160,161],"class_list":{"0":"post-115789","1":"post","2":"type-post","3":"status-publish","4":"format-standard","5":"has-post-thumbnail","7":"category-urheilu","8":"tag-fi","9":"tag-finland","10":"tag-finnish","11":"tag-hiihtolajit","12":"tag-liikunta-ja-urheilu","13":"tag-maailmancupit-ja-maailmanmestaruuskilpailut","14":"tag-maastohiihto","15":"tag-pohjoismaiset-hiihtolajit","16":"tag-sports","17":"tag-suomi","18":"tag-talviurheilu","19":"tag-urheilu","20":"tag-urheilutapahtumat"},"share_on_mastodon":{"url":"https:\/\/pubeurope.com\/@fi\/115715518332097559","error":""},"_links":{"self":[{"href":"https:\/\/www.europesays.com\/fi\/wp-json\/wp\/v2\/posts\/115789","targetHints":{"allow":["GET"]}}],"collection":[{"href":"https:\/\/www.europesays.com\/fi\/wp-json\/wp\/v2\/posts"}],"about":[{"href":"https:\/\/www.europesays.com\/fi\/wp-json\/wp\/v2\/types\/post"}],"author":[{"embeddable":true,"href":"https:\/\/www.europesays.com\/fi\/wp-json\/wp\/v2\/users\/2"}],"replies":[{"embeddable":true,"href":"https:\/\/www.europesays.com\/fi\/wp-json\/wp\/v2\/comments?post=115789"}],"version-history":[{"count":0,"href":"https:\/\/www.europesays.com\/fi\/wp-json\/wp\/v2\/posts\/115789\/revisions"}],"wp:featuredmedia":[{"embeddable":true,"href":"https:\/\/www.europesays.com\/fi\/wp-json\/wp\/v2\/media\/115790"}],"wp:attachment":[{"href":"https:\/\/www.europesays.com\/fi\/wp-json\/wp\/v2\/media?parent=115789"}],"wp:term":[{"taxonomy":"category","embeddable":true,"href":"https:\/\/www.europesays.com\/fi\/wp-json\/wp\/v2\/categories?post=115789"},{"taxonomy":"post_tag","embeddable":true,"href":"https:\/\/www.europesays.com\/fi\/wp-json\/wp\/v2\/tags?post=115789"}],"curies":[{"name":"wp","href":"https:\/\/api.w.org\/{rel}","templated":true}]}}