{"id":115791,"date":"2025-12-14T02:17:12","date_gmt":"2025-12-14T02:17:12","guid":{"rendered":"https:\/\/www.europesays.com\/fi\/115791\/"},"modified":"2025-12-14T02:17:12","modified_gmt":"2025-12-14T02:17:12","slug":"kultainen-venla-gaalan-juontajat-julki","status":"publish","type":"post","link":"https:\/\/www.europesays.com\/fi\/115791\/","title":{"rendered":"Kultainen Venla -gaalan juontajat julki"},"content":{"rendered":"<p>Kultainen Venla -gaala koittaa ensi vuoden puolella 23. tammikuuta.<\/p>\n<p><img decoding=\"async\" class=\"image image-show image-preview\" src=\"https:\/\/www.europesays.com\/fi\/wp-content\/uploads\/2025\/12\/0a0e3c458c1b3672d2e2a04cccfc53a04b856059f5d817c9f10c85f81d984d35.jpg\" alt=\"\"\/><img decoding=\"async\" class=\"image image-show\" src=\"https:\/\/www.europesays.com\/fi\/wp-content\/uploads\/2025\/12\/1765678632_515_0a0e3c458c1b3672d2e2a04cccfc53a04b856059f5d817c9f10c85f81d984d35.jpg\" alt=\"\"\/><\/p>\n<p>Pariisin olympiakisat palkittiin Vuoden urheiluohjelma -palkinnolla tammikuussa. Atte Kajova<\/p>\n<p class=\"paragraph\">Yle tiedottaa, ett\u00e4 Kultainen Venla -gaalan juontavat t\u00e4n\u00e4 vuonna YleX:n aamusta tuttu <a href=\"https:\/\/www.iltalehti.fi\/henkilot\/Jenni Poikelus\" class=\"article-link-person-page\" rel=\"nofollow noopener\" target=\"_blank\">Jenni Poikelus<\/a> ja UMK:sta ja Yle Mixist\u00e4 tuttu <a href=\"https:\/\/www.iltalehti.fi\/henkilot\/Jasmin Beloued\" class=\"article-link-person-page\" rel=\"nofollow noopener\" target=\"_blank\">Jasmin Beloued<\/a>.<\/p>\n<p class=\"paragraph\">23. tammikuuta koittavassa gaalassa palkitaan vuoden parhaimmat televisio-ohjelmat ja televisioalan tekij\u00e4t. N\u00e4et Kultainen Venla -finalistit <a href=\"https:\/\/www.iltalehti.fi\/tv-ja-leffat\/b1e0cd27-49e8-4c98-820c-6f83891968e6\" rel=\"nofollow noopener\" target=\"_blank\">t\u00e4st\u00e4 jutusta<\/a>.<\/p>\n<p>Kuvassa Jenni Poikelus ja Jasmin Beloued. Mojo Er\u00e4mets\u00e4<\/p>\n<p class=\"paragraph\">Ehdolla ovat t\u00e4ll\u00e4 kertaa tunnetut televisiosarjat kuten Queen of Fucking Everything, Amazing Race Suomi, Raha-Suomi ja Haluatko miljon\u00e4\u00e4riksi?<\/p>\n<p class=\"paragraph\">Vuoden juontajaksi ehdolla ovat <a href=\"https:\/\/www.iltalehti.fi\/henkilot\/Vappu Pimi\u00e4\" class=\"article-link-person-page\" rel=\"nofollow noopener\" target=\"_blank\">Vappu Pimi\u00e4<\/a>, <a href=\"https:\/\/www.iltalehti.fi\/henkilot\/Antti Holma\" class=\"article-link-person-page\" rel=\"nofollow noopener\" target=\"_blank\">Antti Holma<\/a> ja <a href=\"https:\/\/www.iltalehti.fi\/henkilot\/Seija Vaaherkumpu\" class=\"article-link-person-page\" rel=\"nofollow noopener\" target=\"_blank\">Seija Vaaherkumpu<\/a>.<\/p>\n<p class=\"paragraph\">Yleis\u00f6\u00e4\u00e4nestys on k\u00e4ynniss\u00e4 16.12.2025\u201313.1.2026 v\u00e4lisen ajan.<\/p>\n<p class=\"paragraph\">Kultainen Venla 23.1. Yle TV1 ja Yle Areena klo 21.00. Kultainen Venla \u2013 punainen matto 23.1. Yle TV1 ja Yle Areena klo 20.00.<\/p>\n","protected":false},"excerpt":{"rendered":"Kultainen Venla -gaala koittaa ensi vuoden puolella 23. tammikuuta. Pariisin olympiakisat palkittiin Vuoden urheiluohjelma -palkinnolla tammikuussa. Atte Kajova&hellip;\n","protected":false},"author":2,"featured_media":115792,"comment_status":"","ping_status":"","sticky":false,"template":"","format":"standard","meta":{"footnotes":""},"categories":[130],"tags":[35,137,33,31,30,979,1999,32,2140,140,139,109],"class_list":{"0":"post-115791","1":"post","2":"type-post","3":"status-publish","4":"format-standard","5":"has-post-thumbnail","7":"category-viihde","8":"tag-24h","9":"tag-entertainment","10":"tag-fi","11":"tag-finland","12":"tag-finnish","13":"tag-sahkoinen-media","14":"tag-suomalaiset-tv-ohjelmat","15":"tag-suomi","16":"tag-tosi-tv-ohjelmat","17":"tag-tv-ja-elokuvat","18":"tag-tv-ohjelmat","19":"tag-viihde"},"share_on_mastodon":{"url":"https:\/\/pubeurope.com\/@fi\/115715522360292717","error":""},"_links":{"self":[{"href":"https:\/\/www.europesays.com\/fi\/wp-json\/wp\/v2\/posts\/115791","targetHints":{"allow":["GET"]}}],"collection":[{"href":"https:\/\/www.europesays.com\/fi\/wp-json\/wp\/v2\/posts"}],"about":[{"href":"https:\/\/www.europesays.com\/fi\/wp-json\/wp\/v2\/types\/post"}],"author":[{"embeddable":true,"href":"https:\/\/www.europesays.com\/fi\/wp-json\/wp\/v2\/users\/2"}],"replies":[{"embeddable":true,"href":"https:\/\/www.europesays.com\/fi\/wp-json\/wp\/v2\/comments?post=115791"}],"version-history":[{"count":0,"href":"https:\/\/www.europesays.com\/fi\/wp-json\/wp\/v2\/posts\/115791\/revisions"}],"wp:featuredmedia":[{"embeddable":true,"href":"https:\/\/www.europesays.com\/fi\/wp-json\/wp\/v2\/media\/115792"}],"wp:attachment":[{"href":"https:\/\/www.europesays.com\/fi\/wp-json\/wp\/v2\/media?parent=115791"}],"wp:term":[{"taxonomy":"category","embeddable":true,"href":"https:\/\/www.europesays.com\/fi\/wp-json\/wp\/v2\/categories?post=115791"},{"taxonomy":"post_tag","embeddable":true,"href":"https:\/\/www.europesays.com\/fi\/wp-json\/wp\/v2\/tags?post=115791"}],"curies":[{"name":"wp","href":"https:\/\/api.w.org\/{rel}","templated":true}]}}