{"id":115794,"date":"2025-12-14T02:21:07","date_gmt":"2025-12-14T02:21:07","guid":{"rendered":"https:\/\/www.europesays.com\/fi\/115794\/"},"modified":"2025-12-14T02:21:07","modified_gmt":"2025-12-14T02:21:07","slug":"yhdysvalloissa-joukkoampuminen-yliopistolla-ainakin-kaksi-ihmista-kuollut-viranomaisten-mukaan-ampujaa-ei-ole-saatu-kiinni-uutissuomalainen","status":"publish","type":"post","link":"https:\/\/www.europesays.com\/fi\/115794\/","title":{"rendered":"Yhdysvalloissa joukkoampuminen yliopistolla, ainakin kaksi ihmist\u00e4 kuollut \u2013 viranomaisten mukaan ampujaa ei ole saatu kiinni | Uutissuomalainen"},"content":{"rendered":"<p>Yhdysvalloissa Rhode Islandin osavaltiossa useita ihmisi\u00e4 kohti on ammuttu Brownin yliopiston alueella, <a href=\"https:\/\/x.com\/ProvidenceRIPD\/status\/1999970852159492180\" rel=\"nofollow\">kertoo<\/a> paikallinen poliisi viestipalvelu X:ss\u00e4.<\/p>\n<p>Osavaltion p\u00e4\u00e4kaupungin Providencen pormestari kertoo, ett\u00e4 kaksi ihmist\u00e4 on kuollut ampumisessa. Lis\u00e4ksi kahdeksan ihmist\u00e4 on sairaalassa kriittisess\u00e4 tilassa. Pormestarin mukaan ampujaa ei ole viel\u00e4 saatu kiinni.<\/p>\n<p>Poliisi kehottaa ihmisi\u00e4 v\u00e4ltt\u00e4m\u00e4\u00e4n alueelle menemist\u00e4 ja alueella olevia pysyttelem\u00e4\u00e4n suojassa.<\/p>\n<p>Presidentti Donald Trump <a href=\"https:\/\/truthsocial.com\/@realDonaldTrump\/posts\/115714676658999589\" rel=\"nofollow noopener\" target=\"_blank\">sanoo<\/a> Truth Social -viestipalvelussaan, ett\u00e4 h\u00e4nt\u00e4 on informoitu ampumisesta.<\/p>\n<p>\u2013\u2009Ainoa mit\u00e4 voimme tehd\u00e4 juuri nyt, on rukoilla uhrien puolesta sek\u00e4 niiden, jotka ovat loukkaantuneet todella pahasti, Trump kommentoi tapahtunutta toimittajille Valkoisella talolla <a href=\"https:\/\/edition.cnn.com\/us\/live-news\/brown-university-shooting-12-13-25?post-id=cmj4xyj1i00003b60cavh4waw\" rel=\"nofollow noopener\" target=\"_blank\">uutiskanava CNN:n<\/a> mukaan.<\/p>\n<p>Trump kertoi ensin sosiaalisessa mediassa, ett\u00e4 ampuja oli otettu kiinni. My\u00f6hemmin h\u00e4n kuitenkin <a href=\"https:\/\/truthsocial.com\/@realDonaldTrump\/posts\/115714751735035903\" rel=\"nofollow noopener\" target=\"_blank\">oikaisi<\/a> tiedon yliopiston uuden tiedotteen pohjalta.<\/p>\n<p>\t\t\t\tViranomaiset: Ampumisessa k\u00e4ytettiin tuliasetta<\/p>\n<p>Providencen poliisin mukaan ampumispaikalta ei ole l\u00f6ydetty aseita. Viranomaisten mukaan yliopistolla tapahtuneessa v\u00e4likohtauksessa k\u00e4ytettiin tuliasetta. Viranomaisilla ei kuitenkaan ole toistaiseksi tietoa siit\u00e4, mink\u00e4laisesta aseesta tarkalleen on kyse.<\/p>\n<p>Uutiskanava CNN:n mukaan poliisi otti yhteen yhden ihmisen kanssa, ja tilanne k\u00e4rjistyi ampumav\u00e4likohtaukseksi. Kyseinen yhteenotto tapahtui muutaman korttelin p\u00e4\u00e4ss\u00e4 joukkoampumisen tapahtumapaikalta. Viranomaisten mukaan kyseisen tapauksen yhteys yliopistolla tehdyn joukkoampumisen ampujaan on toistaiseksi ep\u00e4selv\u00e4.<\/p>\n<p>\u2013<\/p>\n<p>L\u00e4hteen\u00e4 my\u00f6s uutistoimisto AFP.<\/p>\n","protected":false},"excerpt":{"rendered":"Yhdysvalloissa Rhode Islandin osavaltiossa useita ihmisi\u00e4 kohti on ammuttu Brownin yliopiston alueella, kertoo paikallinen poliisi viestipalvelu X:ss\u00e4. Osavaltion&hellip;\n","protected":false},"author":2,"featured_media":106230,"comment_status":"","ping_status":"","sticky":false,"template":"","format":"standard","meta":{"footnotes":""},"categories":[14],"tags":[22,23,2617,585,26,27,33,31,30,17,683,24,25,28,29,15,18,21,637,144,32,679,19,20,56,16,59,60,61,143],"class_list":{"0":"post-115794","1":"post","2":"type-post","3":"status-publish","4":"format-standard","5":"has-post-thumbnail","7":"category-ulkomaat","8":"tag-breaking-news","9":"tag-breakingnews","10":"tag-cnn","11":"tag-donald-trump","12":"tag-featured-news","13":"tag-featurednews","14":"tag-fi","15":"tag-finland","16":"tag-finnish","17":"tag-headlines","18":"tag-kuolema","19":"tag-latest-news","20":"tag-latestnews","21":"tag-main-news","22":"tag-mainnews","23":"tag-news","24":"tag-otsikot","25":"tag-paauutiset","26":"tag-politiikka","27":"tag-presidentti","28":"tag-suomi","29":"tag-terveydenhuollon-toimintalaitokset","30":"tag-top-stories","31":"tag-topstories","32":"tag-ulkomaat","33":"tag-uutiset","34":"tag-world","35":"tag-world-news","36":"tag-worldnews","37":"tag-yhdysvaltain-politiikka"},"share_on_mastodon":{"url":"","error":"Validation failed: Text character limit of 500 exceeded"},"_links":{"self":[{"href":"https:\/\/www.europesays.com\/fi\/wp-json\/wp\/v2\/posts\/115794","targetHints":{"allow":["GET"]}}],"collection":[{"href":"https:\/\/www.europesays.com\/fi\/wp-json\/wp\/v2\/posts"}],"about":[{"href":"https:\/\/www.europesays.com\/fi\/wp-json\/wp\/v2\/types\/post"}],"author":[{"embeddable":true,"href":"https:\/\/www.europesays.com\/fi\/wp-json\/wp\/v2\/users\/2"}],"replies":[{"embeddable":true,"href":"https:\/\/www.europesays.com\/fi\/wp-json\/wp\/v2\/comments?post=115794"}],"version-history":[{"count":0,"href":"https:\/\/www.europesays.com\/fi\/wp-json\/wp\/v2\/posts\/115794\/revisions"}],"wp:featuredmedia":[{"embeddable":true,"href":"https:\/\/www.europesays.com\/fi\/wp-json\/wp\/v2\/media\/106230"}],"wp:attachment":[{"href":"https:\/\/www.europesays.com\/fi\/wp-json\/wp\/v2\/media?parent=115794"}],"wp:term":[{"taxonomy":"category","embeddable":true,"href":"https:\/\/www.europesays.com\/fi\/wp-json\/wp\/v2\/categories?post=115794"},{"taxonomy":"post_tag","embeddable":true,"href":"https:\/\/www.europesays.com\/fi\/wp-json\/wp\/v2\/tags?post=115794"}],"curies":[{"name":"wp","href":"https:\/\/api.w.org\/{rel}","templated":true}]}}