{"id":115799,"date":"2025-12-14T02:35:16","date_gmt":"2025-12-14T02:35:16","guid":{"rendered":"https:\/\/www.europesays.com\/fi\/115799\/"},"modified":"2025-12-14T02:35:16","modified_gmt":"2025-12-14T02:35:16","slug":"suvi-minkkinen-menetti-liivinsa-meno-on-ollut-paalla","status":"publish","type":"post","link":"https:\/\/www.europesays.com\/fi\/115799\/","title":{"rendered":"Suvi Minkkinen menetti liivins\u00e4: \u201dMeno on ollut p\u00e4\u00e4ll\u00e4\u201d"},"content":{"rendered":"<p>Sonja Leinamon perjantaista tuli painajainen. Suvi Minkkinen oli kaukana k\u00e4rjest\u00e4.<\/p>\n<p><img decoding=\"async\" class=\"image image-show image-preview\" src=\"https:\/\/www.europesays.com\/fi\/wp-content\/uploads\/2025\/12\/707fa7bdc266804b6ef721862fa362783ba4e39476c3779e54dead24166fece3.jpg\" alt=\"\"\/><img decoding=\"async\" class=\"image image-show\" src=\"https:\/\/www.europesays.com\/fi\/wp-content\/uploads\/2025\/12\/1765679714_22_707fa7bdc266804b6ef721862fa362783ba4e39476c3779e54dead24166fece3.jpg\" alt=\"\"\/><\/p>\n<p>Sonja Leinamon p\u00e4iv\u00e4st\u00e4 tuli painajainen. AOP<\/p>\n<p class=\"paragraph\">Suomen sensaatiourheilija <strong>Sonja Leinamon<\/strong> perjantaip\u00e4iv\u00e4 oli harvinaisen ankea.<\/p>\n<p class=\"paragraph\">Viime viikolla \u00d6stersundissa toiseksi ylt\u00e4nyt Leinamo kisasi perjantaina It\u00e4vallan Hochfilzeniss\u00e4 maailmancupissa naisten pikakilpailussa. H\u00e4n ampui makuulta yhden ja pystylt\u00e4 kolme ohi.<\/p>\n<p class=\"paragraph\">Valmiiksi vaikea p\u00e4iv\u00e4 muuttui suorastaan painajaismaiseksi, kun Leinamo viel\u00e4 kaatui my\u00f6hemmin kisassa. Suomalaissensaatio meni nurin ja katkaisi samalla sauvansa.<\/p>\n<p class=\"paragraph\">Ylen tv-kuvissa n\u00e4kyi, kun Leinamo nousi yl\u00f6s ja yritti l\u00e4hte\u00e4 jatkamaan matkaa, mutta k\u00e4dess\u00e4 oli vain repsottava sauvantynk\u00e4.<\/p>\n<p class=\"paragraph\">\u2013 T\u00e4m\u00e4 oli ihan omanlaisensa suoritus. Hiihto kulki yll\u00e4tt\u00e4v\u00e4nkin hyvin, vaikka se oli sairastelun j\u00e4lkeen arvoitus. Pystypaikka oli suurin haaste t\u00e4n\u00e4\u00e4n, eik\u00e4 laukaukset vain l\u00e4hteneet osumaan. Kaatuminenkin sekoitti kokonaissuoritusta, Leinamo lausui Ampumahiihtoliiton tiedotteessa.<\/p>\n<p class=\"paragraph\">Leinamo oli kilpailun 84:s, kun matkaan l\u00e4hti 105 naista.<\/p>\n<p class=\"paragraph\">Viime viikolla 23-vuotias urheilija oli \u00d6stersundissa <a href=\"https:\/\/www.iltalehti.fi\/talviurheilu\/ccabe104-c7c5-4009-8654-13e578bce82c\" rel=\"nofollow noopener\" target=\"_blank\">normaalimatkan toiseksi paras<\/a>.<\/p>\n<p class=\"paragraph\">\u2013 Oli vaikea l\u00e4hte\u00e4 t\u00e4n\u00e4\u00e4n kilpailuun, kun edellisen kilpailun j\u00e4lkeen on tapahtunut niin paljon. T\u00e4m\u00e4n j\u00e4lkeen voin toivottavasti alkaa taas siirt\u00e4\u00e4 keskittymist\u00e4 perusasioihin, Leinamo sanoi.<\/p>\n<p>Minkkinen menetti keltaisen liivin<\/p>\n<p>Suvi Minkkisenkin kisa oli vaikea. EPA\/AOP<\/p>\n<p class=\"paragraph\">My\u00f6sk\u00e4\u00e4n maailmancupin johtajan liivi\u00e4 kantanut <strong>Suvi Minkkinen<\/strong> ei taistellut voitosta perjantaina pikakilpailussa, vaan j\u00e4i kauas k\u00e4rjest\u00e4.<\/p>\n<p class=\"paragraph\">Minkkinen ampui pikakilpailussa makuulta yhden ja pystylt\u00e4 kaksi ohi. Suomalaist\u00e4hti oli maalissa jaetulla sijalla 48. Eroa k\u00e4rkeen tuli 1.48.<\/p>\n<p class=\"paragraph\">\u2013 Tuntui, ett\u00e4 kisap\u00e4iv\u00e4 tuli nopeasti viime viikon j\u00e4lkeen. Viime sunnuntain takaa-ajossa oli kovasti latausta ja paljon kaikkea uutta, mink\u00e4 j\u00e4lkeen meno on ollut p\u00e4\u00e4ll\u00e4 koko ajan. Kohtalaisista l\u00e4ht\u00f6kohdista huolimatta kokonaissuoritus vain j\u00e4i t\u00e4n\u00e4\u00e4n vajaaksi. Pystypaikan kaksi ohilaukausta ovat isompi miinusmerkki, eik\u00e4 vauhti kiihtynyt viimeiselle hiihtokierrokselle. Se oli t\u00e4n\u00e4\u00e4n tuollainen suoritus, Minkkinen sanoi tiedotteessa.<\/p>\n<p class=\"paragraph\">Samalla Minkkinen menetti maailmancupin johtajan keltaisen liivins\u00e4 <strong>Anna Magnussonille<\/strong>. 30-vuotias ruotsalainen oli perjantain kisassa kolmas.<\/p>\n<p class=\"paragraph\">Kilpailun voitti Ranskan <strong>Lou Jeanmonnot<\/strong>. Norjan <strong>Maren Kirkeeide<\/strong> oli toinen ennen Ruotsin Magnussonia. Nolla-ammunta oli valttia, sill\u00e4 k\u00e4rkikymmenik\u00f6ss\u00e4 seitsem\u00e4n naista ampui puhtaasti.<\/p>\n<p class=\"paragraph\">Vahvasti ei mennyt muillakaan suomalaisilla. <strong>Venla Lehtonen<\/strong> ampui sek\u00e4 pysty- ett\u00e4 makuupaikalta yhden ohi. H\u00e4n oli p\u00e4iv\u00e4n parhaana suomalaisena kisan 38:s. Eroa voittajaan tuli minuutti ja 38 sekuntia.<\/p>\n<p class=\"paragraph\"><strong>Inka H\u00e4m\u00e4l\u00e4nen<\/strong> ampui sek\u00e4 makuulta ett\u00e4 pystypaikalta kolme ohi. Koko kisan kymmenest\u00e4 laukauksesta H\u00e4m\u00e4l\u00e4inen osui siis vain nelj\u00e4. Suomalaisen sijoitus oli 88:s.<\/p>\n<p class=\"paragraph\">Lauantaina Hochfiltzeniss\u00e4 kisataan miesten takaa-ajo sek\u00e4 naisten viesti. Sunnuntaina vuorot vaihtuvat, kun naisilla on vuorossa takaa-ajo ja miehill\u00e4 viesti.<\/p>\n<p>Kaunis ele<\/p>\n<p>Laura Dahlmeieria muistettiin Hochfilzeniss\u00e4. ZumaWire \/ MVPHOTOS<\/p>\n<p class=\"paragraph\">Ennen kisaa n\u00e4htiin kaunis hetki, kun edesmennytt\u00e4 <strong>Laura Dahlmeieria<\/strong> muisteltiin.<\/p>\n<p class=\"paragraph\">Hochfilzen oli Dahlmeierille t\u00e4rke\u00e4 paikka, sill\u00e4 saksalainen voitti siell\u00e4 j\u00e4rjestetyiss\u00e4 MM-kisoissa vuonna 2017 viisi maailmanmestaruutta ja yhden MM-hopean. Ampumahiiht\u00e4j\u00e4 kuoli t\u00e4n\u00e4 vuonna Pakistanissa tapahtuneessa kiipeilyonnettomuudessa.<\/p>\n<p class=\"paragraph\">Ennen naisten 7,5 kilometrin pikakilpailun alkua perjantaina Dahlmeierin muistoksi j\u00e4rjestettiin hiljainen hetki. Olympiavoittajan kuva heijastettiin videon\u00e4yt\u00f6lle, ja yleis\u00f6 hiljentyi kunnioittamaan mestarin muistoa.<\/p>\n<p class=\"paragraph\">Hetken j\u00e4lkeen kuuluttaja kertoi uskovansa, ett\u00e4 Dahlmeier haluaisi yleis\u00f6n juhlivan samalla stadionilla edelleen, vaikka h\u00e4n ei olekaan en\u00e4\u00e4 l\u00e4sn\u00e4. Yleis\u00f6 intoutui kuulutuksen j\u00e4lkeen taputuksiin ja soitti j\u00e4nisr\u00e4ikki\u00e4.<\/p>\n<p>TuloksetNaisten 7,5 kilometrin pikakilpailu<\/p>\n<p class=\"paragraph\">1. Lou Jeanmonnot (FRA), ohilaukaukset 0+0, 19.54,4<\/p>\n<p class=\"paragraph\">2. Maren Kirkeeide (NOR), 0+1, +15,3<\/p>\n<p class=\"paragraph\">3. Anna Magnusson (SWE), 0+0, +16,1<\/p>\n<p class=\"paragraph\">4. Dorothea Wierer (ITA), 0+0, +27,9<\/p>\n<p class=\"paragraph\">5. Amy Baserga (SUI), 0+0, +32,3<\/p>\n<p class=\"paragraph\">6. Camille Bened (FRA), 0+0, +32,7<\/p>\n<p class=\"paragraph\">7. Vanessa Voigt (GER), 0+0, +37,7<\/p>\n<p class=\"paragraph\">8. Anna Weidel (GER), 0+0, +42,0<\/p>\n<p class=\"paragraph\">9. Karoline Knotten (NOR), 1+0, +45,7<\/p>\n<p class=\"paragraph\">10. Polona Klemencic (SLO), 0+1, +46,1<\/p>\n<p class=\"paragraph\">\u2013&#8212;&#8211;<\/p>\n<p class=\"paragraph\"><strong>38. Venla Lehtonen, 1+1, +1.39,3<\/strong><\/p>\n<p class=\"paragraph\"><strong>48. Suvi Minkkinen, 1+2, +1.48,6<\/strong><\/p>\n<p class=\"paragraph\"><strong>84. Sonja Leinamo, 1+3, +3.01,3<\/strong><\/p>\n<p class=\"paragraph\"><strong>88. Inka H\u00e4m\u00e4l\u00e4inen, 3+3, +3.07,3<\/strong><\/p>\n<p><a href=\"https:\/\/www.iltalehti.fi\/telkku\/?utm_source=iltalehti.fi&amp;utm_medium=almainternal&amp;utm_campaign=urheilu_artikkelibanneri&amp;utm_content=banner_612_a\" rel=\"nofollow noopener\" target=\"_blank\"><img decoding=\"async\" src=\"https:\/\/www.europesays.com\/fi\/wp-content\/uploads\/2025\/08\/7ef604e47d46ca174b7df4149bd3557dbde56a86d520f8e1b2125548b0a2e03a.png\" alt=\"TV-ohjelmat t\u00e4n\u00e4\u00e4n, TV-opas\"\/><\/a><\/p>\n","protected":false},"excerpt":{"rendered":"Sonja Leinamon perjantaista tuli painajainen. Suvi Minkkinen oli kaukana k\u00e4rjest\u00e4. Sonja Leinamon p\u00e4iv\u00e4st\u00e4 tuli painajainen. AOP Suomen sensaatiourheilija&hellip;\n","protected":false},"author":2,"featured_media":115800,"comment_status":"","ping_status":"","sticky":false,"template":"","format":"standard","meta":{"footnotes":""},"categories":[136],"tags":[35,407,137,33,31,30,2096,408,41,2883,2668,32,161,109],"class_list":{"0":"post-115799","1":"post","2":"type-post","3":"status-publish","4":"format-standard","5":"has-post-thumbnail","7":"category-julkkikset","8":"tag-24h","9":"tag-celebrities","10":"tag-entertainment","11":"tag-fi","12":"tag-finland","13":"tag-finnish","14":"tag-hiihtolajit","15":"tag-julkkikset","16":"tag-liikunta-ja-urheilu","17":"tag-maailmancupit-ja-maailmanmestaruuskilpailut","18":"tag-pohjoismaiset-hiihtolajit","19":"tag-suomi","20":"tag-urheilutapahtumat","21":"tag-viihde"},"share_on_mastodon":{"url":"https:\/\/pubeurope.com\/@fi\/115715593134886852","error":""},"_links":{"self":[{"href":"https:\/\/www.europesays.com\/fi\/wp-json\/wp\/v2\/posts\/115799","targetHints":{"allow":["GET"]}}],"collection":[{"href":"https:\/\/www.europesays.com\/fi\/wp-json\/wp\/v2\/posts"}],"about":[{"href":"https:\/\/www.europesays.com\/fi\/wp-json\/wp\/v2\/types\/post"}],"author":[{"embeddable":true,"href":"https:\/\/www.europesays.com\/fi\/wp-json\/wp\/v2\/users\/2"}],"replies":[{"embeddable":true,"href":"https:\/\/www.europesays.com\/fi\/wp-json\/wp\/v2\/comments?post=115799"}],"version-history":[{"count":0,"href":"https:\/\/www.europesays.com\/fi\/wp-json\/wp\/v2\/posts\/115799\/revisions"}],"wp:featuredmedia":[{"embeddable":true,"href":"https:\/\/www.europesays.com\/fi\/wp-json\/wp\/v2\/media\/115800"}],"wp:attachment":[{"href":"https:\/\/www.europesays.com\/fi\/wp-json\/wp\/v2\/media?parent=115799"}],"wp:term":[{"taxonomy":"category","embeddable":true,"href":"https:\/\/www.europesays.com\/fi\/wp-json\/wp\/v2\/categories?post=115799"},{"taxonomy":"post_tag","embeddable":true,"href":"https:\/\/www.europesays.com\/fi\/wp-json\/wp\/v2\/tags?post=115799"}],"curies":[{"name":"wp","href":"https:\/\/api.w.org\/{rel}","templated":true}]}}