{"id":115812,"date":"2025-12-14T03:01:10","date_gmt":"2025-12-14T03:01:10","guid":{"rendered":"https:\/\/www.europesays.com\/fi\/115812\/"},"modified":"2025-12-14T03:01:10","modified_gmt":"2025-12-14T03:01:10","slug":"gogi-mavromichalis-sai-toisen-lapsen-suloinen-kuva-synnytyssairaalasta","status":"publish","type":"post","link":"https:\/\/www.europesays.com\/fi\/115812\/","title":{"rendered":"Gogi Mavromichalis sai toisen lapsen: Suloinen kuva synnytyssairaalasta"},"content":{"rendered":"<p>Tunnettu juontaja kertoo, ett\u00e4 perheen toinen lapsi on syntynyt.<\/p>\n<p><img decoding=\"async\" class=\"image image-show image-preview\" src=\"https:\/\/www.europesays.com\/fi\/wp-content\/uploads\/2025\/12\/2b9a04f4389fa4ad7efda1dbbbf42a59bd7b155fb5dea186bfe7034214d708d8.jpg\" alt=\"\"\/><img decoding=\"async\" class=\"image image-show\" src=\"https:\/\/www.europesays.com\/fi\/wp-content\/uploads\/2025\/12\/1765681270_676_2b9a04f4389fa4ad7efda1dbbbf42a59bd7b155fb5dea186bfe7034214d708d8.jpg\" alt=\"\"\/><\/p>\n<p>Constantinos &#8221;Gogi&#8221; Mavromichalis on Ylen juontaja. Atte Kajova<\/p>\n<p class=\"paragraph\">Juontaja <a href=\"https:\/\/www.iltalehti.fi\/henkilot\/Constantinos Mavromichalis\" class=\"article-link-person-page\" rel=\"nofollow noopener\" target=\"_blank\">Constantinos \u201dGogi\u201d Mavromichalis<\/a>, 38, on nyt kahden lapsen is\u00e4. Mavromichalis kertoo Instagramissa, ett\u00e4 h\u00e4nen ja h\u00e4nen puolisonsa poika on syntynyt.<\/p>\n<p class=\"paragraph\">Mavromichalis julkaisi Instagramiin my\u00f6s suloisia otoksia synnytysosastolta.<\/p>\n<p class=\"paragraph\">\u2013 Pieni poikamme syntyi tummilla hiuksilla ja on valmis kohtaamaan jokaisen maailman asian ensimm\u00e4ist\u00e4 kertaa. Kaikki pisteet rakkaalle vaimolle t\u00e4st\u00e4 ihmis-ihmeest\u00e4, sek\u00e4 kiitos Naistenklinikan ammattitaitoiselle ja syd\u00e4melliselle henkil\u00f6kunnalle.<\/p>\n<p class=\"paragraph\">Kun parin esikoistyt\u00e4r syntyi, Mavromichalis py\u00f6rtyi sairaalassa. H\u00e4n kertoo nyt tuoreessa julkaisussa, ettei asia toistunut t\u00e4ll\u00e4 kertaa.<\/p>\n<p class=\"paragraph\">\u2013 En menett\u00e4nyt tajua t\u00e4ll\u00e4 kertaa, vaikka mukaan oli pakattu silt\u00e4 varalta sideharsoja ja elektrolyyttijuomaa, Mavromichalis kertoo ja toteaa kirjoituksen lopuksi, ett\u00e4 joulun paras paketti on vihdoin saapunut.<\/p>\n<p class=\"paragraph\">Katso p\u00e4ivitys alapuolelta. Jos p\u00e4ivitys ei n\u00e4y, voit katsoa sen <a href=\"https:\/\/www.instagram.com\/gogimavro\/\" rel=\"noopener nofollow\" target=\"_blank\">t\u00e4st\u00e4 linkist\u00e4<\/a>.<\/p>\n<p class=\"paragraph\">Julkaisun kommenttikentt\u00e4\u00e4n tuli nopeasti paljon onnitteluja.<\/p>\n<p class=\"paragraph\">\u2013 Tuhannesti onnea koko perheelle! Juontaja Vappu Pimi\u00e4 kirjoitti.<\/p>\n<p class=\"paragraph\">\u2013 Onnea koko perheelle! Somevaikuttaja <a href=\"https:\/\/www.iltalehti.fi\/henkilot\/Niina Kuhta\" class=\"article-link-person-page\" rel=\"nofollow noopener\" target=\"_blank\">Niina Kuhta<\/a> sanoi.<\/p>\n<p class=\"paragraph\">\u2013 Hurjan paljon onnea pienen pienest\u00e4 ihmeest\u00e4! Meteorologi <a href=\"https:\/\/www.iltalehti.fi\/henkilot\/Anniina Valtonen\" class=\"article-link-person-page\" rel=\"nofollow noopener\" target=\"_blank\">Anniina Valtonen<\/a> kirjoitti.<\/p>\n<p><script async src=\"\/\/www.instagram.com\/embed.js\"><\/script><\/p>\n","protected":false},"excerpt":{"rendered":"Tunnettu juontaja kertoo, ett\u00e4 perheen toinen lapsi on syntynyt. Constantinos &#8221;Gogi&#8221; Mavromichalis on Ylen juontaja. Atte Kajova Juontaja&hellip;\n","protected":false},"author":2,"featured_media":115813,"comment_status":"","ping_status":"","sticky":false,"template":"","format":"standard","meta":{"footnotes":""},"categories":[136],"tags":[35,407,137,33,31,30,101,408,99,100,98,32,140,109],"class_list":{"0":"post-115812","1":"post","2":"type-post","3":"status-publish","4":"format-standard","5":"has-post-thumbnail","7":"category-julkkikset","8":"tag-24h","9":"tag-celebrities","10":"tag-entertainment","11":"tag-fi","12":"tag-finland","13":"tag-finnish","14":"tag-ihmissuhteet","15":"tag-julkkikset","16":"tag-lapset","17":"tag-lapset-ja-nuoret","18":"tag-perhe","19":"tag-suomi","20":"tag-tv-ja-elokuvat","21":"tag-viihde"},"share_on_mastodon":{"url":"https:\/\/pubeurope.com\/@fi\/115715695379365231","error":""},"_links":{"self":[{"href":"https:\/\/www.europesays.com\/fi\/wp-json\/wp\/v2\/posts\/115812","targetHints":{"allow":["GET"]}}],"collection":[{"href":"https:\/\/www.europesays.com\/fi\/wp-json\/wp\/v2\/posts"}],"about":[{"href":"https:\/\/www.europesays.com\/fi\/wp-json\/wp\/v2\/types\/post"}],"author":[{"embeddable":true,"href":"https:\/\/www.europesays.com\/fi\/wp-json\/wp\/v2\/users\/2"}],"replies":[{"embeddable":true,"href":"https:\/\/www.europesays.com\/fi\/wp-json\/wp\/v2\/comments?post=115812"}],"version-history":[{"count":0,"href":"https:\/\/www.europesays.com\/fi\/wp-json\/wp\/v2\/posts\/115812\/revisions"}],"wp:featuredmedia":[{"embeddable":true,"href":"https:\/\/www.europesays.com\/fi\/wp-json\/wp\/v2\/media\/115813"}],"wp:attachment":[{"href":"https:\/\/www.europesays.com\/fi\/wp-json\/wp\/v2\/media?parent=115812"}],"wp:term":[{"taxonomy":"category","embeddable":true,"href":"https:\/\/www.europesays.com\/fi\/wp-json\/wp\/v2\/categories?post=115812"},{"taxonomy":"post_tag","embeddable":true,"href":"https:\/\/www.europesays.com\/fi\/wp-json\/wp\/v2\/tags?post=115812"}],"curies":[{"name":"wp","href":"https:\/\/api.w.org\/{rel}","templated":true}]}}