{"id":115814,"date":"2025-12-14T03:08:10","date_gmt":"2025-12-14T03:08:10","guid":{"rendered":"https:\/\/www.europesays.com\/fi\/115814\/"},"modified":"2025-12-14T03:08:10","modified_gmt":"2025-12-14T03:08:10","slug":"ilves-voitti-taas-niukasti-kookoon-samuli-ratinen-ratkaisi-lopussa","status":"publish","type":"post","link":"https:\/\/www.europesays.com\/fi\/115814\/","title":{"rendered":"Ilves voitti taas niukasti KooKoon \u2013 Samuli Ratinen ratkaisi lopussa"},"content":{"rendered":"<p>Aamulehti seurasi Kouvolassa pelattavaa ottelua.<\/p>\n<p>13.12. 16:20 | P\u00e4ivitetty 13.12. 20:49<\/p>\n<p class=\"article-body mb-nof-24 px-nof-16\">Aamulehti<\/p>\n<p class=\"article-body mb-nof-24 px-nof-16\">Ilves ja KooKoo kohtasivat toisena p\u00e4iv\u00e4n\u00e4 per\u00e4kk\u00e4in, kun miesten j\u00e4\u00e4kiekkoliiga jatkui lauantaina.<\/p>\n<p class=\"article-body mb-nof-24 px-nof-16\">Ilves voitti perjantain kohtaamisen Nokia-areenassa 3\u20130. Lauantain peli alkoi Kouvolassa kello 18.30<\/p>\n<p class=\"article-body mb-nof-24 px-nof-16\">Aamulehti seurasi ottelua alle avautuvassa seurannassa.<\/p>\n","protected":false},"excerpt":{"rendered":"Aamulehti seurasi Kouvolassa pelattavaa ottelua. 13.12. 16:20 | P\u00e4ivitetty 13.12. 20:49 Aamulehti Ilves ja KooKoo kohtasivat toisena p\u00e4iv\u00e4n\u00e4&hellip;\n","protected":false},"author":2,"featured_media":115815,"comment_status":"","ping_status":"","sticky":false,"template":"","format":"standard","meta":{"footnotes":""},"categories":[158],"tags":[157,33,31,30,159,32,160],"class_list":{"0":"post-115814","1":"post","2":"type-post","3":"status-publish","4":"format-standard","5":"has-post-thumbnail","7":"category-urheilu","8":"tag-aamulehti","9":"tag-fi","10":"tag-finland","11":"tag-finnish","12":"tag-sports","13":"tag-suomi","14":"tag-urheilu"},"share_on_mastodon":{"url":"https:\/\/pubeurope.com\/@fi\/115715722934866216","error":""},"_links":{"self":[{"href":"https:\/\/www.europesays.com\/fi\/wp-json\/wp\/v2\/posts\/115814","targetHints":{"allow":["GET"]}}],"collection":[{"href":"https:\/\/www.europesays.com\/fi\/wp-json\/wp\/v2\/posts"}],"about":[{"href":"https:\/\/www.europesays.com\/fi\/wp-json\/wp\/v2\/types\/post"}],"author":[{"embeddable":true,"href":"https:\/\/www.europesays.com\/fi\/wp-json\/wp\/v2\/users\/2"}],"replies":[{"embeddable":true,"href":"https:\/\/www.europesays.com\/fi\/wp-json\/wp\/v2\/comments?post=115814"}],"version-history":[{"count":0,"href":"https:\/\/www.europesays.com\/fi\/wp-json\/wp\/v2\/posts\/115814\/revisions"}],"wp:featuredmedia":[{"embeddable":true,"href":"https:\/\/www.europesays.com\/fi\/wp-json\/wp\/v2\/media\/115815"}],"wp:attachment":[{"href":"https:\/\/www.europesays.com\/fi\/wp-json\/wp\/v2\/media?parent=115814"}],"wp:term":[{"taxonomy":"category","embeddable":true,"href":"https:\/\/www.europesays.com\/fi\/wp-json\/wp\/v2\/categories?post=115814"},{"taxonomy":"post_tag","embeddable":true,"href":"https:\/\/www.europesays.com\/fi\/wp-json\/wp\/v2\/tags?post=115814"}],"curies":[{"name":"wp","href":"https:\/\/api.w.org\/{rel}","templated":true}]}}