{"id":115825,"date":"2025-12-14T03:27:16","date_gmt":"2025-12-14T03:27:16","guid":{"rendered":"https:\/\/www.europesays.com\/fi\/115825\/"},"modified":"2025-12-14T03:27:16","modified_gmt":"2025-12-14T03:27:16","slug":"uutta-tietoa-topi-ja-nadja-sukarin-kauhujen-lennosta-tuskaa-tuskaa-tuskaa-ja-tuskaa","status":"publish","type":"post","link":"https:\/\/www.europesays.com\/fi\/115825\/","title":{"rendered":"Uutta tietoa Topi ja Nadja Sukarin kauhujen lennosta \u2013 \u201dTuskaa, tuskaa, tuskaa ja tuskaa\u201d"},"content":{"rendered":"<p>Itsen\u00e4isyysp\u00e4iv\u00e4n lento Espanjasta Suomeen oli Sukareille hurja koettelemus. <\/p>\n<p><img decoding=\"async\" class=\"image image-show image-preview\" src=\"https:\/\/www.europesays.com\/fi\/wp-content\/uploads\/2025\/12\/1765682834_51_d37b06e29ac5e2be21ff5d53552a294c5e9edf1b5b090350525d7508a422601d.jpg\" alt=\"\"\/><img decoding=\"async\" class=\"image image-show\" src=\"https:\/\/www.europesays.com\/fi\/wp-content\/uploads\/2025\/12\/1765431730_122_d37b06e29ac5e2be21ff5d53552a294c5e9edf1b5b090350525d7508a422601d.jpg\" alt=\"\"\/><\/p>\n<p>Topi ja Nadja Sukari lensiv\u00e4t itsen\u00e4isyysp\u00e4iv\u00e4n\u00e4 Suomeen Espanjasta.  Pete Anikari<\/p>\n<p class=\"paragraph\">Liikemies <strong>Toivo \u201dTopi\u201d Sukari<\/strong>, 71, ja h\u00e4nen vaimonsa <strong>Nadja Sukari<\/strong>, 54, kokivat itsen\u00e4isyysp\u00e4iv\u00e4n\u00e4 kauhujen lennon Espanjasta Suomeen. Nadja oli koneessa istuessaan kovissa vatsakivuissa ja voi pahoin. 4,5 tuntia ei ole Topin mukaan koskaan tuntunut n\u00e4in pitk\u00e4lt\u00e4 ajalta.<\/p>\n<p class=\"paragraph\">\u2013 Koko lento oli tuskaa, tuskaa, tuskaa ja tuskaa, kuvailee Topi Sukari j\u00e4rkytyst\u00e4\u00e4n peittelem\u00e4tt\u00e4.<\/p>\n<p class=\"paragraph\">Pahinta oli seurata rakkaan vaimon k\u00e4rsimyst\u00e4 vierest\u00e4 kykenem\u00e4tt\u00e4 tekem\u00e4\u00e4n mit\u00e4\u00e4n.<\/p>\n<p class=\"paragraph\">\u2013 Ei siin\u00e4 oikeesti voinut auttaa mill\u00e4\u00e4n lailla. Yritin sitten vain purra hammasta ja pysy\u00e4 rauhallisena. Se oli el\u00e4m\u00e4ni raskain lento. Olin kauhuissani. Nadjalla ei ollut mik\u00e4\u00e4n normaali vatsakipu, vaan oksennustakin tuli.<\/p>\n<p class=\"paragraph\">H\u00e4n sanoo keskustelleensa lentokoneen henkil\u00f6kunnan kanssa vaihtoehdoista, jolloin puheeksi oli tullut viimeisen\u00e4 vaihtoehtona v\u00e4lilasku. Sit\u00e4 ei kuitenkaan jouduttu tekem\u00e4\u00e4n.<\/p>\n<p class=\"paragraph\">\u2013 No, kyll\u00e4 siin kuitenkin selvittiin, h\u00e4n tokaisee turkulaisittain murtaen.<\/p>\n<p class=\"paragraph\">Heti Helsinki-Vantaan lentokent\u00e4lle p\u00e4\u00e4sty\u00e4\u00e4n Topi Sukari soitti v\u00e4litt\u00f6m\u00e4sti h\u00e4t\u00e4numeroon. H\u00e4t\u00e4keskuksen p\u00e4ivyst\u00e4j\u00e4 kehotti heit\u00e4 ajamaan nopeasti l\u00e4himp\u00e4\u00e4n p\u00e4ivystykseen. Nasta lautaan, ja Topi kiisi Nadja kyydiss\u00e4\u00e4n moottoritiet\u00e4 pitkin Lohjan sairaalan p\u00e4ivystykseen.<\/p>\n<p class=\"paragraph\">\u2013 Ylinopeutta piti ajaa ja h\u00e4t\u00e4vilkutkin oli p\u00e4\u00e4ll\u00e4, kun tilanne oli kriittinen. Toinen huusi vieress\u00e4 kivusta, niin kyll\u00e4 siin\u00e4 varmasti kuka vaan painaisi reippaammin kaasua, Topi Sukari sanoo.<\/p>\n<p class=\"paragraph\">\u2013 Odottelin autossa varmaan kaksi tuntia, kun Nadjaa tutkittiin, tutkittiin ja tutkittiin. Ei sielt\u00e4 tullut mit\u00e4\u00e4n selityst\u00e4 kivuille, tied\u00e4 sitten mik\u00e4 ruokamyrkytys se oli. Voiko joku ruokamyrkytys iske\u00e4 tuolla tavalla? En ole kyll\u00e4 ikin\u00e4 n\u00e4hnyt, Topi aprikoi.<\/p>\n<p class=\"paragraph\">Vaimo sai onneksi tarvitsemansa avun paikan p\u00e4\u00e4lt\u00e4.<\/p>\n<p class=\"paragraph\">\u2013 Lopulta h\u00e4n sai vain voimakasta s\u00e4rkyl\u00e4\u00e4kett\u00e4, ja kivut alkoivat pikku hiljaa helpottamaan.<\/p>\n<p>Tilanne nyt<\/p>\n<p class=\"paragraph\">Topi Sukari kertoo pist\u00e4neens\u00e4 merkille, ett\u00e4 seuraavana aamuna vaimon vointi oli jo normaali. Nadja oli ehk\u00e4 v\u00e4h\u00e4n hauraamman oloinen ja lep\u00e4si yhden p\u00e4iv\u00e4n. Vuorokausi kipukohtauksesta pari oli jo kuntosalilla treenaamassa.<\/p>\n<p class=\"paragraph\">\u2013 Ei auta j\u00e4\u00e4d\u00e4 pelk\u00e4\u00e4m\u00e4\u00e4n. Ei t\u00e4ss\u00e4 voi kuin menn\u00e4 eteenp\u00e4in, h\u00e4n sanoo.<\/p>\n<p class=\"paragraph\">\u2013 Mutta kyll\u00e4 se edelleen ihmetytt\u00e4\u00e4, ett\u00e4 miten noin nuorelle ihmiselle kuin Nadja tulee t\u00e4llaista. H\u00e4n on kuitenkin perusterve ihminen. T\u00e4ss\u00e4 sen n\u00e4kee, ett\u00e4 kaikki on mahdollista, Topi p\u00e4ivittelee.<\/p>\n<p class=\"paragraph\">Liikemies kertoo viime viikkojen olleen kiireisi\u00e4 t\u00f6iden saralla. Nadjan vointi on jo kohentunut normaaliksi, joten heid\u00e4n joulusuunnitelmansa ovat ennallaan.<\/p>\n<p class=\"paragraph\">\u2013 Viime joulukin oltiin Espanjassa, ja t\u00e4m\u00e4kin joulu vietet\u00e4\u00e4n siell\u00e4. Ensi viikolla l\u00e4hdemme taas matkaan, Topi kertoo.<\/p>\n<p class=\"paragraph\">Etel\u00e4n l \u00e4mm\u00f6ss\u00e4 pari aikoo heng\u00e4ht\u00e4\u00e4 tapahtumarikkaiden viikkojen j\u00e4lkeen.<\/p>\n<p class=\"paragraph\">Sukareiden kauhujen lennosta kertoi ensin <a href=\"https:\/\/www.seiska.fi\/vain-seiskassa\/topi-sukari-ja-nadja-rakas-okylomalle-ikava-loppu-salakuva\/2016259\" rel=\"noopener nofollow\" target=\"_blank\">Seiska<\/a>.<\/p>\n","protected":false},"excerpt":{"rendered":"Itsen\u00e4isyysp\u00e4iv\u00e4n lento Espanjasta Suomeen oli Sukareille hurja koettelemus. Topi ja Nadja Sukari lensiv\u00e4t itsen\u00e4isyysp\u00e4iv\u00e4n\u00e4 Suomeen Espanjasta. Pete Anikari&hellip;\n","protected":false},"author":2,"featured_media":113322,"comment_status":"","ping_status":"","sticky":false,"template":"","format":"standard","meta":{"footnotes":""},"categories":[136],"tags":[35,407,137,33,31,30,408,2910,121,923,2461,32,502,109],"class_list":{"0":"post-115825","1":"post","2":"type-post","3":"status-publish","4":"format-standard","5":"has-post-thumbnail","7":"category-julkkikset","8":"tag-24h","9":"tag-celebrities","10":"tag-entertainment","11":"tag-fi","12":"tag-finland","13":"tag-finnish","14":"tag-julkkikset","15":"tag-lentoliikenne-ilmaliikenne","16":"tag-liikenne-ja-kuljetus","17":"tag-matkustaminen","18":"tag-sairaalat-ja-terveyskeskukset","19":"tag-suomi","20":"tag-terveydenhoito","21":"tag-viihde"},"share_on_mastodon":{"url":"https:\/\/pubeurope.com\/@fi\/115715797632615361","error":""},"_links":{"self":[{"href":"https:\/\/www.europesays.com\/fi\/wp-json\/wp\/v2\/posts\/115825","targetHints":{"allow":["GET"]}}],"collection":[{"href":"https:\/\/www.europesays.com\/fi\/wp-json\/wp\/v2\/posts"}],"about":[{"href":"https:\/\/www.europesays.com\/fi\/wp-json\/wp\/v2\/types\/post"}],"author":[{"embeddable":true,"href":"https:\/\/www.europesays.com\/fi\/wp-json\/wp\/v2\/users\/2"}],"replies":[{"embeddable":true,"href":"https:\/\/www.europesays.com\/fi\/wp-json\/wp\/v2\/comments?post=115825"}],"version-history":[{"count":0,"href":"https:\/\/www.europesays.com\/fi\/wp-json\/wp\/v2\/posts\/115825\/revisions"}],"wp:featuredmedia":[{"embeddable":true,"href":"https:\/\/www.europesays.com\/fi\/wp-json\/wp\/v2\/media\/113322"}],"wp:attachment":[{"href":"https:\/\/www.europesays.com\/fi\/wp-json\/wp\/v2\/media?parent=115825"}],"wp:term":[{"taxonomy":"category","embeddable":true,"href":"https:\/\/www.europesays.com\/fi\/wp-json\/wp\/v2\/categories?post=115825"},{"taxonomy":"post_tag","embeddable":true,"href":"https:\/\/www.europesays.com\/fi\/wp-json\/wp\/v2\/tags?post=115825"}],"curies":[{"name":"wp","href":"https:\/\/api.w.org\/{rel}","templated":true}]}}