{"id":115826,"date":"2025-12-14T03:34:08","date_gmt":"2025-12-14T03:34:08","guid":{"rendered":"https:\/\/www.europesays.com\/fi\/115826\/"},"modified":"2025-12-14T03:34:08","modified_gmt":"2025-12-14T03:34:08","slug":"sport-loi-hifkn-nurin-viimeisella-sekunnilla-jokinen-luokatonta-suoritusta-urheilu","status":"publish","type":"post","link":"https:\/\/www.europesays.com\/fi\/115826\/","title":{"rendered":"Sport l\u00f6i HIFK:n nurin viimeisell\u00e4 sekunnilla \u2013 Jokinen: &#8221;Luokatonta suoritusta&#8221; | Urheilu"},"content":{"rendered":"<p>Vaasan Sportin ymp\u00e4rill\u00e4 ilonaiheet ovat olleet viime aikoina v\u00e4hiss\u00e4, mutta lauantaina joukkue sai hieman helpotusta puseroon kaatamalla HIFK:n kotonaan jatkoajalla maalein 3\u20132.<\/p>\n<p>Lauantaita edelt\u00e4neist\u00e4 20 ottelusta Sport oli voittanut vain kolme, ja p\u00e4\u00e4valmentajakin oli enn\u00e4tt\u00e4nyt vaihtumaan samalla ajanjaksolla kahdesti. Nyt Sport otti ensimm\u00e4isen voittonsa torstaina ruoriin hyp\u00e4nneen tuoreimman p\u00e4\u00e4valmentajansa Jussi Tapion alaisuudessa.<\/p>\n<p>Sport johti ottelua viel\u00e4 nelj\u00e4 minuuttia ennen varsinaisen peliajan p\u00e4\u00e4ttymist\u00e4, mutta HIFK nousi tasoihin hy\u00f6kk\u00e4\u00e4j\u00e4 Sean Joslingin maalilla. Joslingin osuman my\u00f6t\u00e4 ottelu meni jatkoajalle, jonka viimeisell\u00e4 sekunnilla Sportin norjalaishy\u00f6kk\u00e4\u00e4j\u00e4 Philip Granath veivasi kiekon maaliin.<\/p>\n<p>Granathin maali tarkistettiin videolta, mutta sen todettiin syntyneen peliajan puitteissa. Tapio kertoi, ett\u00e4 pelaajat pitiv\u00e4t perjantaina kesken\u00e4\u00e4n palaveria siit\u00e4, mit\u00e4 joukkue haluaa olla.<\/p>\n<p>\u2013\u2009Olen tosi ylpe\u00e4 j\u00e4tkist\u00e4. Eilen palaveerattiin pitk\u00e4\u00e4n siit\u00e4, mit\u00e4 halutaan olla. Nyt kun katsoi peli\u00e4, n\u00e4ytimme silt\u00e4, mist\u00e4 puhuttiinkin, Tapio sanoi.<\/p>\n<p>Voiton j\u00e4lkeen Sportin fanikatsomo lauloi hy\u00f6kk\u00e4\u00e4j\u00e4 Viljami Niemisen johdolla, mutta ottelun aikana fanip\u00e4\u00e4dylt\u00e4 n\u00e4htiin my\u00f6s kannanotto.<\/p>\n<p>\u2013\u2009Ilman urheilullista strategiaa lis\u00e4panostukset eiv\u00e4t tuota tulosta, kannattajat linjasivat viestiss\u00e4\u00e4n kolmannessa er\u00e4ss\u00e4.<\/p>\n<p>Sport katkaisi samalla viiden ottelun tappioputkensa mutta on edelleen selke\u00e4 sarjajumbo. Viime aikoina vahvassa vireess\u00e4 ollut HIFK jatkoi pisteputkensa seitsem\u00e4\u00e4n otteluun.<\/p>\n<p>Karmeasta loukkaantumissumasta k\u00e4rsinyt HIFK sai kuitenkin j\u00e4lleen huonoja uutisia, kun hy\u00f6kk\u00e4\u00e4j\u00e4 Jere Karjalainen loukkaantui toisessa er\u00e4ss\u00e4, ja h\u00e4net talutettiin pukusuojiin. My\u00f6s keskiviikkona maalihanansa j\u00e4\u00e4kiekkoliigassa avanneelta Anttoni Uroselta peli j\u00e4i kesken.<\/p>\n<p>\u2013\u2009Kymmenell\u00e4 hy\u00f6kk\u00e4\u00e4j\u00e4ll\u00e4 yritettiin puskea. Siin\u00e4kin mieless\u00e4 meill\u00e4 on huolestuttava tilanne, ett\u00e4 esimerkiksi muutama pelaaja l\u00e4htee nuorten MM-kisoihin. Toivottavasti organisaatiossa riitt\u00e4\u00e4 pelaajat, sill\u00e4 A-junioritkin menev\u00e4t kapealla, HIFK:n p\u00e4\u00e4valmentaja Olli Jokinen huokasi.<\/p>\n<p>\u2013\u2009Pelasimme kolmannen er\u00e4n. Ensimm\u00e4iset 40 minuuttia plus j\u00e4\u00e4l\u00e4mp\u00f6 olivat luokatonta suoritusta, Jokinen tiivisti pelillist\u00e4 antia.<\/p>\n","protected":false},"excerpt":{"rendered":"Vaasan Sportin ymp\u00e4rill\u00e4 ilonaiheet ovat olleet viime aikoina v\u00e4hiss\u00e4, mutta lauantaina joukkue sai hieman helpotusta puseroon kaatamalla HIFK:n&hellip;\n","protected":false},"author":2,"featured_media":115827,"comment_status":"","ping_status":"","sticky":false,"template":"","format":"standard","meta":{"footnotes":""},"categories":[158],"tags":[1274,33,31,30,7525,1143,41,159,32,1145,160,161,2974],"class_list":{"0":"post-115826","1":"post","2":"type-post","3":"status-publish","4":"format-standard","5":"has-post-thumbnail","7":"category-urheilu","8":"tag-ammattiurheilu","9":"tag-fi","10":"tag-finland","11":"tag-finnish","12":"tag-hifk","13":"tag-jaakiekko","14":"tag-liikunta-ja-urheilu","15":"tag-sports","16":"tag-suomi","17":"tag-talviurheilu","18":"tag-urheilu","19":"tag-urheilutapahtumat","20":"tag-vaasan-sport"},"share_on_mastodon":{"url":"https:\/\/pubeurope.com\/@fi\/115715825133174987","error":""},"_links":{"self":[{"href":"https:\/\/www.europesays.com\/fi\/wp-json\/wp\/v2\/posts\/115826","targetHints":{"allow":["GET"]}}],"collection":[{"href":"https:\/\/www.europesays.com\/fi\/wp-json\/wp\/v2\/posts"}],"about":[{"href":"https:\/\/www.europesays.com\/fi\/wp-json\/wp\/v2\/types\/post"}],"author":[{"embeddable":true,"href":"https:\/\/www.europesays.com\/fi\/wp-json\/wp\/v2\/users\/2"}],"replies":[{"embeddable":true,"href":"https:\/\/www.europesays.com\/fi\/wp-json\/wp\/v2\/comments?post=115826"}],"version-history":[{"count":0,"href":"https:\/\/www.europesays.com\/fi\/wp-json\/wp\/v2\/posts\/115826\/revisions"}],"wp:featuredmedia":[{"embeddable":true,"href":"https:\/\/www.europesays.com\/fi\/wp-json\/wp\/v2\/media\/115827"}],"wp:attachment":[{"href":"https:\/\/www.europesays.com\/fi\/wp-json\/wp\/v2\/media?parent=115826"}],"wp:term":[{"taxonomy":"category","embeddable":true,"href":"https:\/\/www.europesays.com\/fi\/wp-json\/wp\/v2\/categories?post=115826"},{"taxonomy":"post_tag","embeddable":true,"href":"https:\/\/www.europesays.com\/fi\/wp-json\/wp\/v2\/tags?post=115826"}],"curies":[{"name":"wp","href":"https:\/\/api.w.org\/{rel}","templated":true}]}}