{"id":115828,"date":"2025-12-14T03:35:11","date_gmt":"2025-12-14T03:35:11","guid":{"rendered":"https:\/\/www.europesays.com\/fi\/115828\/"},"modified":"2025-12-14T03:35:11","modified_gmt":"2025-12-14T03:35:11","slug":"pepe-willbergin-liikenneonnettomuus-helsingissa-laulajan-kommentit-ja-tapahtumat","status":"publish","type":"post","link":"https:\/\/www.europesays.com\/fi\/115828\/","title":{"rendered":"Pepe Willbergin liikenneonnettomuus Helsingiss\u00e4 &#8211; Laulajan kommentit ja tapahtumat"},"content":{"rendered":"<p>            Jarno Kuusinen\n        <\/p>\n<p class=\"subtitle \">Py\u00f6r\u00e4ilij\u00e4 joutui sairaalahoitoon Pepen osuttua t\u00e4h\u00e4n autollaan.<\/p>\n<p class=\"article-content article-content-width !bg-background\"><a href=\"https:\/\/www.is.fi\/kotimaa\/art-2000011688939.html\" target=\"_blank\" rel=\"nofollow noopener\">Ilta Sanomat<\/a> uutisoivat perjantaina (13.12.) laulaja  olleen osallisena Helsingiss\u00e4 perjantaina sattuneessa tieliikenneonnettomuudessa.<\/p>\n<p class=\"font-weight-bold m-font-weight-bold article-content article-content-width !bg-background\">Katso my\u00f6s! Pepe Willberg paljastaa lempilohturuokansa:<\/p>\n<p class=\"article-content article-content-width !bg-background\">Ilta Sanomien saamien tietojen mukaan auton ja py\u00f6r\u00e4ilij\u00e4n v\u00e4linen kolari tapahtui kello kahdentoista aikaan aamup\u00e4iv\u00e4ll\u00e4 Helsingin Alppilassa, Aleksis Kiven kadun ja Savonkadun risteyksess\u00e4. Lehden mukaan onnettomuudessa loukkaantunut py\u00f6r\u00e4ilij\u00e4 joutui sairaalahoitoon, kun taas h\u00e4neen autolla osunut henkil\u00f6 poistui paikalta. Auton kuljettajaksi todettiin laulajat\u00e4hti Pepe Willberg.<\/p>\n<p>Yll\u00e4ttyi uutisesta<\/p>\n<p class=\"article-content article-content-width !bg-background\">Laulaja kommentoi asiaa my\u00f6hemmin perjantaina omalla <a href=\"https:\/\/www.facebook.com\/profile.php?id=100047379559285\" target=\"_blank\" rel=\"nofollow noopener\"><a href=\"https:\/\/www.facebook.com\/profile.php?id=100047379559285\" target=\"_blank\" rel=\"nofollow noopener\">Faceboo<\/a>k-tilill\u00e4\u00e4n. Pepen mukaan h\u00e4n ei kuitenkaan ollut tietoinen tapahtuneesta ennen poliisin yhteydenottoa.<\/p>\n<p class=\"article-content article-content-width !bg-background\"> \u2013\u00a0TIEDOKSI, ett\u00e4 en ole t\u00f6rm\u00e4nnyt, enk\u00e4 ajanut kenenk\u00e4\u00e4n yli.Tunsin raapaisu\u00e4\u00e4nen, mutta en havainnut mit\u00e4\u00e4n. Autossa oli pieni naarmu takaoven kohdalla, kun poliisi otti yhteytt\u00e4, h\u00e4n aloittaa.<\/p>\n<p>        <a itemprop=\"url\" href=\"https:\/\/www.seiska.fi\/vain-seiskassa\/pepe-willbergin-pauliina-vaimo-sai-osansa-dannyn-piikittelysta-nain-han-kommentoi\/1311058\" rel=\"nofollow noopener\" target=\"_blank\"><\/p>\n<p>\nVain Seiskassa!\n<\/p>\n<p class=\"section-date\">\n        <strong class=\"article-section\" data-section=\"vain seiskassa\"><br \/>\n            vain seiskassa<br \/>\n        <\/strong><br \/>\n        6.4.2024 07:00\n    <\/p>\n<p>Pepe Willbergin Pauliina-vaimo sai osansa Dannyn piikittelyst\u00e4 \u2013 n\u00e4in h\u00e4n kommentoi\n    <\/p>\n<p itemprop=\"description\" class=\"subtitle \">\n    Pauliina painottaa, ett\u00e4 Dannyn k\u00e4yt\u00f6s oli huumoria, mutta ymm\u00e4rt\u00e4\u00e4 senkin, ettei se v\u00e4ltt\u00e4m\u00e4tt\u00e4 v\u00e4littynyt yleis\u00f6\u00f6n sellaisenaan.\n<\/p>\n<p>        <\/a><\/p>\n<p class=\"article-content article-content-width !bg-background\">Syyksi huomiotta j\u00e4\u00e4neelle t\u00f6rm\u00e4ykselle Pepe nimesi perjantaina Helsingin yll\u00e4 olleen kirkkaan auringonpaisteen.<\/p>\n<p class=\"article-content article-content-width !bg-background\">\u2013 Aurinko h\u00e4ik\u00e4isi, joten nopeuteni oli hiljainen. Valot olivat vihre\u00e4t. En n\u00e4hnyt peileist\u00e4 mit\u00e4\u00e4n erikoista. En tajunnut, ett\u00e4 jotain olisi tapahtunut, Pepe summaa.<\/p>\n<p>                <img decoding=\"async\" src=\"https:\/\/www.europesays.com\/fi\/wp-content\/uploads\/2025\/12\/2020883.webp\" width=\"576\" height=\"720\" alt=\"Pepell\u00e4 on paraikaa meneill\u00e4\u00e4n Kynttil\u00f6iden syttyess\u00e4 \u2013 joulukiertue, joka kattaa yhteens\u00e4 kymmenen esiintymist\u00e4 ymp\u00e4ri Suomen. Kolarip\u00e4iv\u00e4n iltana, 12. joulukuuta Pepen keikkalistalta l\u00f6ytyi show kello 18.30 alkavaksi Turun Mikaleinkirkossa.\" loading=\"lazy\" \/>            <\/p>\n<p>\n            Pepell\u00e4 on paraikaa meneill\u00e4\u00e4n Kynttil\u00f6iden syttyess\u00e4 \u2013 joulukiertue, joka kattaa yhteens\u00e4 kymmenen esiintymist\u00e4 ymp\u00e4ri Suomen. Kolarip\u00e4iv\u00e4n iltana, 12. joulukuuta Pepen keikkalistalta l\u00f6ytyi show kello 18.30 alkavaksi Turun Mikaleinkirkossa.<br \/>\n            Timo Korhonen\n        <\/p>\n<p>        <a itemprop=\"url\" href=\"https:\/\/www.seiska.fi\/vain-seiskassa\/dannyn-kaytos-aiheutti-kiusallisen-tunnelman-nain-pepe-willberg-selittaa-tilannetta\/1311041\" rel=\"nofollow noopener\" target=\"_blank\"><\/p>\n<p>\nVain Seiskassa!\n<\/p>\n<p class=\"section-date\">\n        <strong class=\"article-section\" data-section=\"vain seiskassa\"><br \/>\n            vain seiskassa<br \/>\n        <\/strong><br \/>\n        5.4.2024 07:00\n    <\/p>\n<p>Dannyn k\u00e4yt\u00f6s aiheutti kiusallisen tunnelman \u2013 n\u00e4in Pepe Willberg selitt\u00e4\u00e4 tilannetta\n    <\/p>\n<p itemprop=\"description\" class=\"subtitle \">\n    Oman osansa Dannyn kuittailusta sai kuulla The Islanders-yhtyeess\u00e4 vaikuttava Pepe Willberg sek\u00e4 h\u00e4nen puolisonsa Pauliina Visuri.\n<\/p>\n<p>        <\/a><\/p>\n<p>Asiaa tutkitaan<\/p>\n<p class=\"article-content article-content-width !bg-background\">Ilta Sanomien mukaan osumaa ottanut py\u00f6r\u00e4ilij\u00e4 on aikuinen. H\u00e4net kuljetettiin tapahtumapaikalta sairaalahoitoon, mutta sen enemp\u00e4\u00e4 poliisi ei kommentoi py\u00f6r\u00e4ilij\u00e4n saamien vammojen vakavuutta. <\/p>\n<p class=\"article-content article-content-width !bg-background\"> \u2013\u00a0Olen tietysti hyvin pahoillani, jos tilanteessa on py\u00f6r\u00e4ilij\u00e4 vahingoittunut jotenkin. Asiaa tutkitaan, Pepe toteaa.<\/p>\n","protected":false},"excerpt":{"rendered":"Jarno Kuusinen Py\u00f6r\u00e4ilij\u00e4 joutui sairaalahoitoon Pepen osuttua t\u00e4h\u00e4n autollaan. Ilta Sanomat uutisoivat perjantaina (13.12.) laulaja olleen osallisena Helsingiss\u00e4&hellip;\n","protected":false},"author":2,"featured_media":115829,"comment_status":"","ping_status":"","sticky":false,"template":"","format":"standard","meta":{"footnotes":""},"categories":[130],"tags":[21189,137,33,31,30,104,212,8931,21190,32,8668,109],"class_list":{"0":"post-115828","1":"post","2":"type-post","3":"status-publish","4":"format-standard","5":"has-post-thumbnail","7":"category-viihde","8":"tag-auringonpaiste","9":"tag-entertainment","10":"tag-fi","11":"tag-finland","12":"tag-finnish","13":"tag-helsinki","14":"tag-lifestyle","15":"tag-pepe-willberg","16":"tag-pyorailija","17":"tag-suomi","18":"tag-tieliikenneonnettomuus","19":"tag-viihde"},"share_on_mastodon":{"url":"https:\/\/pubeurope.com\/@fi\/115715829071300977","error":""},"_links":{"self":[{"href":"https:\/\/www.europesays.com\/fi\/wp-json\/wp\/v2\/posts\/115828","targetHints":{"allow":["GET"]}}],"collection":[{"href":"https:\/\/www.europesays.com\/fi\/wp-json\/wp\/v2\/posts"}],"about":[{"href":"https:\/\/www.europesays.com\/fi\/wp-json\/wp\/v2\/types\/post"}],"author":[{"embeddable":true,"href":"https:\/\/www.europesays.com\/fi\/wp-json\/wp\/v2\/users\/2"}],"replies":[{"embeddable":true,"href":"https:\/\/www.europesays.com\/fi\/wp-json\/wp\/v2\/comments?post=115828"}],"version-history":[{"count":0,"href":"https:\/\/www.europesays.com\/fi\/wp-json\/wp\/v2\/posts\/115828\/revisions"}],"wp:featuredmedia":[{"embeddable":true,"href":"https:\/\/www.europesays.com\/fi\/wp-json\/wp\/v2\/media\/115829"}],"wp:attachment":[{"href":"https:\/\/www.europesays.com\/fi\/wp-json\/wp\/v2\/media?parent=115828"}],"wp:term":[{"taxonomy":"category","embeddable":true,"href":"https:\/\/www.europesays.com\/fi\/wp-json\/wp\/v2\/categories?post=115828"},{"taxonomy":"post_tag","embeddable":true,"href":"https:\/\/www.europesays.com\/fi\/wp-json\/wp\/v2\/tags?post=115828"}],"curies":[{"name":"wp","href":"https:\/\/api.w.org\/{rel}","templated":true}]}}