{"id":115830,"date":"2025-12-14T03:38:09","date_gmt":"2025-12-14T03:38:09","guid":{"rendered":"https:\/\/www.europesays.com\/fi\/115830\/"},"modified":"2025-12-14T03:38:09","modified_gmt":"2025-12-14T03:38:09","slug":"katso-kuvat-talta-nayttaa-remontoitu-keikyan-seurakuntatalo","status":"publish","type":"post","link":"https:\/\/www.europesays.com\/fi\/115830\/","title":{"rendered":"Katso kuvat \u2013 t\u00e4lt\u00e4 n\u00e4ytt\u00e4\u00e4 remontoitu Keiky\u00e4n seurakuntatalo"},"content":{"rendered":"<p>Yksityisomistukseen siirtynyt seurakuntatalo on pantu sis\u00e4lt\u00e4 ihan uusiksi.<\/p>\n<p>13.12. 15:30<\/p>\n<p class=\"article-body mb-nof-24 px-nof-16\">Sastamalan seurakunnalta HT Hi Tech Polymersille siirtynyt Keiky\u00e4n seurakuntatalo n\u00e4ytt\u00e4\u00e4 ulosp\u00e4in samalta kuin ennenkin \u2013 vain lippu salossa on vaihtunut yrityksen v\u00e4reihin. Sis\u00e4ll\u00e4 on kuitenkin tapahtunut suuria muutoksia.<\/p>\n<p class=\"article-body mb-nof-24 px-nof-16\"><a class=\"article-personlink\" href=\"https:\/\/www.tyrvaansanomat.fi\/haku\/?query=Aulis%20Kulmala\" rel=\"nofollow noopener\" target=\"_blank\">Aulis Kulmala<\/a> kertoo, ett\u00e4 uusimislistalla ovat olleet muun muassa lattiat, sein\u00e4t ja kalusteet. Tiloihin on lis\u00e4tty my\u00f6s tehokkaita ilmal\u00e4mp\u00f6pumppuja; yksi isoon saliin, yksi talonmiehen asuntoon ja yksi samalla tontilla olevaan pieneen virastorakennukseen. Virastorakennukseen on my\u00f6s uusittu huopakatto.<\/p>\n","protected":false},"excerpt":{"rendered":"Yksityisomistukseen siirtynyt seurakuntatalo on pantu sis\u00e4lt\u00e4 ihan uusiksi. 13.12. 15:30 Sastamalan seurakunnalta HT Hi Tech Polymersille siirtynyt Keiky\u00e4n&hellip;\n","protected":false},"author":2,"featured_media":115831,"comment_status":"","ping_status":"","sticky":false,"template":"","format":"standard","meta":{"footnotes":""},"categories":[76],"tags":[79,77,33,31,30,32,78,3885],"class_list":{"0":"post-115830","1":"post","2":"type-post","3":"status-publish","4":"format-standard","5":"has-post-thumbnail","7":"category-talous","8":"tag-business","9":"tag-economy","10":"tag-fi","11":"tag-finland","12":"tag-finnish","13":"tag-suomi","14":"tag-talous","15":"tag-tyrvaan-sanomat"},"share_on_mastodon":{"url":"https:\/\/pubeurope.com\/@fi\/115715840744126997","error":""},"_links":{"self":[{"href":"https:\/\/www.europesays.com\/fi\/wp-json\/wp\/v2\/posts\/115830","targetHints":{"allow":["GET"]}}],"collection":[{"href":"https:\/\/www.europesays.com\/fi\/wp-json\/wp\/v2\/posts"}],"about":[{"href":"https:\/\/www.europesays.com\/fi\/wp-json\/wp\/v2\/types\/post"}],"author":[{"embeddable":true,"href":"https:\/\/www.europesays.com\/fi\/wp-json\/wp\/v2\/users\/2"}],"replies":[{"embeddable":true,"href":"https:\/\/www.europesays.com\/fi\/wp-json\/wp\/v2\/comments?post=115830"}],"version-history":[{"count":0,"href":"https:\/\/www.europesays.com\/fi\/wp-json\/wp\/v2\/posts\/115830\/revisions"}],"wp:featuredmedia":[{"embeddable":true,"href":"https:\/\/www.europesays.com\/fi\/wp-json\/wp\/v2\/media\/115831"}],"wp:attachment":[{"href":"https:\/\/www.europesays.com\/fi\/wp-json\/wp\/v2\/media?parent=115830"}],"wp:term":[{"taxonomy":"category","embeddable":true,"href":"https:\/\/www.europesays.com\/fi\/wp-json\/wp\/v2\/categories?post=115830"},{"taxonomy":"post_tag","embeddable":true,"href":"https:\/\/www.europesays.com\/fi\/wp-json\/wp\/v2\/tags?post=115830"}],"curies":[{"name":"wp","href":"https:\/\/api.w.org\/{rel}","templated":true}]}}