{"id":115832,"date":"2025-12-14T03:39:08","date_gmt":"2025-12-14T03:39:08","guid":{"rendered":"https:\/\/www.europesays.com\/fi\/115832\/"},"modified":"2025-12-14T03:39:08","modified_gmt":"2025-12-14T03:39:08","slug":"saksan-poliisi-sanoo-estaneensa-islamistiseksi-epaillyn-iskun-joulumarkkinoille-uutisia-lyhyesti","status":"publish","type":"post","link":"https:\/\/www.europesays.com\/fi\/115832\/","title":{"rendered":"Saksan poliisi sanoo est\u00e4neens\u00e4 islamistiseksi ep\u00e4illyn iskun joulumarkkinoille | Uutisia lyhyesti"},"content":{"rendered":"<p class=\"aw-1gybjub aw-5vja16 kEtdKx kmuxyA yle__article__paragraph\">Pid\u00e4tettyn\u00e4 on viisi miest\u00e4 Marokosta, Egyptist\u00e4 ja Syyriasta. <\/p>\n<p><img decoding=\"async\" alt=\"Joulumarkkinat Frankfurtissa. L\u00e4hikuvassa koristeellisia pipareita.\" src=\"https:\/\/www.europesays.com\/fi\/wp-content\/uploads\/2025\/12\/39-89567561c31cbc86b6f.jpeg\" class=\"aw-1l9m598 hKVVvP\"\/><\/p>\n<p>Avaa kuvien katselu<\/p>\n<p>Saksan viranomaiset valvovat paikallisia joulutoreja t\u00e4n\u00e4 vuonna erityisen tarkasti. Kuva: Esa Syv\u00e4kuru \/ Yle<\/p>\n<p class=\"aw-1gybjub aw-1p7kakr kEtdKx cEmitX yle__article__paragraph\">Saksan viranomaiset kertoivat lauantaina pid\u00e4tt\u00e4neens\u00e4 viisi miest\u00e4, joita ep\u00e4ill\u00e4\u00e4n osallisuudesta suunnitelmaan ajaa v\u00e4kijoukkoon joulumarkkinoilla. Tutkijat ep\u00e4ilev\u00e4t, ett\u00e4 suunnitelmalla oli \u201dislamistinen motiivi\u201d.<\/p>\n<p class=\"aw-1gybjub aw-1p7kakr kEtdKx cEmitX yle__article__paragraph\">Poliisi ja syytt\u00e4j\u00e4t sanoivat lausunnossaan pid\u00e4tt\u00e4neens\u00e4 perjantaina yhden egyptil\u00e4isen, kolme marokkolaista sek\u00e4 yhden syyrialaisen. Pid\u00e4tettyjen ep\u00e4ill\u00e4\u00e4n suunnitelleen iskua Dingolfing-Landaun piirikunnassa Ala-Baijerin hallintopiiriss\u00e4 sijaitseville joulumarkkinoille. Lausunnon mukaan iskun tarkoituksena olisi ollut tappaa tai vahingoittaa ajoneuvon avulla mahdollisimman montaa ihmist\u00e4.<\/p>\n<p class=\"aw-1gybjub aw-1p7kakr kEtdKx cEmitX yle__article__paragraph\">Saksalaisen Bild-lehden <a class=\"aw-iao6s4 iHOxEa yle__article__link\" href=\"https:\/\/www.bild.de\/news\/terrorverdacht-im-raum-dingolfing-vier-maenner-planten-anschlag-auf-weihnachtsmarkt-693db4d5f679420e000b3b86\" role=\"link\" rel=\"nofollow noopener\" target=\"_blank\">tietojen mukaan<\/a> pid\u00e4tetty egyptil\u00e4inen olisi toiminut imaamina paikallisessa moskeijassa.<\/p>\n<p class=\"aw-1gybjub aw-1p7kakr kEtdKx cEmitX yle__article__paragraph\">Saksan viranomaiset ovat olleet joulumarkkinoiden suhteen korkeassa valmiustilassa sen j\u00e4lkeen, kun Magdeburgin kaupungin joulutorille viime vuonna tehdyss\u00e4 iskussa kuoli kuusi ihmist\u00e4 ja loukkaantui satoja.<\/p>\n<p class=\"aw-1gybjub aw-1p7kakr kEtdKx cEmitX yle__article__paragraph\">Klo 4.38 lis\u00e4tty Bild-lehden tieto yhden pid\u00e4tetyn toimimisesta imaamina.<\/p>\n<p class=\"aw-1gybjub aw-1p7kakr kEtdKx cEmitX yle__article__paragraph\">L\u00e4hde: AFP<\/p>\n","protected":false},"excerpt":{"rendered":"Pid\u00e4tettyn\u00e4 on viisi miest\u00e4 Marokosta, Egyptist\u00e4 ja Syyriasta. Avaa kuvien katselu Saksan viranomaiset valvovat paikallisia joulutoreja t\u00e4n\u00e4 vuonna&hellip;\n","protected":false},"author":2,"featured_media":115833,"comment_status":"","ping_status":"","sticky":false,"template":"","format":"standard","meta":{"footnotes":""},"categories":[14],"tags":[22,23,1284,26,27,33,31,30,17,13334,20356,21191,24,25,28,29,15,18,21,52,3911,32,13385,5715,19,20,56,16,59,60,61],"class_list":{"0":"post-115832","1":"post","2":"type-post","3":"status-publish","4":"format-standard","5":"has-post-thumbnail","7":"category-ulkomaat","8":"tag-breaking-news","9":"tag-breakingnews","10":"tag-epaillyt","11":"tag-featured-news","12":"tag-featurednews","13":"tag-fi","14":"tag-finland","15":"tag-finnish","16":"tag-headlines","17":"tag-islamismi","18":"tag-joulumarkkinat","19":"tag-joulutorit","20":"tag-latest-news","21":"tag-latestnews","22":"tag-main-news","23":"tag-mainnews","24":"tag-news","25":"tag-otsikot","26":"tag-paauutiset","27":"tag-poliisi","28":"tag-saksa","29":"tag-suomi","30":"tag-terrori-iskut","31":"tag-terrorismi","32":"tag-top-stories","33":"tag-topstories","34":"tag-ulkomaat","35":"tag-uutiset","36":"tag-world","37":"tag-world-news","38":"tag-worldnews"},"share_on_mastodon":{"url":"https:\/\/pubeurope.com\/@fi\/115715845123613173","error":""},"_links":{"self":[{"href":"https:\/\/www.europesays.com\/fi\/wp-json\/wp\/v2\/posts\/115832","targetHints":{"allow":["GET"]}}],"collection":[{"href":"https:\/\/www.europesays.com\/fi\/wp-json\/wp\/v2\/posts"}],"about":[{"href":"https:\/\/www.europesays.com\/fi\/wp-json\/wp\/v2\/types\/post"}],"author":[{"embeddable":true,"href":"https:\/\/www.europesays.com\/fi\/wp-json\/wp\/v2\/users\/2"}],"replies":[{"embeddable":true,"href":"https:\/\/www.europesays.com\/fi\/wp-json\/wp\/v2\/comments?post=115832"}],"version-history":[{"count":0,"href":"https:\/\/www.europesays.com\/fi\/wp-json\/wp\/v2\/posts\/115832\/revisions"}],"wp:featuredmedia":[{"embeddable":true,"href":"https:\/\/www.europesays.com\/fi\/wp-json\/wp\/v2\/media\/115833"}],"wp:attachment":[{"href":"https:\/\/www.europesays.com\/fi\/wp-json\/wp\/v2\/media?parent=115832"}],"wp:term":[{"taxonomy":"category","embeddable":true,"href":"https:\/\/www.europesays.com\/fi\/wp-json\/wp\/v2\/categories?post=115832"},{"taxonomy":"post_tag","embeddable":true,"href":"https:\/\/www.europesays.com\/fi\/wp-json\/wp\/v2\/tags?post=115832"}],"curies":[{"name":"wp","href":"https:\/\/api.w.org\/{rel}","templated":true}]}}