{"id":115838,"date":"2025-12-14T04:00:10","date_gmt":"2025-12-14T04:00:10","guid":{"rendered":"https:\/\/www.europesays.com\/fi\/115838\/"},"modified":"2025-12-14T04:00:10","modified_gmt":"2025-12-14T04:00:10","slug":"karppien-ja-saipan-ottelussa-kasittamaton-ratkaisu-voitto-varmistui-vasta-ottelun-jalkeen-ilta-sanomat","status":"publish","type":"post","link":"https:\/\/www.europesays.com\/fi\/115838\/","title":{"rendered":"K\u00e4rppien ja SaiPan ottelussa k\u00e4sitt\u00e4m\u00e4t\u00f6n ratkaisu \u2013 voitto varmistui vasta ottelun j\u00e4lkeen &#8211; Ilta-Sanomat"},"content":{"rendered":"<ol>\n<li><a href=\"https:\/\/news.google.com\/rss\/articles\/CBMiXkFVX3lxTFBqd2pFNkVYc3ZfOEpWNHNFNmg2bU1kRFZlT2xJRzVlYzRuZGF1emZ2aXlTRVB5ODQxVHB1UDNXbWJaMVFyaHZiLTg4T0xWTEtPSVBaWXRTY1htVEJOUEE?oc=5\" target=\"_blank\" rel=\"nofollow noopener\">K\u00e4rppien ja SaiPan ottelussa k\u00e4sitt\u00e4m\u00e4t\u00f6n ratkaisu \u2013 voitto varmistui vasta ottelun j\u00e4lkeen<\/a>&nbsp;&nbsp;Ilta-Sanomat<\/li>\n<li><a href=\"https:\/\/news.google.com\/rss\/articles\/CBMiiAFBVV95cUxOVTBxVk5kNkdsbUdadF9VYXZZY2xVVkhjcHQ4SVpJZDJCcnRrQ3g4N0drSF83RWhMTGFVNHZNNmp1NFFPYTVoUy1ETTRUaHh2SDRna2tBNFQ5T1dERk9WRi1kTkxMdXA1eDdGYThKOHpUMEltWjRIZm5DYU9CZGxfbDhJWUxxWExG?oc=5\" target=\"_blank\" rel=\"nofollow noopener\">SaiPa taisteli voiton Oulusta<\/a>&nbsp;&nbsp;SaiPa.fi<\/li>\n<li><a href=\"https:\/\/news.google.com\/rss\/articles\/CBMiT0FVX3lxTFBhbTVSYXIxM29qdWJxU0YwTThCbm9xaGpfVjg1MVRvTV8zcVpXNm56Vl8zYklYLVJiRExNZWdPTngxM3NwNHVxWXdxNU5RUWc?oc=5\" target=\"_blank\" rel=\"nofollow noopener\">Jatkoaikaratkaisun iskenyt Santeri Airola toppuutteli puheita pistep\u00f6rssin k\u00e4rkisijoista \u2013 \u201dPit\u00e4\u00e4 muistaa, ett\u00e4 kausi on aika alussa\u201d<\/a>&nbsp;&nbsp;Etel\u00e4-Saimaa<\/li>\n<li><a href=\"https:\/\/news.google.com\/rss\/articles\/CBMifEFVX3lxTE54Q0tCbUVlOWJsVTctTGk5MzhFazdwc1BVeW1SeW0xeVMySkF1OTJfMmozcVh2M1hyWExheWRMWTRyTHUwanMtVlRnNmJrSWdvWnRXQzNuVWk5Z2o2V1lLRlpJV0gyQ1Bfbm9ZSk0wMENGcmdxMnlPbXNGNlrSAYwBQVVfeXFMUGltOUtGUF9fblJPNXJFMzZzUXg0aGVZNmpHeFFDVVdBYnVpbDRndjI4Q1pHeTRHV0ZmV3BnR1BOY2pCOWI5RHBoUFdZZlZlOWdySEY2aklKQ1BvZldZc2JJcTFsbDQyYVpTczl5V2pGNG9JN0xuZTlfZFgzRWRhcElNZzlMM0diSHU5aU4?oc=5\" target=\"_blank\" rel=\"nofollow noopener\">Otteluennakko | K\u00e4rp\u00e4t &#8211; SaiPa 13.12.<\/a>&nbsp;&nbsp;Oulun K\u00e4rp\u00e4t<\/li>\n<li><a href=\"https:\/\/news.google.com\/rss\/articles\/CBMirwFBVV95cUxOTUdjY3JnY0Y1V1ZneC1maDk4c1ZuTkNHY3JqOW5fdmtvOEVNNnpodkdsekRsSlYweGJNZGN4SmxsYS1VeFRBZGFTVlBmV2gwSWV1LXFhNGpJd2xCUTExTWJCOUlQNkdUOXp6ZW5OcWV6UndObjUydTQxMzQtLUdaSTNNdDJHQWgyc0hVa0EyVWZZb29RaWNXeUpEU3Y5M3FyNTIxUHJhUjJ2ZlBDbXk0?oc=5\" target=\"_blank\" rel=\"nofollow noopener\">SaiPa iski sekunnissa kiekon verkkoon \u2013 ottelulle erikoinen ratkaisu<\/a>&nbsp;&nbsp;mtvuutiset.fi<\/li>\n<\/ol>\n","protected":false},"excerpt":{"rendered":"K\u00e4rppien ja SaiPan ottelussa k\u00e4sitt\u00e4m\u00e4t\u00f6n ratkaisu \u2013 voitto varmistui vasta ottelun j\u00e4lkeen&nbsp;&nbsp;Ilta-Sanomat SaiPa taisteli voiton Oulusta&nbsp;&nbsp;SaiPa.fi Jatkoaikaratkaisun iskenyt&hellip;\n","protected":false},"author":2,"featured_media":115839,"comment_status":"","ping_status":"","sticky":false,"template":"","format":"standard","meta":{"footnotes":""},"categories":[158],"tags":[33,31,30,34,159,32,160],"class_list":{"0":"post-115838","1":"post","2":"type-post","3":"status-publish","4":"format-standard","5":"has-post-thumbnail","7":"category-urheilu","8":"tag-fi","9":"tag-finland","10":"tag-finnish","11":"tag-ilta-sanomat","12":"tag-sports","13":"tag-suomi","14":"tag-urheilu"},"share_on_mastodon":{"url":"https:\/\/pubeurope.com\/@fi\/115715927168585163","error":""},"_links":{"self":[{"href":"https:\/\/www.europesays.com\/fi\/wp-json\/wp\/v2\/posts\/115838","targetHints":{"allow":["GET"]}}],"collection":[{"href":"https:\/\/www.europesays.com\/fi\/wp-json\/wp\/v2\/posts"}],"about":[{"href":"https:\/\/www.europesays.com\/fi\/wp-json\/wp\/v2\/types\/post"}],"author":[{"embeddable":true,"href":"https:\/\/www.europesays.com\/fi\/wp-json\/wp\/v2\/users\/2"}],"replies":[{"embeddable":true,"href":"https:\/\/www.europesays.com\/fi\/wp-json\/wp\/v2\/comments?post=115838"}],"version-history":[{"count":0,"href":"https:\/\/www.europesays.com\/fi\/wp-json\/wp\/v2\/posts\/115838\/revisions"}],"wp:featuredmedia":[{"embeddable":true,"href":"https:\/\/www.europesays.com\/fi\/wp-json\/wp\/v2\/media\/115839"}],"wp:attachment":[{"href":"https:\/\/www.europesays.com\/fi\/wp-json\/wp\/v2\/media?parent=115838"}],"wp:term":[{"taxonomy":"category","embeddable":true,"href":"https:\/\/www.europesays.com\/fi\/wp-json\/wp\/v2\/categories?post=115838"},{"taxonomy":"post_tag","embeddable":true,"href":"https:\/\/www.europesays.com\/fi\/wp-json\/wp\/v2\/tags?post=115838"}],"curies":[{"name":"wp","href":"https:\/\/api.w.org\/{rel}","templated":true}]}}