{"id":115842,"date":"2025-12-14T04:04:22","date_gmt":"2025-12-14T04:04:22","guid":{"rendered":"https:\/\/www.europesays.com\/fi\/115842\/"},"modified":"2025-12-14T04:04:22","modified_gmt":"2025-12-14T04:04:22","slug":"ennuste-asuntokauppa-virkistyy-ja-hinnat-nousevat-ensi-vuonna","status":"publish","type":"post","link":"https:\/\/www.europesays.com\/fi\/115842\/","title":{"rendered":"Ennuste: Asuntokauppa virkistyy ja hinnat nousevat ensi vuonna"},"content":{"rendered":"<p>Uusien asuntojen aloitukset ja valmistumiset painuivat t\u00e4n\u00e4 vuonna v\u00e4himmilleen l\u00e4hes 60 vuoteen.<\/p>\n<p>12.12. 16:00<\/p>\n<p class=\"article-body mb-nof-24 px-nof-16\">Asuntokauppa virkistyy ensi vuonna ja asuntojen hinnat nousevat, arvioi asuntorahoittaja Hypo.<\/p>\n<p class=\"article-body mb-nof-24 px-nof-16\">Asuntokauppaa virkist\u00e4v\u00e4t Hypon mukaan kotitalouksien s\u00e4\u00e4st\u00f6t ja laskenut korkotaso, mutta toisaalta ty\u00f6tt\u00f6myyden kasvu ja julkisen talouden ongelmat eiv\u00e4t viel\u00e4 rohkaise isoihin investointeihin.<\/p>\n","protected":false},"excerpt":{"rendered":"Uusien asuntojen aloitukset ja valmistumiset painuivat t\u00e4n\u00e4 vuonna v\u00e4himmilleen l\u00e4hes 60 vuoteen. 12.12. 16:00 Asuntokauppa virkistyy ensi vuonna&hellip;\n","protected":false},"author":2,"featured_media":115843,"comment_status":"","ping_status":"","sticky":false,"template":"","format":"standard","meta":{"footnotes":""},"categories":[76],"tags":[79,77,33,31,30,1510,32,78],"class_list":{"0":"post-115842","1":"post","2":"type-post","3":"status-publish","4":"format-standard","5":"has-post-thumbnail","7":"category-talous","8":"tag-business","9":"tag-economy","10":"tag-fi","11":"tag-finland","12":"tag-finnish","13":"tag-kankaanpaan-seutu","14":"tag-suomi","15":"tag-talous"},"share_on_mastodon":{"url":"https:\/\/pubeurope.com\/@fi\/115715942927751398","error":""},"_links":{"self":[{"href":"https:\/\/www.europesays.com\/fi\/wp-json\/wp\/v2\/posts\/115842","targetHints":{"allow":["GET"]}}],"collection":[{"href":"https:\/\/www.europesays.com\/fi\/wp-json\/wp\/v2\/posts"}],"about":[{"href":"https:\/\/www.europesays.com\/fi\/wp-json\/wp\/v2\/types\/post"}],"author":[{"embeddable":true,"href":"https:\/\/www.europesays.com\/fi\/wp-json\/wp\/v2\/users\/2"}],"replies":[{"embeddable":true,"href":"https:\/\/www.europesays.com\/fi\/wp-json\/wp\/v2\/comments?post=115842"}],"version-history":[{"count":0,"href":"https:\/\/www.europesays.com\/fi\/wp-json\/wp\/v2\/posts\/115842\/revisions"}],"wp:featuredmedia":[{"embeddable":true,"href":"https:\/\/www.europesays.com\/fi\/wp-json\/wp\/v2\/media\/115843"}],"wp:attachment":[{"href":"https:\/\/www.europesays.com\/fi\/wp-json\/wp\/v2\/media?parent=115842"}],"wp:term":[{"taxonomy":"category","embeddable":true,"href":"https:\/\/www.europesays.com\/fi\/wp-json\/wp\/v2\/categories?post=115842"},{"taxonomy":"post_tag","embeddable":true,"href":"https:\/\/www.europesays.com\/fi\/wp-json\/wp\/v2\/tags?post=115842"}],"curies":[{"name":"wp","href":"https:\/\/api.w.org\/{rel}","templated":true}]}}