{"id":115844,"date":"2025-12-14T04:05:08","date_gmt":"2025-12-14T04:05:08","guid":{"rendered":"https:\/\/www.europesays.com\/fi\/115844\/"},"modified":"2025-12-14T04:05:08","modified_gmt":"2025-12-14T04:05:08","slug":"trump-usa-kostaa-isisin-hyokkayksen-jossa-kuoli-kaksi-sotilasta-ja-tulkki-uutissuomalainen","status":"publish","type":"post","link":"https:\/\/www.europesays.com\/fi\/115844\/","title":{"rendered":"Trump: USA kostaa Isisin hy\u00f6kk\u00e4yksen, jossa kuoli kaksi sotilasta ja tulkki | Uutissuomalainen"},"content":{"rendered":"<p>Presidentti Donald Trump sanoi lauantaina, ett\u00e4 Yhdysvallat aikoo kostaa \u00e4\u00e4rij\u00e4rjest\u00f6 Isisin Syyriassa tekem\u00e4n hy\u00f6kk\u00e4yksen. <\/p>\n<p>Yhdysvaltain L\u00e4hi-id\u00e4n-joukkojen komentokeskus eli Centcom kertoi aiemmin lauantaina viestipalvelu <a href=\"https:\/\/x.com\/CENTCOM\/status\/1999883271035822281\" rel=\"nofollow\">X:ss\u00e4<\/a>, ett\u00e4 Isisin aseistautunut taistelija oli surmannut kaksi yhdysvaltalaista sotilasta ja yhden siviilitulkin. Lis\u00e4ksi kolme muuta sotilasta haavoittui maan keskiosassa sijaitsevan Palmyran kaupungin alueella tehdyss\u00e4 hy\u00f6kk\u00e4yksess\u00e4.<\/p>\n<p>Trump <a href=\"https:\/\/truthsocial.com\/@realDonaldTrump\/posts\/115713778827349150\" rel=\"nofollow noopener\" target=\"_blank\">kirjoitti<\/a> omalla Truth Social -alustallaan, ett\u00e4 teolla tulisi olemaan hyvin vakavat seuraukset. Trumpin mukaan Syyrian presidentti Ahmed al-Sharaa on hyvin vihainen hy\u00f6kk\u00e4yksen vuoksi. Trump lis\u00e4si, ett\u00e4 tilanteessa haavoittuneet voivat viimeisimpien tietojen mukaan hyvin.<\/p>\n<p>Syyrian ulkoministeri Asaad al-Shaibani <a href=\"https:\/\/x.com\/AsaadHShaibani\/status\/1999930859881939235\" rel=\"nofollow\">sanoi<\/a> niin ik\u00e4\u00e4n maan tuomitsevan hy\u00f6kk\u00e4yksen.<\/p>\n<p>Yhdysvaltain Syyrian-edustaja Tom Barrackin mukaan hy\u00f6kk\u00e4ys kohdistui Yhdysvaltain ja Syyrian yhteiseen partioon.<\/p>\n<p>Centcomin mukaan Isisin taistelija on kuollut. Yhdysvaltain puolustusministeri Pete Hegseth sanoi <a href=\"https:\/\/x.com\/SecWar\/status\/1999882265355227392\" rel=\"nofollow\">X:ss\u00e4<\/a>, ett\u00e4 liittolaisjoukot surmasivat hy\u00f6kk\u00e4\u00e4j\u00e4n.<\/p>\n<p>\t\t\t\tValta vaihtui vuosi sitten<\/p>\n<p>Aiemmin t\u00e4ll\u00e4 viikolla tuli kuluneeksi vuosi siit\u00e4, kun valta vaihtui Syyriassa. Al-Sharaan johtama jihadistiryhm\u00e4 Hayat Tahrir al-Sham (HTS) liittolaisineen kaatoi tuolloin Syyriaa pitk\u00e4\u00e4n hallinneen diktaattorin Bashar al-Assadin hallinnon.<\/p>\n<p>Al-Assadin hallinnon aikana Syyrialla ei ollut suhteita Yhdysvaltoihin tai Euroopan maihin, ja niit\u00e4 on nyt pyritty aktiivisesti luomaan. Demokraattista siirtym\u00e4\u00e4 al-Assadin syrj\u00e4ytt\u00e4misen j\u00e4lkeen ei kuitenkaan ole tapahtunut.<\/p>\n<p>Al-Sharaa tapasi Trumpin ensimm\u00e4isen kerran toukokuussa Saudi-Arabiassa. Trump ilmoitti tuolloin poistavansa Syyriaan kohdistettuja pakotteita, jotka olivat olleet voimassa vuosikymmenten ajan.<\/p>\n","protected":false},"excerpt":{"rendered":"Presidentti Donald Trump sanoi lauantaina, ett\u00e4 Yhdysvallat aikoo kostaa \u00e4\u00e4rij\u00e4rjest\u00f6 Isisin Syyriassa tekem\u00e4n hy\u00f6kk\u00e4yksen. Yhdysvaltain L\u00e4hi-id\u00e4n-joukkojen komentokeskus eli&hellip;\n","protected":false},"author":2,"featured_media":115845,"comment_status":"","ping_status":"","sticky":false,"template":"","format":"standard","meta":{"footnotes":""},"categories":[14],"tags":[22,23,585,2267,26,27,33,31,30,17,2455,683,24,25,28,29,15,18,21,142,144,32,19,20,56,16,59,60,61,143],"class_list":{"0":"post-115844","1":"post","2":"type-post","3":"status-publish","4":"format-standard","5":"has-post-thumbnail","7":"category-ulkomaat","8":"tag-breaking-news","9":"tag-breakingnews","10":"tag-donald-trump","11":"tag-eurooppa","12":"tag-featured-news","13":"tag-featurednews","14":"tag-fi","15":"tag-finland","16":"tag-finnish","17":"tag-headlines","18":"tag-hengenvaara-ja-loukkaantuminen","19":"tag-kuolema","20":"tag-latest-news","21":"tag-latestnews","22":"tag-main-news","23":"tag-mainnews","24":"tag-news","25":"tag-otsikot","26":"tag-paauutiset","27":"tag-poliitikot","28":"tag-presidentti","29":"tag-suomi","30":"tag-top-stories","31":"tag-topstories","32":"tag-ulkomaat","33":"tag-uutiset","34":"tag-world","35":"tag-world-news","36":"tag-worldnews","37":"tag-yhdysvaltain-politiikka"},"share_on_mastodon":{"url":"https:\/\/pubeurope.com\/@fi\/115715946840429109","error":""},"_links":{"self":[{"href":"https:\/\/www.europesays.com\/fi\/wp-json\/wp\/v2\/posts\/115844","targetHints":{"allow":["GET"]}}],"collection":[{"href":"https:\/\/www.europesays.com\/fi\/wp-json\/wp\/v2\/posts"}],"about":[{"href":"https:\/\/www.europesays.com\/fi\/wp-json\/wp\/v2\/types\/post"}],"author":[{"embeddable":true,"href":"https:\/\/www.europesays.com\/fi\/wp-json\/wp\/v2\/users\/2"}],"replies":[{"embeddable":true,"href":"https:\/\/www.europesays.com\/fi\/wp-json\/wp\/v2\/comments?post=115844"}],"version-history":[{"count":0,"href":"https:\/\/www.europesays.com\/fi\/wp-json\/wp\/v2\/posts\/115844\/revisions"}],"wp:featuredmedia":[{"embeddable":true,"href":"https:\/\/www.europesays.com\/fi\/wp-json\/wp\/v2\/media\/115845"}],"wp:attachment":[{"href":"https:\/\/www.europesays.com\/fi\/wp-json\/wp\/v2\/media?parent=115844"}],"wp:term":[{"taxonomy":"category","embeddable":true,"href":"https:\/\/www.europesays.com\/fi\/wp-json\/wp\/v2\/categories?post=115844"},{"taxonomy":"post_tag","embeddable":true,"href":"https:\/\/www.europesays.com\/fi\/wp-json\/wp\/v2\/tags?post=115844"}],"curies":[{"name":"wp","href":"https:\/\/api.w.org\/{rel}","templated":true}]}}