{"id":115846,"date":"2025-12-14T04:06:08","date_gmt":"2025-12-14T04:06:08","guid":{"rendered":"https:\/\/www.europesays.com\/fi\/115846\/"},"modified":"2025-12-14T04:06:08","modified_gmt":"2025-12-14T04:06:08","slug":"sotealueiden-maara-jopa-6een-usu-nyt-puolueet-paljastavat-kantansa-iltalehti","status":"publish","type":"post","link":"https:\/\/www.europesays.com\/fi\/115846\/","title":{"rendered":"Sotealueiden m\u00e4\u00e4r\u00e4 jopa 6:een? \u2013 USU: Nyt puolueet paljastavat kantansa &#8211; Iltalehti"},"content":{"rendered":"<ol>\n<li><a href=\"https:\/\/news.google.com\/rss\/articles\/CBMif0FVX3lxTE9BNjdEWkNFYWp2Y0RkdEJUWmZmT19kSW9HaU5QYjRsVkRSSzNQbGdjZFBhakg0cFlRSTdHckVBWkVINk9LbTFyS1pWNlBuR1BhUlQ2SDVyOWlDaVFGVlBiRHdodGw1SlJ4eE1vQ296U1M4Y3h1ZElqZWRHZi1xZWs?oc=5\" target=\"_blank\" rel=\"nofollow noopener\">Sotealueiden m\u00e4\u00e4r\u00e4 jopa 6:een? \u2013 USU: Nyt puolueet paljastavat kantansa<\/a>&nbsp;&nbsp;Iltalehti<\/li>\n<li><a href=\"https:\/\/news.google.com\/rss\/articles\/CBMiZ0FVX3lxTE42Z2hjTlpmX25JcGhOUlQ2RXNCUGFIXzRIVzRLSGktX29FYXg5MG40dW1ZXzAtQk5STmRLNW9ldmh4ZUtRb1ZiOFhxTF9faFFxT1hnS1ItUDd6ZmlxUzdrZmZTX1ZWWjA?oc=5\" target=\"_blank\" rel=\"nofollow noopener\">P\u00e4\u00e4kirjoitus | Sote-uudistuksesta tuli kameli<\/a>&nbsp;&nbsp;HS.fi<\/li>\n<li><a href=\"https:\/\/news.google.com\/rss\/articles\/CBMiYEFVX3lxTE02WEp5OElHNTF6d0NQQjdJbm9WQ2pPaXk3YkF5akg2UkRwV1BXSmNqUV91eHlUdENLV0xYRzB0Uy0tdmg5RkljVUZOLUdJb3VRZnh1RmlmOVNjNnRyNUk5NQ?oc=5\" target=\"_blank\" rel=\"nofollow noopener\">USU: Eduskuntapuolueiden enemmist\u00f6 ei tue hyvinvointialueiden v\u00e4hent\u00e4mist\u00e4<\/a>&nbsp;&nbsp;Ilta-Sanomat<\/li>\n<li><a href=\"https:\/\/news.google.com\/rss\/articles\/CBMiQkFVX3lxTE91WURsLVkwYXdhMDFLRlpsaVJ4dW42T1h1UXFWaWZWR2ozTHJNVWVXY2F5c2RsTDdTLVBSNnN4UlFjZw?oc=5\" target=\"_blank\" rel=\"nofollow noopener\">Analyysi: Tutkijat pudottivat sote-pommin<\/a>&nbsp;&nbsp;Yle<\/li>\n<li><a href=\"https:\/\/news.google.com\/rss\/articles\/CBMieEFVX3lxTFBCaUNiZlNxeUVWWFQyWUN6a1lKckh0UEhKR0c4b3BOMUlYQW5DQTl6N3g3S0dreHExSmhNZ002SzltM1hSQ0I1MXpvMG5qb3ljOFdFV3RhY2hEQm4zVzdtTVVpSXVPUGZfSmQxbEhfS191dl9CWWh2Ng?oc=5\" target=\"_blank\" rel=\"nofollow noopener\">P\u00e4\u00e4kirjoitus | Hyvinvointialueiden karsinta her\u00e4tt\u00e4\u00e4 kysymyksen Satasairaalan tulevaisuudesta<\/a>&nbsp;&nbsp;Satakunnan Kansa<\/li>\n<\/ol>\n","protected":false},"excerpt":{"rendered":"Sotealueiden m\u00e4\u00e4r\u00e4 jopa 6:een? \u2013 USU: Nyt puolueet paljastavat kantansa&nbsp;&nbsp;Iltalehti P\u00e4\u00e4kirjoitus | Sote-uudistuksesta tuli kameli&nbsp;&nbsp;HS.fi USU: Eduskuntapuolueiden enemmist\u00f6&hellip;\n","protected":false},"author":2,"featured_media":115847,"comment_status":"","ping_status":"","sticky":false,"template":"","format":"standard","meta":{"footnotes":""},"categories":[12],"tags":[35,22,23,26,27,33,31,30,17,24,25,28,29,15,18,21,637,886,888,885,887,32,19,20,16],"class_list":{"0":"post-115846","1":"post","2":"type-post","3":"status-publish","4":"format-standard","5":"has-post-thumbnail","7":"category-suomi","8":"tag-24h","9":"tag-breaking-news","10":"tag-breakingnews","11":"tag-featured-news","12":"tag-featurednews","13":"tag-fi","14":"tag-finland","15":"tag-finnish","16":"tag-headlines","17":"tag-latest-news","18":"tag-latestnews","19":"tag-main-news","20":"tag-mainnews","21":"tag-news","22":"tag-otsikot","23":"tag-paauutiset","24":"tag-politiikka","25":"tag-puolueet","26":"tag-suomalaiset-poliitikot","27":"tag-suomen-poliittiset-puolueet","28":"tag-suomen-politiikka","29":"tag-suomi","30":"tag-top-stories","31":"tag-topstories","32":"tag-uutiset"},"share_on_mastodon":{"url":"https:\/\/pubeurope.com\/@fi\/115715950889145138","error":""},"_links":{"self":[{"href":"https:\/\/www.europesays.com\/fi\/wp-json\/wp\/v2\/posts\/115846","targetHints":{"allow":["GET"]}}],"collection":[{"href":"https:\/\/www.europesays.com\/fi\/wp-json\/wp\/v2\/posts"}],"about":[{"href":"https:\/\/www.europesays.com\/fi\/wp-json\/wp\/v2\/types\/post"}],"author":[{"embeddable":true,"href":"https:\/\/www.europesays.com\/fi\/wp-json\/wp\/v2\/users\/2"}],"replies":[{"embeddable":true,"href":"https:\/\/www.europesays.com\/fi\/wp-json\/wp\/v2\/comments?post=115846"}],"version-history":[{"count":0,"href":"https:\/\/www.europesays.com\/fi\/wp-json\/wp\/v2\/posts\/115846\/revisions"}],"wp:featuredmedia":[{"embeddable":true,"href":"https:\/\/www.europesays.com\/fi\/wp-json\/wp\/v2\/media\/115847"}],"wp:attachment":[{"href":"https:\/\/www.europesays.com\/fi\/wp-json\/wp\/v2\/media?parent=115846"}],"wp:term":[{"taxonomy":"category","embeddable":true,"href":"https:\/\/www.europesays.com\/fi\/wp-json\/wp\/v2\/categories?post=115846"},{"taxonomy":"post_tag","embeddable":true,"href":"https:\/\/www.europesays.com\/fi\/wp-json\/wp\/v2\/tags?post=115846"}],"curies":[{"name":"wp","href":"https:\/\/api.w.org\/{rel}","templated":true}]}}