{"id":115850,"date":"2025-12-14T04:12:11","date_gmt":"2025-12-14T04:12:11","guid":{"rendered":"https:\/\/www.europesays.com\/fi\/115850\/"},"modified":"2025-12-14T04:12:11","modified_gmt":"2025-12-14T04:12:11","slug":"ymparisto-tutkimus-paljastaa-valkjarveen-vapautuu-rehevoittavaa-fosforia-paikalliset","status":"publish","type":"post","link":"https:\/\/www.europesays.com\/fi\/115850\/","title":{"rendered":"Ymp\u00e4rist\u00f6 | Tutkimus paljastaa: Valkj\u00e4rveen vapautuu rehev\u00f6itt\u00e4v\u00e4\u00e4 fosforia | Paikalliset"},"content":{"rendered":"<p>Nurmij\u00e4rven rehevin j\u00e4rvi, Valkj\u00e4rvi, on ollut kunnostustoimien kohteena, ja tuore sedimenttitutkimus tuo esiin merkitt\u00e4vi\u00e4 havaintoja fosforin kiertokulusta. Keski-Uudenmaan ymp\u00e4rist\u00f6keskuksen tuottamassa tutkimuksessa selvitettiin j\u00e4rven pohjasedimentist\u00e4 vapautuvan fosforin m\u00e4\u00e4r\u00e4\u00e4 ja verrattiin sit\u00e4 valuma-alueelta tulevaan ulkoiseen kuormitukseen. Tulokset osoittavat, ett\u00e4 sedimentist\u00e4 vapautuva fosfori on Valkj\u00e4rven merkitt\u00e4vin fosforin l\u00e4hde \u2013 l\u00e4hes nelj\u00e4 kertaa suurempi kuin ulkopuolelta tuleva kuormitus.<\/p>\n<p><strong class=\"diks-storyline__impact\">Fosforia vapautuu<\/strong> etenkin j\u00e4rven syv\u00e4nteen sedimentist\u00e4, kun vesipatsas kerrostuu ja alusvesi on l\u00e4hes hapetonta. Kes\u00e4aikaan vapautuminen on voimakkainta alusveden korkeiden l\u00e4mp\u00f6tilojen vuoksi. My\u00f6s lev\u00e4kukintojen nostama pintaveden pH voi lis\u00e4t\u00e4 fosforin vapautumista matalammilla alueilla.<\/p>\n<p>Vaikka fosforia poistuu pysyv\u00e4sti syvemm\u00e4lle sedimenttiin, prosessi on hidas. Tutkimuksen mukaan poistumisnopeus on hieman suurempi kuin ulkoisen kuormituksen m\u00e4\u00e4r\u00e4, mik\u00e4 viittaa siihen, ett\u00e4 j\u00e4rven tila saattaa olla hitaasti paranemassa.<\/p>\n<p>\t\t<a class=\"diks-gallery__link\" href=\"https:\/\/i.media.fi\/incoming\/f0t7r3\/11198971.jpg\/alternates\/FREE_1440\/11198971.jpg\" data-thumbnail=\"\" data-sub-html=\"Helsingin yliopiston professori Tom Jilbert ottamassa Valkj\u00e4rven sedimenttin\u00e4ytett\u00e4 28.2.2025. Liisa Garcia\" aria-label=\"Katso isompi kuva\" rel=\"nofollow noopener\" target=\"_blank\"><br \/>\n\t\t\t\t<img class=\"diks-figure__image\" src=\"https:\/\/www.europesays.com\/fi\/wp-content\/uploads\/2025\/12\/11198971.jpg\" loading=\"lazy\" decoding=\"sync\" alt=\"\"\/><\/p>\n<p>\t\t\t<\/a><br \/>\n\t\t\t\t\tHelsingin yliopiston professori Tom Jilbert ottamassa Valkj\u00e4rven sedimenttin\u00e4ytett\u00e4 28.2.2025. Liisa Garcia<\/p>\n<p><strong class=\"diks-storyline__impact\">Professori<\/strong> <strong>Tom Jilbert<\/strong> Helsingin yliopistosta korostaa, ett\u00e4 ulkoisen kuormituksen v\u00e4hent\u00e4minen on avainasemassa j\u00e4rven toipumisen nopeuttamisessa:<\/p>\n<p>\u2013 Valkj\u00e4rvell\u00e4 fosforia vaikuttaa poistuvan pysyv\u00e4sti sedimenttiin hieman nopeammin kuin sit\u00e4 tulee valuma-alueelta. N\u00e4in ollen tila saattaa olla menossa parempaan suuntaan. Toteutettava sekoitushapetus lis\u00e4\u00e4 jonkin verran hapen m\u00e4\u00e4r\u00e4\u00e4 syv\u00e4nteen keskiosissa, mutta ei est\u00e4 fosforin vapautumista sedimentist\u00e4, joten menetelm\u00e4n tehokkuus on rajallinen. J\u00e4rven kunnostuksessa tarvitaan ulkoista kuormitusta v\u00e4hent\u00e4vi\u00e4 toimia, Jilbert toteaa.<\/p>\n<p><strong class=\"diks-storyline__impact\">Sedimenttitutkimus tehtiin<\/strong> kes\u00e4- ja elokuussa 2024 sek\u00e4 helmikuussa 2025 viidest\u00e4 n\u00e4ytteenottopaikasta eri puolilta j\u00e4rve\u00e4. Raportti l\u00f6ytyy <a href=\"https:\/\/keskiuudenmaanymparistokeskus.fi\/ymparistonsuojelu\/vesiensuojelu\/jarvet-ja-joet\/nurmijarven-vesistot\/valkjarvi\/\" rel=\"nofollow noopener\" target=\"_blank\">hankkeen verkkosivuilta.<\/a><\/p>\n<p>Valkj\u00e4rvi on tyydytt\u00e4v\u00e4ss\u00e4 ekologisessa tilassa, ja sen kunnostushanke on saanut ymp\u00e4rist\u00f6ministeri\u00f6lt\u00e4 noin 45 000 euron avustuksen, kattaen noin puolet kustannuksista. Hanketta koordinoi Keski-Uudenmaan ymp\u00e4rist\u00f6keskus.<\/p>\n","protected":false},"excerpt":{"rendered":"Nurmij\u00e4rven rehevin j\u00e4rvi, Valkj\u00e4rvi, on ollut kunnostustoimien kohteena, ja tuore sedimenttitutkimus tuo esiin merkitt\u00e4vi\u00e4 havaintoja fosforin kiertokulusta. Keski-Uudenmaan&hellip;\n","protected":false},"author":2,"featured_media":115851,"comment_status":"","ping_status":"","sticky":false,"template":"","format":"standard","meta":{"footnotes":""},"categories":[113],"tags":[446,33,31,30,961,401,118,32,119,472,447,534,709],"class_list":{"0":"post-115850","1":"post","2":"type-post","3":"status-publish","4":"format-standard","5":"has-post-thumbnail","7":"category-ymparisto","8":"tag-environment","9":"tag-fi","10":"tag-finland","11":"tag-finnish","12":"tag-luonnonsuojelu","13":"tag-nurmijarvi","14":"tag-science","15":"tag-suomi","16":"tag-tiede","17":"tag-tutkimus","18":"tag-ymparisto","19":"tag-ymparisto-ja-luonto","20":"tag-ymparistoasiat"},"share_on_mastodon":{"url":"https:\/\/pubeurope.com\/@fi\/115715974490476336","error":""},"_links":{"self":[{"href":"https:\/\/www.europesays.com\/fi\/wp-json\/wp\/v2\/posts\/115850","targetHints":{"allow":["GET"]}}],"collection":[{"href":"https:\/\/www.europesays.com\/fi\/wp-json\/wp\/v2\/posts"}],"about":[{"href":"https:\/\/www.europesays.com\/fi\/wp-json\/wp\/v2\/types\/post"}],"author":[{"embeddable":true,"href":"https:\/\/www.europesays.com\/fi\/wp-json\/wp\/v2\/users\/2"}],"replies":[{"embeddable":true,"href":"https:\/\/www.europesays.com\/fi\/wp-json\/wp\/v2\/comments?post=115850"}],"version-history":[{"count":0,"href":"https:\/\/www.europesays.com\/fi\/wp-json\/wp\/v2\/posts\/115850\/revisions"}],"wp:featuredmedia":[{"embeddable":true,"href":"https:\/\/www.europesays.com\/fi\/wp-json\/wp\/v2\/media\/115851"}],"wp:attachment":[{"href":"https:\/\/www.europesays.com\/fi\/wp-json\/wp\/v2\/media?parent=115850"}],"wp:term":[{"taxonomy":"category","embeddable":true,"href":"https:\/\/www.europesays.com\/fi\/wp-json\/wp\/v2\/categories?post=115850"},{"taxonomy":"post_tag","embeddable":true,"href":"https:\/\/www.europesays.com\/fi\/wp-json\/wp\/v2\/tags?post=115850"}],"curies":[{"name":"wp","href":"https:\/\/api.w.org\/{rel}","templated":true}]}}