{"id":115852,"date":"2025-12-14T04:26:10","date_gmt":"2025-12-14T04:26:10","guid":{"rendered":"https:\/\/www.europesays.com\/fi\/115852\/"},"modified":"2025-12-14T04:26:10","modified_gmt":"2025-12-14T04:26:10","slug":"oliver-helanderilta-yllattava-loikkaus","status":"publish","type":"post","link":"https:\/\/www.europesays.com\/fi\/115852\/","title":{"rendered":"Oliver Helanderilta yll\u00e4tt\u00e4v\u00e4 loikkaus"},"content":{"rendered":"<p>Oliver Helanderin uralla tapahtuu muutoksia.<\/p>\n<p><img decoding=\"async\" class=\"image image-show image-preview\" src=\"https:\/\/www.europesays.com\/fi\/wp-content\/uploads\/2025\/12\/fb4e0faece977124b1a16c0a408f6ce8ac66548760da85165b797d17d0cd0c0b.jpg\" alt=\"\"\/><img decoding=\"async\" class=\"image image-show\" src=\"https:\/\/www.europesays.com\/fi\/wp-content\/uploads\/2025\/12\/1765686370_921_fb4e0faece977124b1a16c0a408f6ce8ac66548760da85165b797d17d0cd0c0b.jpg\" alt=\"\"\/><\/p>\n<p>Oliver Helander vaihtaa seuraa. Jenni G\u00e4stgivar<\/p>\n<p class=\"paragraph\">Keih\u00e4\u00e4nheiton EM-mitalisti <strong>Oliver Helander<\/strong>, 28, vaihtaa seuraa. Helander edustaa ensi kaudesta l\u00e4htien Mikkelin Kilpa-Veikkoja.<\/p>\n<p class=\"paragraph\">Asian Iltalehdelle vahvistaa Mikkelin Kilpa-Veikkojen puheenjohtaja <strong>Juha Putkonen<\/strong>. Seurasiirrosta ensimm\u00e4isen\u00e4 kertoi <a href=\"https:\/\/www.lansi-savo.fi\/urheilu\/9072713\" target=\"_blank\" rel=\"noopener nofollow\">L\u00e4nsi-Savo.<\/a><\/p>\n<p class=\"paragraph\">\u2013 Sellainen iloinen asia meille tuli. Olemme eritt\u00e4in otettuja, ett\u00e4 Oliver halusi tulla Kilpa-Veikkojen v\u00e4reihin ensi kes\u00e4ksi, Putkonen sanoo IL:lle.<\/p>\n<p class=\"paragraph\">Karjaalla syntynyt Helander edusti p\u00e4\u00e4ttyneell\u00e4 kaudella IF Raseborgia. Putkosen mukaan aloite siirtoon tuli keih\u00e4st\u00e4hdelt\u00e4.<\/p>\n<p class=\"paragraph\">\u2013 T\u00e4m\u00e4 l\u00e4hti Oliverin suunnasta. H\u00e4n otti yhteytt\u00e4 marraskuun puolenv\u00e4lin j\u00e4lkeen, kun siirtoikkuna oli sulkeutumassa marraskuun lopussa. Olemme olleet innoissamme. T\u00e4m\u00e4 on nostanut fiilist\u00e4 seurassa.<\/p>\n<p class=\"paragraph\">Mikkeli on Helanderille entuudestaan tuttu, sill\u00e4 h\u00e4n on osallistunut kahdesti yleisurheilutapahtuma Mikkeli Gamesiin. Tapahtumaa j\u00e4rjest\u00e4m\u00e4ss\u00e4 on Kilpa-Veikkojen varapuheenjohtaja <strong>Jari Liukkonen<\/strong>.<\/p>\n<p class=\"paragraph\">Liukkonen on ex-keih\u00e4st\u00e4htien, <strong>Tero Pitk \u00e4m\u00e4en<\/strong> ja <strong>Antti Ruuskasen<\/strong> mets\u00e4nhoitoyrityksen Pitk\u00e4m\u00e4ki&amp;Ruuskanen Forest Oy:n hallituksen j\u00e4sen. Pitk\u00e4m\u00e4ki puolestaan valmensi Helanderia kauden 2024 loppuun asti.<\/p>\n<p class=\"paragraph\">\u2013 Ehk\u00e4 sielt\u00e4 on tullut Oliverille linkkej\u00e4. Oliver on my\u00f6s todennut, ett\u00e4 Mikkeli Games on hieno juttu, ja asioita tehd\u00e4\u00e4n hyvin, Putkonen pohtii.<\/p>\n<p class=\"paragraph\">Kilpa-Veikot tunnetaan pikemminkin kasvattajaseurana kuin yleisurheilun suurseurana. Ensi kes\u00e4n\u00e4 sill\u00e4 on mahdollisuus saada kaksi urheilijaa arvokisoihin, sill\u00e4 Helanderin lis\u00e4ksi MKV:t\u00e4 edustaa my\u00f6s <strong>Jessica K\u00e4h\u00e4r\u00e4<\/strong>.<\/p>\n<p class=\"paragraph\">\u2013 Edustusurheilijat ovat junioreille hienoja esikuvia. T\u00e4m\u00e4 [Helanderin valinta] on meille osoitus, ett\u00e4 olemme onnistuneet jossakin. T\u00e4llaisia tarvitaan enemm\u00e4nkin, mutta ei ruveta ahnehtimaan, Putkonen sanoo.<\/p>\n<p>N\u00e4in Helander perusteli<\/p>\n<p>Helander vaihtoi my\u00f6s valmentajaa. PASI LIESIMAA<\/p>\n<p class=\"paragraph\">Helander on edustanut urallaan my\u00f6s Oulun Pyrint\u00f6\u00e4 ja Karis IK:ta.<\/p>\n<p class=\"paragraph\">\u2013 Kauden j\u00e4lkeen mietin, ett\u00e4 halusin edustaa sellaista seuraa, jossa arvostetaan huippu-urheilua, ja minun mielest\u00e4ni sit\u00e4 tehd\u00e4\u00e4n Mikkeliss\u00e4, Helander sanoi L\u00e4nsi-Savolle ja jatkoi:<\/p>\n<p class=\"paragraph\">\u2013 Mikkeli Gamesissa on tehty todella hyv\u00e4\u00e4 ty\u00f6t\u00e4. Sanoisin, ett\u00e4 se on Paavo Nurmi Gamesin j\u00e4lkeen paras yleisurheilutapahtuma Suomessa. Olen saanut muutenkin todella hyv\u00e4n vaikutelman Mikkelist\u00e4.<\/p>\n<p class=\"paragraph\">Helander vaihtoi syksyll\u00e4 my\u00f6s valmentajaa. Jatkossa h\u00e4nt\u00e4 valmentaa virolainen MM- ja EM-mitalisti <strong>Magnus Kirt<\/strong>. Suomalainen harjoittelee kaksi viikkoa kerrallaan Tallinnassa ja kaksi viikkoa omatoimisesti kotonaan.<\/p>\n<p class=\"paragraph\">Helanderin uran paras tulos on kes\u00e4ll\u00e4 2022 heitetty 89,93. EM-pronssi tuli Roomasta kes\u00e4ll\u00e4 2024. T\u00e4m\u00e4n kauden MM-kisoissa suomalainen j\u00e4i karsintaan.<\/p>\n","protected":false},"excerpt":{"rendered":"Oliver Helanderin uralla tapahtuu muutoksia. Oliver Helander vaihtaa seuraa. Jenni G\u00e4stgivar Keih\u00e4\u00e4nheiton EM-mitalisti Oliver Helander, 28, vaihtaa seuraa.&hellip;\n","protected":false},"author":2,"featured_media":115853,"comment_status":"","ping_status":"","sticky":false,"template":"","format":"standard","meta":{"footnotes":""},"categories":[158],"tags":[35,4565,33,31,30,2987,41,159,32,160,161,162],"class_list":{"0":"post-115852","1":"post","2":"type-post","3":"status-publish","4":"format-standard","5":"has-post-thumbnail","7":"category-urheilu","8":"tag-24h","9":"tag-baltian-maat","10":"tag-fi","11":"tag-finland","12":"tag-finnish","13":"tag-juoksu-urheilu","14":"tag-liikunta-ja-urheilu","15":"tag-sports","16":"tag-suomi","17":"tag-urheilu","18":"tag-urheilutapahtumat","19":"tag-yleisurheilu"},"share_on_mastodon":{"url":"https:\/\/pubeurope.com\/@fi\/115716029830270276","error":""},"_links":{"self":[{"href":"https:\/\/www.europesays.com\/fi\/wp-json\/wp\/v2\/posts\/115852","targetHints":{"allow":["GET"]}}],"collection":[{"href":"https:\/\/www.europesays.com\/fi\/wp-json\/wp\/v2\/posts"}],"about":[{"href":"https:\/\/www.europesays.com\/fi\/wp-json\/wp\/v2\/types\/post"}],"author":[{"embeddable":true,"href":"https:\/\/www.europesays.com\/fi\/wp-json\/wp\/v2\/users\/2"}],"replies":[{"embeddable":true,"href":"https:\/\/www.europesays.com\/fi\/wp-json\/wp\/v2\/comments?post=115852"}],"version-history":[{"count":0,"href":"https:\/\/www.europesays.com\/fi\/wp-json\/wp\/v2\/posts\/115852\/revisions"}],"wp:featuredmedia":[{"embeddable":true,"href":"https:\/\/www.europesays.com\/fi\/wp-json\/wp\/v2\/media\/115853"}],"wp:attachment":[{"href":"https:\/\/www.europesays.com\/fi\/wp-json\/wp\/v2\/media?parent=115852"}],"wp:term":[{"taxonomy":"category","embeddable":true,"href":"https:\/\/www.europesays.com\/fi\/wp-json\/wp\/v2\/categories?post=115852"},{"taxonomy":"post_tag","embeddable":true,"href":"https:\/\/www.europesays.com\/fi\/wp-json\/wp\/v2\/tags?post=115852"}],"curies":[{"name":"wp","href":"https:\/\/api.w.org\/{rel}","templated":true}]}}