{"id":115854,"date":"2025-12-14T04:27:17","date_gmt":"2025-12-14T04:27:17","guid":{"rendered":"https:\/\/www.europesays.com\/fi\/115854\/"},"modified":"2025-12-14T04:27:17","modified_gmt":"2025-12-14T04:27:17","slug":"kiinteistonvalittaja-andrei-koivumaki-kovaa-puhetta-vastuusta","status":"publish","type":"post","link":"https:\/\/www.europesays.com\/fi\/115854\/","title":{"rendered":"Kiinteist\u00f6nv\u00e4litt\u00e4j\u00e4 Andrei Koivum\u00e4ki: Kovaa puhetta vastuusta"},"content":{"rendered":"<p>            Timo Korhonen\n        <\/p>\n<p class=\"subtitle \">Andrei kehottaa katsomaan peiliin.<\/p>\n<p class=\"article-content article-content-width !bg-background\">Lukuisat julkimot ovat viime vuosina innostuneet l\u00e4htem\u00e4\u00e4n mukaan asuntobisnekseen. Buumin kotimaisena pioneerin\u00e4 voitaneen pit\u00e4\u00e4 , joka kiinteist\u00f6kuningattarena loi alasta kimaltelevan seksik\u00e4st\u00e4 kuvaa jo l\u00e4hes 15 vuotta sitten.<\/p>\n<p class=\"font-weight-bold m-font-weight-bold article-content article-content-width !bg-background\">Video: V\u00e4litt\u00e4j\u00e4lt\u00e4 suorat sanat Sanna Marinin asunnon hinnasta:<\/p>\n<p class=\"article-content article-content-width !bg-background\">Sittemmin parrasvaloista kiinteist\u00f6jen pariin ovat siirtyneet muun muassa ex-ratapy\u00f6r\u00e4ilij\u00e4  sek\u00e4 Salkkarit-t\u00e4hti .<\/p>\n<p>        <a itemprop=\"url\" href=\"https:\/\/www.seiska.fi\/kotimaa\/kiinteistotahti-andrei-koivumaki-on-tikissa-katso-kuvat\/1670705\" rel=\"nofollow noopener\" target=\"_blank\"><\/p>\n<p>\nKuvat!\n<\/p>\n<p class=\"section-date\">\n        <strong class=\"article-section\" data-section=\"kotimaa\"><br \/>\n            kotimaa<br \/>\n        <\/strong><br \/>\n        10.4. 19:30\n    <\/p>\n<p>Kiinteist\u00f6t\u00e4hti Andrei Koivum\u00e4ki on tikiss\u00e4 \u2013 katso kuvat\n    <\/p>\n<p itemprop=\"description\" class=\"subtitle \">\n    Yritt\u00e4j\u00e4 her\u00e4tt\u00e4\u00e4 ajatuksia uusimalla somep\u00e4ivityksell\u00e4\u00e4n.\n<\/p>\n<p>        <\/a><\/p>\n<p>Julkkisten kaveri on julkimo itsekin<\/p>\n<p class=\"article-content article-content-width !bg-background\">Kiinteist\u00f6nv\u00e4litt\u00e4j\u00e4  on joukossa pienoinen poikkeus. Pietarilaissyntyinen komistus tunnetaan julkisuudessa ensisijaisesti asuntomyyj\u00e4n\u00e4.\u00a0<\/p>\n<p>                <img decoding=\"async\" src=\"https:\/\/www.europesays.com\/fi\/wp-content\/uploads\/2025\/12\/2019842.webp\" width=\"576\" height=\"720\" alt=\"Andreita on kutsuttu 'asuntokauppojen Cheekiksi'.\" loading=\"lazy\" \/>            <\/p>\n<p>\n            Andreita on kutsuttu &#8221;asuntokauppojen Cheekiksi&#8221;.<br \/>\n            Timo Korhonen\n        <\/p>\n<p class=\"article-content article-content-width !bg-background\">Oman lis\u00e4ns\u00e4 Andrein imagoon on toki tuonut se pieni seikka, ett\u00e4 h\u00e4n on seurapiireiss\u00e4 kuin kotonaan. Andrei toimii esimerkiksi  <a href=\"https:\/\/www.seiska.fi\/kotimaa\/valittajalta-suorat-sanat-sanna-marinin-asunnon-hinnasta\/1971268\" target=\"_blank\" rel=\"nofollow noopener\">parhaillaan myynniss\u00e4 olevan asunnon v\u00e4litt\u00e4j\u00e4n\u00e4<\/a>.\u00a0<\/p>\n<p>        <a itemprop=\"url\" href=\"https:\/\/www.seiska.fi\/kotimaa\/sanna-marinin-asuntokuviot-tama-on-tilanne-nyt\/2004490\" rel=\"nofollow noopener\" target=\"_blank\"><\/p>\n<p>\nSanna Marin\n<\/p>\n<p class=\"section-date\">\n        <strong class=\"article-section\" data-section=\"kotimaa\"><br \/>\n            kotimaa<br \/>\n        <\/strong><br \/>\n        26.11. 16:00\n    <\/p>\n<p>Sanna Marinin asuntokuviot \u2013 t\u00e4m\u00e4 on tilanne nyt\n    <\/p>\n<p itemprop=\"description\" class=\"subtitle \">\n    Asunto on ollut myynniss\u00e4 tasan kaksi kuukautta.\n<\/p>\n<p>        <\/a><\/p>\n<p class=\"article-content article-content-width !bg-background\">Kiinteist\u00f6kaupan ja julkkispiirien lis\u00e4ksi Andrei on saavuttanut suosiota sosiaalisessa mediassa. <a href=\"https:\/\/www.instagram.com\/andreikoivumaki\/\" target=\"_blank\" rel=\"nofollow noopener\">H\u00e4nt\u00e4 seuraa esimerkiksi Instagramissa yli 22 700 henkil\u00f6\u00e4<\/a>.\u00a0<\/p>\n<p>Ihan oma syy<\/p>\n<p class=\"article-content article-content-width !bg-background\">V\u00e4hemm\u00e4n yll\u00e4tt\u00e4en iso osa Andrein julkaisuista liittyy asuntoihin. Ajoittain kiinteist\u00f6karpaasi kuitenkin intoutuu k\u00e4ytt\u00e4m\u00e4\u00e4n valokeilaansa t\u00e4rkeiksi kokemistaan asioista puhumiseen.\u00a0<\/p>\n<p class=\"article-content article-content-width !bg-background\">Torstaina (11.12.) <a href=\"https:\/\/www.instagram.com\/p\/DSHmE9ajJI2\/\" target=\"_blank\" rel=\"nofollow noopener\">Andrei julkaisikin j\u00e4lleen painavan sanansa <\/a>Instagramissa.\u00a0<\/p>\n<p class=\"article-content article-content-width !bg-background\">\u2013\u00a0Aiheutamme kaikki ongelmat itsellemme, t\u00e4ysin itse. Liian usein kuitenkin vierit\u00e4mme vastuuta muualle ja syyt\u00e4mme muita ihmisi\u00e4, taloutta, huonoja ty\u00f6kaluja ja ylip\u00e4\u00e4t\u00e4ns\u00e4 maailmaa, Andrei julistaa.\u00a0<\/p>\n<p>        <a itemprop=\"url\" href=\"https:\/\/www.seiska.fi\/kotimaa\/andrei-koivumaelta-erikoinen-ulostulo-1\/1861159\" rel=\"nofollow noopener\" target=\"_blank\"><\/p>\n<p>\nAndrei Koivum\u00e4ki\n<\/p>\n<p class=\"section-date\">\n        <strong class=\"article-section\" data-section=\"kotimaa\"><br \/>\n            kotimaa<br \/>\n        <\/strong><br \/>\n        8.7. 11:01\n    <\/p>\n<p>Andrei Koivum\u00e4elt\u00e4 erikoinen ulostulo\n    <\/p>\n<p itemprop=\"description\" class=\"subtitle \">\n    Kiinteist\u00f6nv\u00e4litt\u00e4j\u00e4-somepersoona Andrei Koivum\u00e4ki jakaa someseuraajilleen neuvon, kuinka saada bisnes kulkemaan.\n<\/p>\n<p>        <\/a><\/p>\n<p class=\"article-content article-content-width !bg-background\">Andrein mukaan asia on ymm\u00e4rrett\u00e4v\u00e4, onhan ulkopuolisten syyttely huomattavasti helpompaa kuin itsens\u00e4. H\u00e4n kuitenkin huomauttaa, ett\u00e4 muuttuvat tekij\u00e4t kannattaa ottaa huomioon. Kuten Andrei varsin v\u00e4rikk\u00e4\u00e4sti muotoilee, ei rotkoon ajettuaan ole syytt\u00e4minen tiet\u00e4.<\/p>\n<p>                <img decoding=\"async\" src=\"https:\/\/www.europesays.com\/fi\/wp-content\/uploads\/2025\/12\/2019847.webp\" width=\"576\" height=\"687\" alt=\"Andrei piipahti Sanna Marinin kirjabileiss\u00e4 marraskuussa.\" loading=\"lazy\" \/>            <\/p>\n<p>\n            Andrei piipahti Sanna Marinin kirjabileiss\u00e4 marraskuussa.<br \/>\n            Atte Kajova\n        <\/p>\n<p>Tarkkana p\u00e4iv\u00e4ysten kanssa<\/p>\n<p class=\"article-content article-content-width !bg-background\">Mahdolliset vastav\u00e4itteet Andrei torppaa jo etuk\u00e4teen. H\u00e4nest\u00e4 asiat, kuten asuinmaa, ty\u00f6tiimi ja kaverit ovat t\u00e4ysin seurausta ihmisen omista valinnoista.<\/p>\n<p class=\"article-content article-content-width !bg-background\">\u2013\u00a0TAI siit\u00e4, ett\u00e4 et ole p\u00e4\u00e4tt\u00e4nyt mit\u00e4\u00e4n ja antanut muiden p\u00e4\u00e4tt\u00e4\u00e4. Sekin oli sun p\u00e4\u00e4t\u00f6s.<\/p>\n<p>        <a itemprop=\"url\" href=\"https:\/\/www.seiska.fi\/kotimaa\/alina-tomnikov-laittoi-okykotinsa-myyntiin-valittajana-tuttu-herra\/1925894\" rel=\"nofollow noopener\" target=\"_blank\"><\/p>\n<p>\nV\u00e4litt\u00e4j\u00e4n\u00e4 tuttu herra!\n<\/p>\n<p class=\"section-date\">\n        <strong class=\"article-section\" data-section=\"kotimaa\"><br \/>\n            kotimaa<br \/>\n        <\/strong><br \/>\n        9.9. 19:29\n    <\/p>\n<p>Alina Tomnikov laittoi \u00f6kykotinsa myyntiin \u2013 v\u00e4litt\u00e4j\u00e4n\u00e4 tuttu herra!\n    <\/p>\n<p itemprop=\"description\" class=\"subtitle \">\n    Alina vihjaa myynti-ilmoituksen yhteydess\u00e4 uusista suunnitelmistaan.\n<\/p>\n<p>        <\/a><\/p>\n<p class=\"article-content article-content-width !bg-background\">Somepauhauksen, jonka tarkka konteksti j\u00e4\u00e4 lukijalle varsin et\u00e4iseksi, p\u00e4\u00e4tteeksi Andreilla on tarjottavanaan viel\u00e4 lis\u00e4\u00e4 tiukkoja faktoja:<\/p>\n<p class=\"article-content article-content-width !bg-background\">\u2013\u00a0Totuus on vain siin\u00e4, ett\u00e4 voit olla miten hyv\u00e4 tai huono ihminen, mutta jos sy\u00f6t pilaantunutta ruokaa, sairastut silti, h\u00e4n kirjoittaa.<\/p>\n<p><script async src=\"\/\/www.instagram.com\/embed.js\"><\/script><\/p>\n","protected":false},"excerpt":{"rendered":"Timo Korhonen Andrei kehottaa katsomaan peiliin. Lukuisat julkimot ovat viime vuosina innostuneet l\u00e4htem\u00e4\u00e4n mukaan asuntobisnekseen. Buumin kotimaisena pioneerin\u00e4&hellip;\n","protected":false},"author":2,"featured_media":115855,"comment_status":"","ping_status":"","sticky":false,"template":"","format":"standard","meta":{"footnotes":""},"categories":[130],"tags":[9034,542,137,33,31,30,3560,21192,2799,32,21193,109],"class_list":{"0":"post-115854","1":"post","2":"type-post","3":"status-publish","4":"format-standard","5":"has-post-thumbnail","7":"category-viihde","8":"tag-andrei-koivumaki","9":"tag-asuminen","10":"tag-entertainment","11":"tag-fi","12":"tag-finland","13":"tag-finnish","14":"tag-kiinteistonvalitys","15":"tag-oma-vika","16":"tag-sanna-marin","17":"tag-suomi","18":"tag-vastuunotto","19":"tag-viihde"},"share_on_mastodon":{"url":"https:\/\/pubeurope.com\/@fi\/115716033381073972","error":""},"_links":{"self":[{"href":"https:\/\/www.europesays.com\/fi\/wp-json\/wp\/v2\/posts\/115854","targetHints":{"allow":["GET"]}}],"collection":[{"href":"https:\/\/www.europesays.com\/fi\/wp-json\/wp\/v2\/posts"}],"about":[{"href":"https:\/\/www.europesays.com\/fi\/wp-json\/wp\/v2\/types\/post"}],"author":[{"embeddable":true,"href":"https:\/\/www.europesays.com\/fi\/wp-json\/wp\/v2\/users\/2"}],"replies":[{"embeddable":true,"href":"https:\/\/www.europesays.com\/fi\/wp-json\/wp\/v2\/comments?post=115854"}],"version-history":[{"count":0,"href":"https:\/\/www.europesays.com\/fi\/wp-json\/wp\/v2\/posts\/115854\/revisions"}],"wp:featuredmedia":[{"embeddable":true,"href":"https:\/\/www.europesays.com\/fi\/wp-json\/wp\/v2\/media\/115855"}],"wp:attachment":[{"href":"https:\/\/www.europesays.com\/fi\/wp-json\/wp\/v2\/media?parent=115854"}],"wp:term":[{"taxonomy":"category","embeddable":true,"href":"https:\/\/www.europesays.com\/fi\/wp-json\/wp\/v2\/categories?post=115854"},{"taxonomy":"post_tag","embeddable":true,"href":"https:\/\/www.europesays.com\/fi\/wp-json\/wp\/v2\/tags?post=115854"}],"curies":[{"name":"wp","href":"https:\/\/api.w.org\/{rel}","templated":true}]}}