{"id":115859,"date":"2025-12-14T04:32:10","date_gmt":"2025-12-14T04:32:10","guid":{"rendered":"https:\/\/www.europesays.com\/fi\/115859\/"},"modified":"2025-12-14T04:32:10","modified_gmt":"2025-12-14T04:32:10","slug":"tv-ohjelma-nosti-royhkean-huijaamisen-esiin-suomen-hallitus-reagoi","status":"publish","type":"post","link":"https:\/\/www.europesays.com\/fi\/115859\/","title":{"rendered":"TV-ohjelma nosti r\u00f6yhke\u00e4n huijaamisen esiin \u2013 Suomen hallitus reagoi"},"content":{"rendered":"<p>Ulkomaisten koulutusagenttien on kerrottu markkinoivan Suomea v\u00e4\u00e4rill\u00e4 tiedoilla. Ty\u00f6ministeri Matias Marttinen (kok) on ryhtynyt toimiin.<\/p>\n<p><img decoding=\"async\" class=\"image image-show image-preview\" src=\"https:\/\/www.europesays.com\/fi\/wp-content\/uploads\/2025\/10\/fd1b2d4822bfc9d5dd6acc2292ebce31576e0acf4890badc9585b365f4ea0fe5.jpg\" alt=\"\"\/><img decoding=\"async\" class=\"image image-show\" src=\"https:\/\/www.europesays.com\/fi\/wp-content\/uploads\/2025\/10\/1760324409_912_fd1b2d4822bfc9d5dd6acc2292ebce31576e0acf4890badc9585b365f4ea0fe5.jpg\" alt=\"\"\/><\/p>\n<p>Ty\u00f6ministeri Matias Marttinen (kok). TIINA SOMERPURO\n<\/p>\n<p class=\"paragraph\"><a href=\"https:\/\/yle.fi\/a\/74-20193736\" target=\"_blank\" rel=\"noopener nofollow\">Ylen MOT-dokumentti<\/a> paljasti hiljattain, ett\u00e4 jotkut suomalaisten ammattikorkeakoulujen kumppaneina toimivat koulutusagentit markkinoivat Suomea ulkomaisille opiskelijoille harhaanjohtavasti siit\u00e4 huolimatta, ett\u00e4 sopimuksissa edellytet\u00e4\u00e4n, ett\u00e4 Suomesta annetaan oikeaa tietoa.<\/p>\n<p class=\"paragraph\">Dokumentin esiin tuomissa ongelmallisissa tapauksissa ammattikorkeakoulut miettiv\u00e4t nyt agenttisopimusten purkua.<\/p>\n<p class=\"paragraph\">Suurempi ongelma oppilaitosten mukaan on ovat kuitenkin \u201dvillit\u201d agentit, joilla ei ole sopimuksia koulujen kanssa eik\u00e4 ole tietoa, kuinka moni tulee Suomeen n\u00e4iden kautta.<\/p>\n<p class=\"paragraph\">Oppilaitokset tarvitsevat Euroopan ulkopuolelta tulevia opiskelijoita, jotka tuovat my\u00f6s lukukausimaksutuloja. V\u00e4\u00e4r\u00e4ll\u00e4 ja liian positiivisilla tiedoilla muun muassa Suomen ty\u00f6llisyystilanteesta ja mahdollisuudesta tienata on voinut olla karuja seurauksia, kun Suomeen tulleet opiskelijat ovat saattaneetkin ajautua k\u00f6yhyyteen ja leip\u00e4jonoihin, Ylen dokumentista ilmeni.<\/p>\n<p class=\"paragraph\">My\u00f6s Iltalehti <a href=\"https:\/\/www.iltalehti.fi\/kotimaa\/811cb10a-9c2d-4ea3-866b-b9377a0c445c\" rel=\"nofollow noopener\" target=\"_blank\">on kertonut aiemmin<\/a>, ett\u00e4 ulkomaisten opiskelijoiden m\u00e4\u00e4r\u00e4 leip\u00e4jonoissa on kasvanut.<\/p>\n<p>Entinen ministerikin haluaa muutoksia<\/p>\n<p class=\"paragraph\">Entinen ty\u00f6ministeri <a href=\"https:\/\/www.iltalehti.fi\/henkilot\/Tuula Haatainen\" class=\"article-link-person-page\" rel=\"nofollow noopener\" target=\"_blank\">Tuula Haatainen<\/a> (sd) on jo ehtinyt vaatia, ett\u00e4 opiskelijoita Suomeen houkuttelevien agenttien toimintaan pit\u00e4\u00e4 puuttua. Haatainen oli itse ministerin\u00e4 helpottamassa opiskelijoiden oleskelulupien saantia vuonna 2022 p\u00e4\u00e4t\u00f6sten perustuessa arvioihin ty \u00f6voimapulasta, kun v\u00e4est\u00f6mme ik\u00e4\u00e4ntyy.<\/p>\n<p class=\"paragraph\"><a href=\"https:\/\/yle.fi\/a\/74-20197789?origin=rss\" target=\"_blank\" rel=\"noopener nofollow\">Ylelle<\/a> asiaa kommentoineen Haataisen mukaan on t\u00e4rke\u00e4\u00e4 est\u00e4\u00e4 opiskelijoiden hyv\u00e4ksik\u00e4ytt\u00f6 ja agenttitoimistojen harhaanjohtava toiminta.<\/p>\n<p class=\"paragraph\">Perussuomalaisten kansanedustaja <strong>Ari Koponen<\/strong> haukkui omassa tiedotteessaan Marinin hallituksen luoneen oleskeluluvan saantia helpottamalla \u201dmaahanmuuttomonsterin, joka johti ulkomaalaisiin opiskelijoihin ruokajonoissa\u201d.<\/p>\n<p class=\"paragraph\">\u2013 Uhreina on t\u00e4nne huijaten houkutellut maahanmuuttajat ja suomalainen veronmaksaja, joka lystin on aiemmin maksanut. Nyt sent\u00e4\u00e4n t\u00e4t\u00e4 ongelmaa on saatu hillitty\u00e4, kun EU- ja ETA-maiden ulkopuoliset opiskelijat maksavat korkeakouluopintonsa t\u00e4yskatteellisesti, Koponen lausui tiedotteessaan.<\/p>\n<p>\u201dSe on selv\u00e4 asia\u201d<\/p>\n<p class=\"paragraph\">Ty\u00f6ministeri <a href=\"https:\/\/www.iltalehti.fi\/henkilot\/Matias Marttinen\" class=\"article-link-person-page\" rel=\"nofollow noopener\" target=\"_blank\">Matias Marttinen<\/a> toteaa Iltalehdelle, ett\u00e4 agenttitoimistoista esille tulleet tapaukset kertovat siit\u00e4, ett\u00e4 j\u00e4rjestelm\u00e4 ei toimi niin hyvin kuin pit\u00e4isi.<\/p>\n<p class=\"paragraph\">\u2013 Se on selv\u00e4 asia.<\/p>\n<p class=\"paragraph\">Marttisen mukaan ministeri\u00f6ss\u00e4 on ollut k\u00e4ynniss\u00e4 virkavalmistelu, jossa on juurittu asiaa.<\/p>\n<p class=\"paragraph\">\u2013 On k\u00e4yty hyvin tarkkaan my\u00f6s l\u00e4pi eri tilanteet ja arviot my\u00f6s siit\u00e4, miten j\u00e4rjestelm\u00e4\u00e4 tulisi muuttaa.<\/p>\n<p class=\"paragraph\">Marttinen ennakoi lains\u00e4\u00e4d\u00e4nt\u00f6uudistuksia.<\/p>\n<p class=\"paragraph\">\u2013 Uskon, ett\u00e4 lains\u00e4\u00e4d\u00e4nt\u00f6\u00e4 on perusteet t\u00e4sment\u00e4\u00e4 joiltain osin, mutta t\u00e4ss\u00e4 kohtaa en voi viel\u00e4 menn\u00e4 yksityiskohtiin, ministeri toteaa.<\/p>\n<p>Suomeen t\u00e4ytyy olla polku<\/p>\n<p class=\"paragraph\">Matias Marttinen painottaa my\u00f6s, ett\u00e4 lahjakkaille opiskelijoille t\u00e4ytyy olla polku tulla Suomeen opiskelemaan ja tekem\u00e4\u00e4n t\u00f6it\u00e4.<\/p>\n<p class=\"paragraph\">\u2013 Mutta samaan aikaan on \u00e4\u00e4rimm\u00e4isen t\u00e4rke\u00e4\u00e4, ett\u00e4 me puutumme niihin ongelmakohtiin, joita on taas vastaavasti tuotu esille.<\/p>\n<p class=\"paragraph\">Marttisen mukaan mahdollisten lains\u00e4\u00e4d\u00e4nt\u00f6muutosten lis\u00e4ksi my\u00f6s ammattikorkeakoulujen toiminnalla on eritt\u00e4in suuri vastuu.<\/p>\n<p class=\"paragraph\">\u2013 Eli mill\u00e4 tavalla he tekev\u00e4t itse opiskelijavalinnan. T\u00e4m\u00e4 vaatii nyt meilt\u00e4 eritt\u00e4in tiivist\u00e4 ja vahvaa yhteisty\u00f6t\u00e4 my\u00f6s korkeakoulukent\u00e4n kanssa.<\/p>\n","protected":false},"excerpt":{"rendered":"Ulkomaisten koulutusagenttien on kerrottu markkinoivan Suomea v\u00e4\u00e4rill\u00e4 tiedoilla. Ty\u00f6ministeri Matias Marttinen (kok) on ryhtynyt toimiin. Ty\u00f6ministeri Matias Marttinen&hellip;\n","protected":false},"author":2,"featured_media":60464,"comment_status":"","ping_status":"","sticky":false,"template":"","format":"standard","meta":{"footnotes":""},"categories":[12],"tags":[35,22,23,26,27,33,31,30,17,615,96,757,24,25,28,29,15,18,21,637,887,32,19,20,16],"class_list":{"0":"post-115859","1":"post","2":"type-post","3":"status-publish","4":"format-standard","5":"has-post-thumbnail","7":"category-suomi","8":"tag-24h","9":"tag-breaking-news","10":"tag-breakingnews","11":"tag-featured-news","12":"tag-featurednews","13":"tag-fi","14":"tag-finland","15":"tag-finnish","16":"tag-headlines","17":"tag-koulut","18":"tag-koulutus","19":"tag-koulutus-ja-kasvatus","20":"tag-latest-news","21":"tag-latestnews","22":"tag-main-news","23":"tag-mainnews","24":"tag-news","25":"tag-otsikot","26":"tag-paauutiset","27":"tag-politiikka","28":"tag-suomen-politiikka","29":"tag-suomi","30":"tag-top-stories","31":"tag-topstories","32":"tag-uutiset"},"share_on_mastodon":{"url":"https:\/\/pubeurope.com\/@fi\/115716053201336028","error":""},"_links":{"self":[{"href":"https:\/\/www.europesays.com\/fi\/wp-json\/wp\/v2\/posts\/115859","targetHints":{"allow":["GET"]}}],"collection":[{"href":"https:\/\/www.europesays.com\/fi\/wp-json\/wp\/v2\/posts"}],"about":[{"href":"https:\/\/www.europesays.com\/fi\/wp-json\/wp\/v2\/types\/post"}],"author":[{"embeddable":true,"href":"https:\/\/www.europesays.com\/fi\/wp-json\/wp\/v2\/users\/2"}],"replies":[{"embeddable":true,"href":"https:\/\/www.europesays.com\/fi\/wp-json\/wp\/v2\/comments?post=115859"}],"version-history":[{"count":0,"href":"https:\/\/www.europesays.com\/fi\/wp-json\/wp\/v2\/posts\/115859\/revisions"}],"wp:featuredmedia":[{"embeddable":true,"href":"https:\/\/www.europesays.com\/fi\/wp-json\/wp\/v2\/media\/60464"}],"wp:attachment":[{"href":"https:\/\/www.europesays.com\/fi\/wp-json\/wp\/v2\/media?parent=115859"}],"wp:term":[{"taxonomy":"category","embeddable":true,"href":"https:\/\/www.europesays.com\/fi\/wp-json\/wp\/v2\/categories?post=115859"},{"taxonomy":"post_tag","embeddable":true,"href":"https:\/\/www.europesays.com\/fi\/wp-json\/wp\/v2\/tags?post=115859"}],"curies":[{"name":"wp","href":"https:\/\/api.w.org\/{rel}","templated":true}]}}