{"id":115860,"date":"2025-12-14T04:33:08","date_gmt":"2025-12-14T04:33:08","guid":{"rendered":"https:\/\/www.europesays.com\/fi\/115860\/"},"modified":"2025-12-14T04:33:08","modified_gmt":"2025-12-14T04:33:08","slug":"ammuskelu-yksityisessa-yliopistossa-epailtya-etsitaan","status":"publish","type":"post","link":"https:\/\/www.europesays.com\/fi\/115860\/","title":{"rendered":"Ammuskelu yksityisess\u00e4 yliopistossa, ep\u00e4ilty\u00e4 etsit\u00e4\u00e4n"},"content":{"rendered":"<p>Yhdysvallat|Ainakin kahden kerrotaan kuolleen Brownin yliopiston alueella tapahtuneessa ampumisessa.<\/p>\n<p class=\"article-body mb-nof-24 px-nof-16\">Kaksi ihmist\u00e4 on kuollut ja ainakin kahdeksan loukkaantunut ammuskelussa Brownin yliopistossa Providencess\u00e4 Rhode Islandin osavaltiossa Yhdysvalloissa. Asiasta uutisoivat useat yhdysvaltalaismediat.<\/p>\n<p class=\"article-body mb-nof-24 px-nof-16\">Ampuminen tapahtui luokkahuoneessa fysiikan ja konetekniikan rakennuksessa lauantaina iltap\u00e4iv\u00e4ll\u00e4. Yliopiston rehtorin mukaan kuolleet olivat<a class=\"article-genericlink\" href=\"https:\/\/www.bbc.com\/news\/live\/c3rjw1xnqdvt\" rel=\"nofollow noopener\" target=\"_blank\"> opiskelijoita.<\/a><\/p>\n<p class=\"article-body mb-nof-24 px-nof-16\">Yliopistolla on ollut perjantaina ja lauantaina k\u00e4ynniss\u00e4 lukukauden p\u00e4\u00e4tt\u00e4v\u00e4t kokeet.<\/p>\n<p class=\"article-body mb-nof-24 px-nof-16\">Viranomaiset eiv\u00e4t tied\u00e4, kuinka ep\u00e4ilty ampuja oli p\u00e4\u00e4ssyt sis\u00e4\u00e4n luokkahuoneeseen, kertoo<a class=\"article-genericlink\" href=\"https:\/\/apnews.com\/live\/brown-university-shooting-updates\" rel=\"nofollow noopener\" target=\"_blank\"> AP<\/a>.<\/p>\n<p class=\"article-body mb-nof-24 px-nof-16\">Viranomaiset kertovat, ett\u00e4 ampujaa ei ole saatu kiinni. Ampujan kuvailtiin olevan mustiin pukeutunut mies, joka poistui paikalta teon j\u00e4lkeen juosten. H\u00e4nen on arvioitu i\u00e4lt\u00e4\u00e4n olevan kolmissakymmeniss\u00e4.<\/p>\n<p class=\"article-body mb-nof-24 px-nof-16\">Kampusalue on suljettu ja opiskelijoiden evakuointi jatkui yh\u00e4 varhain Suomen aikaa sunnuntaina. <a class=\"article-genericlink\" href=\"https:\/\/www.theguardian.com\/us-news\/live\/2025\/dec\/13\/brown-university-shooting-rhode-island-updates#top-of-blog\" rel=\"nofollow noopener\" target=\"_blank\">Nelj\u00e4 sataa<\/a> viranomaista etsii ep\u00e4ilty\u00e4.<\/p>\n<p class=\"article-body mb-nof-24 px-nof-16\">Yksityinen Brownin yliopisto on yksi Yhdysvaltojen vanhimmista.<\/p>\n<p><img decoding=\"async\" src=\"https:\/\/www.europesays.com\/fi\/wp-content\/uploads\/2025\/12\/1765686788_369_468.jpg\" alt=\"Poliiseja l\u00e4hell\u00e4 ampumispaikkaa Brownin yliopiston alueella.\" class=\"_Img_1rerz_1\" style=\"aspect-ratio:1.3333333333333333\" loading=\"eager\"\/><\/p>\n<p class=\"article-picture-caption\">Poliiseja l\u00e4hell\u00e4 ampumispaikkaa Brownin yliopiston alueella. Kuva:\u00a0Taylor Coester \/ Reuters<\/p>\n","protected":false},"excerpt":{"rendered":"Yhdysvallat|Ainakin kahden kerrotaan kuolleen Brownin yliopiston alueella tapahtuneessa ampumisessa. Kaksi ihmist\u00e4 on kuollut ja ainakin kahdeksan loukkaantunut ammuskelussa&hellip;\n","protected":false},"author":2,"featured_media":115861,"comment_status":"","ping_status":"","sticky":false,"template":"","format":"standard","meta":{"footnotes":""},"categories":[5],"tags":[22,23,26,27,33,31,30,17,46,24,25,28,29,15,18,21,32,19,20,16],"class_list":{"0":"post-115860","1":"post","2":"type-post","3":"status-publish","4":"format-standard","5":"has-post-thumbnail","7":"category-otsikot","8":"tag-breaking-news","9":"tag-breakingnews","10":"tag-featured-news","11":"tag-featurednews","12":"tag-fi","13":"tag-finland","14":"tag-finnish","15":"tag-headlines","16":"tag-helsingin-sanomat","17":"tag-latest-news","18":"tag-latestnews","19":"tag-main-news","20":"tag-mainnews","21":"tag-news","22":"tag-otsikot","23":"tag-paauutiset","24":"tag-suomi","25":"tag-top-stories","26":"tag-topstories","27":"tag-uutiset"},"share_on_mastodon":{"url":"https:\/\/pubeurope.com\/@fi\/115716056917088476","error":""},"_links":{"self":[{"href":"https:\/\/www.europesays.com\/fi\/wp-json\/wp\/v2\/posts\/115860","targetHints":{"allow":["GET"]}}],"collection":[{"href":"https:\/\/www.europesays.com\/fi\/wp-json\/wp\/v2\/posts"}],"about":[{"href":"https:\/\/www.europesays.com\/fi\/wp-json\/wp\/v2\/types\/post"}],"author":[{"embeddable":true,"href":"https:\/\/www.europesays.com\/fi\/wp-json\/wp\/v2\/users\/2"}],"replies":[{"embeddable":true,"href":"https:\/\/www.europesays.com\/fi\/wp-json\/wp\/v2\/comments?post=115860"}],"version-history":[{"count":0,"href":"https:\/\/www.europesays.com\/fi\/wp-json\/wp\/v2\/posts\/115860\/revisions"}],"wp:featuredmedia":[{"embeddable":true,"href":"https:\/\/www.europesays.com\/fi\/wp-json\/wp\/v2\/media\/115861"}],"wp:attachment":[{"href":"https:\/\/www.europesays.com\/fi\/wp-json\/wp\/v2\/media?parent=115860"}],"wp:term":[{"taxonomy":"category","embeddable":true,"href":"https:\/\/www.europesays.com\/fi\/wp-json\/wp\/v2\/categories?post=115860"},{"taxonomy":"post_tag","embeddable":true,"href":"https:\/\/www.europesays.com\/fi\/wp-json\/wp\/v2\/tags?post=115860"}],"curies":[{"name":"wp","href":"https:\/\/api.w.org\/{rel}","templated":true}]}}