{"id":115862,"date":"2025-12-14T04:45:13","date_gmt":"2025-12-14T04:45:13","guid":{"rendered":"https:\/\/www.europesays.com\/fi\/115862\/"},"modified":"2025-12-14T04:45:13","modified_gmt":"2025-12-14T04:45:13","slug":"aurinkorannikolla-asuva-anne-ramsay-elaa-etasuhteessa-antti-luusuaniemen-kanssa","status":"publish","type":"post","link":"https:\/\/www.europesays.com\/fi\/115862\/","title":{"rendered":"Aurinkorannikolla asuva Anne Ramsay el\u00e4\u00e4 et\u00e4suhteessa Antti Luusuaniemen kanssa"},"content":{"rendered":"<p>Anne Ramsay kertoo, ett\u00e4 Espanjassa vuokra-asunnot ovat kalliita, mutta kiinteist\u00f6nv\u00e4litt\u00e4j\u00e4t tienaavat enemm\u00e4n.<\/p>\n<p class=\"article-body mb-nof-24 px-nof-16\">Remppa vai muutto Suomi -ohjelmasta tutuksi tullut kiinteist\u00f6nv\u00e4litt\u00e4j\u00e4 Anne Ramsay on asunut maaliskuussa kaksi vuotta Espanjan Marbellassa. H\u00e4n p\u00e4\u00e4tti aikoinaan myyd\u00e4 kolmenkympin kriisin seurauksena omaisuutensa ja aloittaa el\u00e4m\u00e4n t\u00e4ysin nollista Aurinkorannikolla.<\/p>\n<p class=\"article-body mb-nof-24 px-nof-16\">\u2013 Kriisist\u00e4 ei ole en\u00e4\u00e4 tietoakaan. Olen aika herkk\u00e4 ymp\u00e4rist\u00f6lle, joten olen l\u00f6yt\u00e4nyt tarvittavan mielenrauhan. Espanjassa el\u00e4m\u00e4 on hyvin erilaista ja rennompaa. Uskon, ett\u00e4 sovin t\u00e4h\u00e4n kulttuuriin paremmin kuin Suomeen, Ramsay kertoo.<\/p>\n<p class=\"article-body mb-nof-24 px-nof-16\">Kiinteist\u00f6nv\u00e4litt\u00e4j\u00e4n\u00e4 Ramsay el\u00e4\u00e4 hyvin hektist\u00e4 arkea, mutta h\u00e4n panostaa Espanjassa enemm\u00e4n omaan hyvinvointiin ja jaksamiseen kuin Suomessa asuessaan.<\/p>\n<p class=\"article-body mb-nof-24 px-nof-16\">\u2013 V\u00e4lill\u00e4 huomaan, ett\u00e4 suoritan asioita yht\u00e4 paljon kuin Suomessa. Olen kuitenkin oppinut ottamaan rennommin, enk\u00e4 stressaa en\u00e4\u00e4 siit\u00e4, ett\u00e4 minun pit\u00e4isi olla koko ajan tavoitettavissa ja t\u00f6iss\u00e4. T\u00e4\u00e4ll\u00e4 minulla ei ole ollut yht\u00e4\u00e4n viikkoa, kun ei olisi ollut aikaa liikkua, sy\u00f6d\u00e4 terveellisesti ja nukkua.<\/p>\n<p><img decoding=\"async\" src=\"https:\/\/www.europesays.com\/fi\/wp-content\/uploads\/2025\/12\/1765687511_214_978.jpg\" alt=\"Ramsayn mukaan el\u00e4m\u00e4 Espanjan Marbellassa on kallista. \u2013 Koen, ett\u00e4 t\u00e4\u00e4ll\u00e4 on kuitenkin ruoka edullisempaa ravintoloissa ja kaupassa. Asuntojen vuokrat ovat taas tosi kalliita. Etenk\u00e4\u00e4n Marbellasta on vaikea l\u00f6yt\u00e4\u00e4 oikeasti kivaa kahden makuuhuoneen asuntoa alle 2000 eurolla.\" class=\"_Img_1rerz_1\" style=\"aspect-ratio:0.6666666666666666\" loading=\"eager\"\/><\/p>\n<p class=\"article-picture-caption\">Ramsayn mukaan el\u00e4m\u00e4 Espanjan Marbellassa on kallista. \u2013 Koen, ett\u00e4 t\u00e4\u00e4ll\u00e4 on kuitenkin ruoka edullisempaa ravintoloissa ja kaupassa. Asuntojen vuokrat ovat taas tosi kalliita. Etenk\u00e4\u00e4n Marbellasta on vaikea l\u00f6yt\u00e4\u00e4 oikeasti kivaa kahden makuuhuoneen asuntoa alle 2000 eurolla. Kuva:\u00a0Eveliina Gutierre<\/p>\n<p class=\"article-body mb-nof-24 px-nof-16\">Ramsayn mukaan Marbella on yksi Espanjan kalleimpia kaupunkeja. Kahden makuuhuoneen vuokra-asunnosta saa helposti maksaa yli 2\u202f000 euroa. T\u00e4h\u00e4n menness\u00e4 Ramsay on asunut kolmessa eri asunnossa. Runsas vuosi sitten h\u00e4n l\u00f6ysi kaksikerroksisen kahden makuuhuoneen asunnon.<\/p>\n<p class=\"article-body mb-nof-24 px-nof-16\">\u2013 Minulle t\u00e4rkeint\u00e4 on sijainti. Joudun ty\u00f6ss\u00e4ni liikkumaan paljon autolla, niin tykk\u00e4\u00e4n, ett\u00e4 viikonloppuisin p\u00e4\u00e4sen k\u00e4velem\u00e4\u00e4n asunnolta kaikkialle. Ranta, ravintolat ja kaikki tarvittavat palvelut ovat l\u00e4hell\u00e4.<\/p>\n<p class=\"article-body mb-nof-24 px-nof-16\">Espanjassa asunnot vuokrataan usein kalustettuina. Kalusteet olivat yksi syy, miksi Ramsay valitsi nykyisen asuntonsa.<\/p>\n<p class=\"article-body mb-nof-24 px-nof-16\">\u2013 T\u00e4\u00e4ll\u00e4 on paljon kivann\u00e4k\u00f6isi\u00e4 asuntoja, mutta kalusteet saattavat olla aivan j\u00e4rkytt\u00e4vi\u00e4. T\u00e4ss\u00e4 asunnossa oli ehdottomasti kauneimmat kalusteet, mit\u00e4 oli tarjolla. Minulle oli my\u00f6s t\u00e4rke\u00e4\u00e4, ett\u00e4 asunnossa on kaksi makuuhuonetta, sill\u00e4 minulla k\u00e4y aika paljon vieraita Suomesta.<\/p>\n<p class=\"article-body mb-nof-24 px-nof-16\">Kiinteist\u00f6nv\u00e4litt\u00e4j\u00e4n ty\u00f6ss\u00e4 on Espanjan ja Suomen v\u00e4lill\u00e4 suuria eroavaisuuksia. Kaikista haastavinta Ramsaylle on ollut uusin ty\u00f6 tapoihin sis\u00e4lle p\u00e4\u00e4seminen. Bo Homes &amp; Villas -yrityksen toimistonvet\u00e4j\u00e4n\u00e4 ty\u00f6skentelev\u00e4 Ramsay myy t\u00e4ll\u00e4 hetkell\u00e4 niin satojen tuhansien eurojen perusasuntoja kuin kymmenien miljoonien eurojen luksusvilloja.<\/p>\n<p class=\"article-body mb-nof-24 px-nof-16\">H\u00e4n my\u00f6nt\u00e4\u00e4, ett\u00e4 kiinteist\u00f6nv\u00e4litt\u00e4j\u00e4n on mahdollista tienata Espanjassa huomattavasti enemm\u00e4n kuin Suomessa.<\/p>\n<p class=\"article-body mb-nof-24 px-nof-16\">\u2013 Espanjassa en tee kauppoja l\u00e4hesk\u00e4\u00e4n yht\u00e4 paljon kuin Suomessa, mutta t\u00e4\u00e4ll\u00e4 asuntojen hinnat ja palkkiot ovat ihan eri luokkaa. Koen, ett\u00e4 t\u00e4\u00e4ll\u00e4 v\u00e4litt\u00e4j\u00e4n ty\u00f6 on paljon vaikeampaa kuin Suomessa.<\/p>\n<p><img decoding=\"async\" src=\"https:\/\/www.europesays.com\/fi\/wp-content\/uploads\/2025\/12\/1765687512_226_978.jpg\" alt=\"Anne Ramsay myi asuntonsa ja l\u00e4hes kaiken omaisuutensa, kun muutti maaliskuussa 2024 Espanjan Marbellaan. H\u00e4nell\u00e4 on Suomessa ainoastaan kes\u00e4m\u00f6kki. \u2013 Minulla kesti melkein vuosi, kun sain Suomen-asuntoni myyty\u00e4. Minulla ei ole nyt Suomessa eik\u00e4 t\u00e4\u00e4ll\u00e4 Espanjassa yht\u00e4\u00e4n ylim\u00e4\u00e4r\u00e4ist\u00e4 tavaraa miss\u00e4\u00e4n kellarivarastoissa. Se on puhdistavaa.\" class=\"_Img_1rerz_1\" style=\"aspect-ratio:0.6666666666666666\" loading=\"eager\"\/><\/p>\n<p class=\"article-picture-caption\">Anne Ramsay myi asuntonsa ja l\u00e4hes kaiken omaisuutensa, kun muutti maaliskuussa 2024 Espanjan Marbellaan. H\u00e4nell\u00e4 on Suomessa ainoastaan kes\u00e4m\u00f6kki. \u2013 Minulla kesti melkein vuosi, kun sain Suomen-asuntoni myyty\u00e4. Minulla ei ole nyt Suomessa eik\u00e4 t\u00e4\u00e4ll\u00e4 Espanjassa yht\u00e4\u00e4n ylim\u00e4\u00e4r\u00e4ist\u00e4 tavaraa miss\u00e4\u00e4n kellarivarastoissa. Se on puhdistavaa. Kuva:\u00a0Ivan Bessedin<\/p>\n<p class=\"article-body mb-nof-24 px-nof-16\">L\u00e4hes kahden vuoden aikana Ramsay on p\u00e4\u00e4ssyt n\u00e4kem\u00e4\u00e4n my\u00f6s Espanjan nurjat puolet.<\/p>\n<p class=\"article-body mb-nof-24 px-nof-16\">\u2013 Eniten minua harmittaa, ett\u00e4 v\u00e4lill\u00e4 on vaikea luottaa ihmisiin. Ei edes muihin suomalaisiin. T\u00e4\u00e4ll\u00e4 on hyvin erilainen k\u00e4sitys rehellisyydest\u00e4. Olen oppinut, etten voi olla sinisilm\u00e4inen suomalainen.<\/p>\n<p class=\"article-body mb-nof-24 px-nof-16\">Suomessa Ramsay on pyrkinyt k\u00e4ym\u00e4\u00e4n jouluisin ja kes\u00e4isin, mutta t\u00e4n\u00e4 vuonna h\u00e4n on k\u00e4ynyt useamman kerran my\u00f6s kev\u00e4\u00e4n aikana. Ramsay el\u00e4\u00e4 parisuhteessa Syke-sarjastakin tutun n\u00e4yttelij\u00e4 <a class=\"article-personlink\" href=\"https:\/\/www.is.fi\/haku\/?query=Antti%20Luusaniemen\" rel=\"nofollow noopener\" target=\"_blank\">Antti Luusaniemen<\/a> kanssa. Pariskunta el\u00e4\u00e4 et\u00e4suhteessa, sill\u00e4 Antilla on koti Suomessa.<\/p>\n<p class=\"article-body mb-nof-24 px-nof-16\">\u2013 Et\u00e4suhde-el\u00e4m\u00e4 on sujunut kohdallamme ihan t\u00e4ydellisesti. Teemme molemmat tosi paljon t\u00f6it\u00e4, niin se on hyv\u00e4, ett\u00e4 pystymme jaksottamaan omaa tekemist\u00e4. Yleens\u00e4 teen enemm\u00e4n t\u00f6it\u00e4, kun Antti ei ole t\u00e4\u00e4ll\u00e4 ja kun h\u00e4n tulee t\u00e4nne, niin otan rennommin. Minusta on hyv\u00e4, ett\u00e4 meill\u00e4 on omat el\u00e4m\u00e4t ja sitten yhteinen el\u00e4m\u00e4. Olen onnekas, ett\u00e4 Antti on matkustanut luokseni tosi usein. H\u00e4n k\u00e4y enemm\u00e4n t\u00e4\u00e4ll\u00e4 kuin min\u00e4 Suomessa.<\/p>\n<p><img decoding=\"async\" src=\"https:\/\/www.europesays.com\/fi\/wp-content\/uploads\/2025\/12\/1765687513_733_978.jpg\" alt=\"Lyhyess\u00e4 ajassa Ramsay on oppinut my\u00f6s espanjan kielen. \u2013Alkuun k\u00e4vin ryhm\u00e4opetuksessa, mutta nyt minulla on ollut pidemm\u00e4n aikaa k\u00e4yt\u00f6ss\u00e4 henkil\u00f6 kohtainen opettaja, joka on opettanut minulle espanjaa kaksi kertaa viikossa. Olen jo myynyt asuntoja espanjaksi, h\u00e4n kertoo.\" class=\"_Img_1rerz_1\" style=\"aspect-ratio:0.75\" loading=\"eager\"\/><\/p>\n<p class=\"article-picture-caption\">Lyhyess\u00e4 ajassa Ramsay on oppinut my\u00f6s espanjan kielen. \u2013Alkuun k\u00e4vin ryhm\u00e4opetuksessa, mutta nyt minulla on ollut pidemm\u00e4n aikaa k\u00e4yt\u00f6ss\u00e4 henkil\u00f6 kohtainen opettaja, joka on opettanut minulle espanjaa kaksi kertaa viikossa. Olen jo myynyt asuntoja espanjaksi, h\u00e4n kertoo. Kuva:\u00a0Eveliina Gutierre<\/p>\n<p class=\"article-body mb-nof-24 px-nof-16\">T\u00e4ll\u00e4 hetkell\u00e4 Ramsay ei suunnittele muuttoa takaisin Suomeen.<\/p>\n<p class=\"article-body mb-nof-24 px-nof-16\">\u2013 Tuskin tulen koko el\u00e4m\u00e4\u00e4ni asumaan Espanjassa, mutta en n\u00e4e, ett\u00e4 haluaisin asua talvia Suomessa. Kun kerran olen myynyt kaikki tavarani sek\u00e4 opiskellut uuden kielen ja bisneksen, olen tiedostanut koko ajan, ett\u00e4 t\u00e4m\u00e4 on aika pysyv\u00e4 ratkaisu, Ramsay toteaa.<\/p>\n","protected":false},"excerpt":{"rendered":"Anne Ramsay kertoo, ett\u00e4 Espanjassa vuokra-asunnot ovat kalliita, mutta kiinteist\u00f6nv\u00e4litt\u00e4j\u00e4t tienaavat enemm\u00e4n. Remppa vai muutto Suomi -ohjelmasta tutuksi&hellip;\n","protected":false},"author":2,"featured_media":115863,"comment_status":"","ping_status":"","sticky":false,"template":"","format":"standard","meta":{"footnotes":""},"categories":[136],"tags":[407,137,33,31,30,34,408,32,109],"class_list":{"0":"post-115862","1":"post","2":"type-post","3":"status-publish","4":"format-standard","5":"has-post-thumbnail","7":"category-julkkikset","8":"tag-celebrities","9":"tag-entertainment","10":"tag-fi","11":"tag-finland","12":"tag-finnish","13":"tag-ilta-sanomat","14":"tag-julkkikset","15":"tag-suomi","16":"tag-viihde"},"share_on_mastodon":{"url":"https:\/\/pubeurope.com\/@fi\/115716104188537577","error":""},"_links":{"self":[{"href":"https:\/\/www.europesays.com\/fi\/wp-json\/wp\/v2\/posts\/115862","targetHints":{"allow":["GET"]}}],"collection":[{"href":"https:\/\/www.europesays.com\/fi\/wp-json\/wp\/v2\/posts"}],"about":[{"href":"https:\/\/www.europesays.com\/fi\/wp-json\/wp\/v2\/types\/post"}],"author":[{"embeddable":true,"href":"https:\/\/www.europesays.com\/fi\/wp-json\/wp\/v2\/users\/2"}],"replies":[{"embeddable":true,"href":"https:\/\/www.europesays.com\/fi\/wp-json\/wp\/v2\/comments?post=115862"}],"version-history":[{"count":0,"href":"https:\/\/www.europesays.com\/fi\/wp-json\/wp\/v2\/posts\/115862\/revisions"}],"wp:featuredmedia":[{"embeddable":true,"href":"https:\/\/www.europesays.com\/fi\/wp-json\/wp\/v2\/media\/115863"}],"wp:attachment":[{"href":"https:\/\/www.europesays.com\/fi\/wp-json\/wp\/v2\/media?parent=115862"}],"wp:term":[{"taxonomy":"category","embeddable":true,"href":"https:\/\/www.europesays.com\/fi\/wp-json\/wp\/v2\/categories?post=115862"},{"taxonomy":"post_tag","embeddable":true,"href":"https:\/\/www.europesays.com\/fi\/wp-json\/wp\/v2\/tags?post=115862"}],"curies":[{"name":"wp","href":"https:\/\/api.w.org\/{rel}","templated":true}]}}