{"id":115864,"date":"2025-12-14T04:52:08","date_gmt":"2025-12-14T04:52:08","guid":{"rendered":"https:\/\/www.europesays.com\/fi\/115864\/"},"modified":"2025-12-14T04:52:08","modified_gmt":"2025-12-14T04:52:08","slug":"jaakiekko-hifklle-yllatystappio-konkarihyokkaaja-loukkaantui-hs-fi","status":"publish","type":"post","link":"https:\/\/www.europesays.com\/fi\/115864\/","title":{"rendered":"J\u00e4\u00e4kiekko | HIFK:lle yll\u00e4tystappio \u2013 konkarihy\u00f6kk\u00e4\u00e4j\u00e4 loukkaantui &#8211; HS.fi"},"content":{"rendered":"<ol>\n<li><a href=\"https:\/\/news.google.com\/rss\/articles\/CBMiXEFVX3lxTE1CZVdncnJacVh5SkZyTFZneWpUdU1ySjE5dVNOX3B5S0FoVWpxQnp3Z0pSbHprU0lheEtqSmZaZnBDVGdwd1UyUFh3M1FnbE12ZTJMdnlWODEtbGxn?oc=5\" target=\"_blank\" rel=\"nofollow noopener\">J\u00e4\u00e4kiekko | HIFK:lle yll\u00e4tystappio \u2013 konkarihy\u00f6kk\u00e4\u00e4j\u00e4 loukkaantui<\/a>&nbsp;&nbsp;HS.fi<\/li>\n<li><a href=\"https:\/\/news.google.com\/rss\/articles\/CBMigAFBVV95cUxQS3NqeFV5c1c0UkE3a2wzaEV5NC1sWTUwSjRYUnB5UkZ0a0NJUWRIN1pEcXpRQ0Vabk5LLWtOd0w0ZlV5NlMtSXVLWF9CZ04wTVNJZG9FMlJuX2ZoWVJvV3RELUVUdWV2TG96akgtTVBJdnE3V1hEdmZHbDVzeE5JZA?oc=5\" target=\"_blank\" rel=\"nofollow noopener\">HIFK erikoisessa tilanteessa \u2013 Viimeksi kauden alkaessa<\/a>&nbsp;&nbsp;Iltalehti<\/li>\n<li><a href=\"https:\/\/news.google.com\/rss\/articles\/CBMiSkFVX3lxTE9IOXNEeE5PcVRZeUpYMFlNOWQ3cFhrempmZTFCWUJkb2c4RVluQ2ZaYlhSTnppUWtLY2xEdFAzbWNLOWVlUnZFeHR3?oc=5\" target=\"_blank\" rel=\"nofollow noopener\">Sport l\u00f6i HIFK:n nurin viimeisell\u00e4 sekunnilla \u2013 Jokinen: &#8221;Luokatonta suoritusta&#8221;<\/a>&nbsp;&nbsp;Etel\u00e4-Suomen Sanomat<\/li>\n<li><a href=\"https:\/\/news.google.com\/rss\/articles\/CBMiogFBVV95cUxQcXhMSWVfaDVkS3VOTGJScFIyc0FRZkk1YWY3TWFXVnBlNjZmbDh1ckZXN0FNa3Ytck51R2pleDhjRnVGT210enNDNF9zUFM2bHZSLUstVTFUelJsUHptMWhKeG1HTGpMMWgzVU5LRXpNY1pQSWZjZU1tQ1FZTEU5UTlKLVM0LXNXTnhIWWFuMEN4VjRib0gtbG8wVDdtaXNkWmc?oc=5\" target=\"_blank\" rel=\"nofollow noopener\">Otteluennakko: Huippuvireinen HIFK t\u00e4n\u00e4\u00e4n Vaasassa<\/a>&nbsp;&nbsp;Vaasan Sport<\/li>\n<li><a href=\"https:\/\/news.google.com\/rss\/articles\/CBMi_gFBVV95cUxNN285aVdQb1hQTjdXdlFfMXhmSUlOeU5lNVhEUENCazFNZkNFXzNLYnZseTd3Y21Jd1k1Y3RCSGtJX0hGMGNDUEphYWs1SjVuUEM4SmZQdEF1bU1zMEVxQ0MyMWtabnJXaDJNYV9DS20wSmpsLURmMWt5VHFuZTJQeFAzTU5SNTBGbHBwNVE5UHJheE9vSUNZQW9lZ2FGSDRzWlVsb2pqZTFHYnZZTnJieGl2bmZZNDF1em9UMEpackU0YU5BZElWMG5pWWdRQkV0OG05WGFmUEprMG1iRXFLM2Y4Q1o4aFIxMFdhZ05iZTR6R2g1N04xdHFwcEFwZw?oc=5\" target=\"_blank\" rel=\"nofollow noopener\">SaiPa oli pelannut kaikkia vastaan jo marraskuun alussa \u2013 Sportilla ja HIFK:lla sama tapahtuu vasta t\u00e4n\u00e4\u00e4n<\/a>&nbsp;&nbsp;Jatkoaika.com<\/li>\n<\/ol>\n","protected":false},"excerpt":{"rendered":"J\u00e4\u00e4kiekko | HIFK:lle yll\u00e4tystappio \u2013 konkarihy\u00f6kk\u00e4\u00e4j\u00e4 loukkaantui&nbsp;&nbsp;HS.fi HIFK erikoisessa tilanteessa \u2013 Viimeksi kauden alkaessa&nbsp;&nbsp;Iltalehti Sport l\u00f6i HIFK:n nurin&hellip;\n","protected":false},"author":2,"featured_media":115865,"comment_status":"","ping_status":"","sticky":false,"template":"","format":"standard","meta":{"footnotes":""},"categories":[158],"tags":[33,31,30,46,159,32,160],"class_list":{"0":"post-115864","1":"post","2":"type-post","3":"status-publish","4":"format-standard","5":"has-post-thumbnail","7":"category-urheilu","8":"tag-fi","9":"tag-finland","10":"tag-finnish","11":"tag-helsingin-sanomat","12":"tag-sports","13":"tag-suomi","14":"tag-urheilu"},"share_on_mastodon":{"url":"https:\/\/pubeurope.com\/@fi\/115716131733363400","error":""},"_links":{"self":[{"href":"https:\/\/www.europesays.com\/fi\/wp-json\/wp\/v2\/posts\/115864","targetHints":{"allow":["GET"]}}],"collection":[{"href":"https:\/\/www.europesays.com\/fi\/wp-json\/wp\/v2\/posts"}],"about":[{"href":"https:\/\/www.europesays.com\/fi\/wp-json\/wp\/v2\/types\/post"}],"author":[{"embeddable":true,"href":"https:\/\/www.europesays.com\/fi\/wp-json\/wp\/v2\/users\/2"}],"replies":[{"embeddable":true,"href":"https:\/\/www.europesays.com\/fi\/wp-json\/wp\/v2\/comments?post=115864"}],"version-history":[{"count":0,"href":"https:\/\/www.europesays.com\/fi\/wp-json\/wp\/v2\/posts\/115864\/revisions"}],"wp:featuredmedia":[{"embeddable":true,"href":"https:\/\/www.europesays.com\/fi\/wp-json\/wp\/v2\/media\/115865"}],"wp:attachment":[{"href":"https:\/\/www.europesays.com\/fi\/wp-json\/wp\/v2\/media?parent=115864"}],"wp:term":[{"taxonomy":"category","embeddable":true,"href":"https:\/\/www.europesays.com\/fi\/wp-json\/wp\/v2\/categories?post=115864"},{"taxonomy":"post_tag","embeddable":true,"href":"https:\/\/www.europesays.com\/fi\/wp-json\/wp\/v2\/tags?post=115864"}],"curies":[{"name":"wp","href":"https:\/\/api.w.org\/{rel}","templated":true}]}}